{"id":129352,"date":"2024-03-16T10:43:48","date_gmt":"2024-03-16T13:43:48","guid":{"rendered":"https:\/\/www.elsindical.com.ar\/notas\/?p=129352"},"modified":"2024-03-16T10:43:55","modified_gmt":"2024-03-16T13:43:55","slug":"los-sindicatos-de-pilotos-y-aeronavegantes-no-trabajaran-en-el-comienzo-de-la-semana-santa","status":"publish","type":"post","link":"https:\/\/www.elsindical.com.ar\/notas\/los-sindicatos-de-pilotos-y-aeronavegantes-no-trabajaran-en-el-comienzo-de-la-semana-santa\/","title":{"rendered":"Los sindicatos de pilotos y aeronavegantes no trabajar\u00e1n en el comienzo de la Semana Santa"},"content":{"rendered":"<div class=\"wp-block-image\">\n<figure class=\"aligncenter size-full\"><a href=\"https:\/\/www.elsindical.com.ar\/notas\/var\/www\/html\/notas\/wp-content\/uploads\/2011\/08\/logo-APLA.jpg\"><img loading=\"lazy\" decoding=\"async\" width=\"591\" height=\"94\" src=\"https:\/\/www.elsindical.com.ar\/notas\/var\/www\/html\/notas\/wp-content\/uploads\/2011\/08\/logo-APLA.jpg\" alt=\"\" class=\"wp-image-16433\" srcset=\"https:\/\/www.elsindical.com.ar\/notas\/var\/www\/html\/notas\/wp-content\/uploads\/2011\/08\/logo-APLA.jpg 591w, https:\/\/www.elsindical.com.ar\/notas\/var\/www\/html\/notas\/wp-content\/uploads\/2011\/08\/logo-APLA-300x47.jpg 300w\" sizes=\"auto, (max-width: 591px) 100vw, 591px\" \/><\/a><\/figure>\n<\/div>\n\n\n<p>La media de fuerza se llevar\u00e1 adelante el 28 y 29 de marzo. Tiene como objetivo reclamar por condiciones laborales y salariales.<\/p>\n\n\n\n<p>La Asociaci\u00f3n de Pilotos de L\u00edneas A\u00e9reas (APLA)<strong> anunci\u00f3 hoy un paro de actividades por 48 horas que comenzar\u00e1 el pr\u00f3ximo jueves 28 de marzo, en el inicio del fin de semana largo de Semana Santa.\u00a0<\/strong><\/p>\n\n\n\n<p>\u201cAnte la falta de respuestas de los funcionarios del gobierno y de las autoridades de la empresa a nuestros reiterados reclamos por el atraso salarial que ya supera el 83%, hemos decidido<strong> un Paro Total de Actividades por 48 horas a partir de las 00 hs del d\u00eda jueves 28 de marzo\u201d, manifest\u00f3 APLA a trav\u00e9s de un comunicado de prensa.&nbsp;<\/strong><\/p>\n\n\n\n<p>Por su parte, la Asociaci\u00f3n Argentina de Aeronavegantes, que encabeza Juan Pablo Brey, denunci\u00f3 el &nbsp;\u201cestancamiento absoluto de las negociaciones con el Gobierno por la ya impostergable recomposici\u00f3n salarial\u201d.<\/p>\n\n\n\n<p><strong>\u201cLos Tripulantes de Cabina debemos enfrentar unidos y con determinaci\u00f3n esta lucha por nuestros ingresos, que ya no admiten m\u00e1s deterioro ni demora<\/strong>\u201d, manifestaron desde el gremio tras una asamblea en Aeroparque.&nbsp;<\/p>\n\n\n\n<p>De esta manera,<strong> el cese de actividades por parte de los dos sindicatos afectar\u00e1 a los pasajeros durante los vuelos del Jueves Santo y Viernes Santo.<\/strong><\/p>\n\n\n\n<p>El mi\u00e9rcoles pasado, el gremio de Aeronavegantes que lidera Brey se hab\u00eda declarado en \u201cestado de alerta y movilizaci\u00f3n\u201d y advirti\u00f3 que iba a tomar medidas de fuerza \u201cde manera inminente\u201d.<\/p>\n","protected":false},"excerpt":{"rendered":"<p>La media de fuerza se llevar\u00e1 adelante el 28 y 29 de marzo. Tiene como objetivo reclamar por condiciones laborales y salariales. La Asociaci\u00f3n de Pilotos de L\u00edneas A\u00e9reas (APLA) anunci\u00f3 hoy un paro de actividades por 48 horas que comenzar\u00e1 el pr\u00f3ximo jueves 28 de marzo, en el inicio del fin de semana largo&hellip;<\/p>\n","protected":false},"author":1,"featured_media":16433,"comment_status":"open","ping_status":"open","sticky":false,"template":"","format":"standard","meta":{"footnotes":""},"categories":[16],"tags":[8001,2450,67,42510,14545,1095],"class_list":["post-129352","post","type-post","status-publish","format-standard","has-post-thumbnail","hentry","category-gremiales","tag-apla","tag-diario-el-sindical","tag-paro","tag-pilotos-y-aeronavegantes","tag-semana-santa","tag-sindicatos"],"_links":{"self":[{"href":"https:\/\/www.elsindical.com.ar\/notas\/wp-json\/wp\/v2\/posts\/129352","targetHints":{"allow":["GET"]}}],"collection":[{"href":"https:\/\/www.elsindical.com.ar\/notas\/wp-json\/wp\/v2\/posts"}],"about":[{"href":"https:\/\/www.elsindical.com.ar\/notas\/wp-json\/wp\/v2\/types\/post"}],"author":[{"embeddable":true,"href":"https:\/\/www.elsindical.com.ar\/notas\/wp-json\/wp\/v2\/users\/1"}],"replies":[{"embeddable":true,"href":"https:\/\/www.elsindical.com.ar\/notas\/wp-json\/wp\/v2\/comments?post=129352"}],"version-history":[{"count":1,"href":"https:\/\/www.elsindical.com.ar\/notas\/wp-json\/wp\/v2\/posts\/129352\/revisions"}],"predecessor-version":[{"id":129353,"href":"https:\/\/www.elsindical.com.ar\/notas\/wp-json\/wp\/v2\/posts\/129352\/revisions\/129353"}],"wp:featuredmedia":[{"embeddable":true,"href":"https:\/\/www.elsindical.com.ar\/notas\/wp-json\/wp\/v2\/media\/16433"}],"wp:attachment":[{"href":"https:\/\/www.elsindical.com.ar\/notas\/wp-json\/wp\/v2\/media?parent=129352"}],"wp:term":[{"taxonomy":"category","embeddable":true,"href":"https:\/\/www.elsindical.com.ar\/notas\/wp-json\/wp\/v2\/categories?post=129352"},{"taxonomy":"post_tag","embeddable":true,"href":"https:\/\/www.elsindical.com.ar\/notas\/wp-json\/wp\/v2\/tags?post=129352"}],"curies":[{"name":"wp","href":"https:\/\/api.w.org\/{rel}","templated":true}]}}