{"id":129295,"date":"2024-03-13T12:52:51","date_gmt":"2024-03-13T15:52:51","guid":{"rendered":"https:\/\/www.elsindical.com.ar\/notas\/?p=129295"},"modified":"2024-03-13T12:53:04","modified_gmt":"2024-03-13T15:53:04","slug":"lanus-impulsa-un-censo-obligatorio-de-caballos","status":"publish","type":"post","link":"https:\/\/www.elsindical.com.ar\/notas\/lanus-impulsa-un-censo-obligatorio-de-caballos\/","title":{"rendered":"Lan\u00fas impulsa un censo obligatorio de caballos"},"content":{"rendered":"<div class=\"wp-block-image\">\n<figure class=\"aligncenter size-full\"><a href=\"https:\/\/www.elsindical.com.ar\/notas\/var\/www\/html\/notas\/wp-content\/uploads\/2024\/03\/caballos-generico.jpg\"><img loading=\"lazy\" decoding=\"async\" width=\"760\" height=\"490\" src=\"https:\/\/www.elsindical.com.ar\/notas\/var\/www\/html\/notas\/wp-content\/uploads\/2024\/03\/caballos-generico.jpg\" alt=\"\" class=\"wp-image-129296\" srcset=\"https:\/\/www.elsindical.com.ar\/notas\/var\/www\/html\/notas\/wp-content\/uploads\/2024\/03\/caballos-generico.jpg 760w, https:\/\/www.elsindical.com.ar\/notas\/var\/www\/html\/notas\/wp-content\/uploads\/2024\/03\/caballos-generico-300x193.jpg 300w, https:\/\/www.elsindical.com.ar\/notas\/var\/www\/html\/notas\/wp-content\/uploads\/2024\/03\/caballos-generico-465x300.jpg 465w\" sizes=\"auto, (max-width: 760px) 100vw, 760px\" \/><\/a><\/figure>\n<\/div>\n\n\n<p class=\"wp-block-paragraph\">El censo de caballos en Lan\u00fas obedece a la prohibici\u00f3n de la tracci\u00f3n a sangre que rige en el distrito.<\/p>\n\n\n\n<p class=\"wp-block-paragraph\"><strong>El Municipio de Lan\u00fas impulsa un censo obligatorio de caballos en el distrito<\/strong>, en el marco de la prohibici\u00f3n de la tracci\u00f3n a sangre en el distrito.<\/p>\n\n\n\n<p class=\"wp-block-paragraph\">El censo es \u201cen cumplimiento de la ordenanza 113693\/2023 que <strong>proh\u00edbe la tracci\u00f3n a sangre<\/strong>\u201d, informaron las autoridades.<\/p>\n\n\n\n<p class=\"wp-block-paragraph\"><strong>Los propietarios de equinos deben presentarse con DNI y libreta sanitaria del animal<\/strong> el 15 de marzo en la Cl\u00ednica Veterinaria Municipal de Lan\u00fas \u201cZoonosis\u201d, ubicada en Pit\u00e1goras 4.400 de Monte Chingolo, de 9 a 17.<\/p>\n\n\n\n<p class=\"wp-block-paragraph\">Tambi\u00e9n pueden hacer el 18 en la Cooperativa Cart\u00f3n y Justicia, ubicada en Carlos Pellegrini 5000 de Valent\u00edn Alsina, de 9 a 17.<\/p>\n\n\n\n<p class=\"wp-block-paragraph\"><strong>Lan\u00fas no es el \u00fanico distrito de la zona sur del Conurbano en prohibir la tracci\u00f3n a sangre<\/strong>.&nbsp;Avellaneda tambi\u00e9n prohibi\u00f3 el uso de caballos para este tipo de actividad y Lomas de Zamora ha entregado motocarros a los recicladores urbanos para evitar el uso de equinos.<\/p>\n","protected":false},"excerpt":{"rendered":"<p>El censo de caballos en Lan\u00fas obedece a la prohibici\u00f3n de la tracci\u00f3n a sangre que rige en el distrito. El Municipio de Lan\u00fas impulsa un censo obligatorio de caballos en el distrito, en el marco de la prohibici\u00f3n de la tracci\u00f3n a sangre en el distrito. El censo es \u201cen cumplimiento de la ordenanza&hellip;<\/p>\n","protected":false},"author":1,"featured_media":129296,"comment_status":"open","ping_status":"open","sticky":false,"template":"","format":"standard","meta":{"footnotes":""},"categories":[13],"tags":[42491,2450,209,40410,16250],"class_list":["post-129295","post","type-post","status-publish","format-standard","has-post-thumbnail","hentry","category-politica","tag-censo-de-caballos","tag-diario-el-sindical","tag-lanus","tag-prohibicion-traccion-a-sangre","tag-zoonosis"],"_links":{"self":[{"href":"https:\/\/www.elsindical.com.ar\/notas\/wp-json\/wp\/v2\/posts\/129295","targetHints":{"allow":["GET"]}}],"collection":[{"href":"https:\/\/www.elsindical.com.ar\/notas\/wp-json\/wp\/v2\/posts"}],"about":[{"href":"https:\/\/www.elsindical.com.ar\/notas\/wp-json\/wp\/v2\/types\/post"}],"author":[{"embeddable":true,"href":"https:\/\/www.elsindical.com.ar\/notas\/wp-json\/wp\/v2\/users\/1"}],"replies":[{"embeddable":true,"href":"https:\/\/www.elsindical.com.ar\/notas\/wp-json\/wp\/v2\/comments?post=129295"}],"version-history":[{"count":1,"href":"https:\/\/www.elsindical.com.ar\/notas\/wp-json\/wp\/v2\/posts\/129295\/revisions"}],"predecessor-version":[{"id":129297,"href":"https:\/\/www.elsindical.com.ar\/notas\/wp-json\/wp\/v2\/posts\/129295\/revisions\/129297"}],"wp:featuredmedia":[{"embeddable":true,"href":"https:\/\/www.elsindical.com.ar\/notas\/wp-json\/wp\/v2\/media\/129296"}],"wp:attachment":[{"href":"https:\/\/www.elsindical.com.ar\/notas\/wp-json\/wp\/v2\/media?parent=129295"}],"wp:term":[{"taxonomy":"category","embeddable":true,"href":"https:\/\/www.elsindical.com.ar\/notas\/wp-json\/wp\/v2\/categories?post=129295"},{"taxonomy":"post_tag","embeddable":true,"href":"https:\/\/www.elsindical.com.ar\/notas\/wp-json\/wp\/v2\/tags?post=129295"}],"curies":[{"name":"wp","href":"https:\/\/api.w.org\/{rel}","templated":true}]}}