{"id":129285,"date":"2024-03-13T00:41:31","date_gmt":"2024-03-13T03:41:31","guid":{"rendered":"https:\/\/www.elsindical.com.ar\/notas\/?p=129285"},"modified":"2024-03-13T00:41:37","modified_gmt":"2024-03-13T03:41:37","slug":"para-no-ser-pobre-una-familia-necesita-690-000-y-para-no-ser-indigente-322-000","status":"publish","type":"post","link":"https:\/\/www.elsindical.com.ar\/notas\/para-no-ser-pobre-una-familia-necesita-690-000-y-para-no-ser-indigente-322-000\/","title":{"rendered":"Para no ser pobre, una familia necesita $690.000 y para no ser indigente $322.000"},"content":{"rendered":"\n<figure class=\"wp-block-image size-full\"><a href=\"https:\/\/www.elsindical.com.ar\/notas\/var\/www\/html\/notas\/wp-content\/uploads\/2024\/03\/billetes-de-2000-pesos.jpg\"><img loading=\"lazy\" decoding=\"async\" width=\"800\" height=\"450\" src=\"https:\/\/www.elsindical.com.ar\/notas\/var\/www\/html\/notas\/wp-content\/uploads\/2024\/03\/billetes-de-2000-pesos.jpg\" alt=\"\" class=\"wp-image-129286\" srcset=\"https:\/\/www.elsindical.com.ar\/notas\/var\/www\/html\/notas\/wp-content\/uploads\/2024\/03\/billetes-de-2000-pesos.jpg 800w, https:\/\/www.elsindical.com.ar\/notas\/var\/www\/html\/notas\/wp-content\/uploads\/2024\/03\/billetes-de-2000-pesos-300x169.jpg 300w, https:\/\/www.elsindical.com.ar\/notas\/var\/www\/html\/notas\/wp-content\/uploads\/2024\/03\/billetes-de-2000-pesos-768x432.jpg 768w, https:\/\/www.elsindical.com.ar\/notas\/var\/www\/html\/notas\/wp-content\/uploads\/2024\/03\/billetes-de-2000-pesos-500x281.jpg 500w, https:\/\/www.elsindical.com.ar\/notas\/var\/www\/html\/notas\/wp-content\/uploads\/2024\/03\/billetes-de-2000-pesos-460x260.jpg 460w\" sizes=\"auto, (max-width: 800px) 100vw, 800px\" \/><\/a><\/figure>\n\n\n\n<p>Esto lo arroj\u00f3 el estudio de la Canasta B\u00e1sica Total del INDEC, en el que indica lo que debe gastar una familia para cubrir sus necesidades.<\/p>\n\n\n\n<p>El Instituto Nacional de Estad\u00edstica y Censos (INDEC), indic\u00f3 que el valor de una Canasta B\u00e1sica Total (CBT) lleg\u00f3 en febrero\u00a0<strong>a $690.902, tras aumentar 15,8% en relaci\u00f3n a enero.<\/strong> Esto represent\u00f3 <strong>2,8 puntos por encima de la inflaci\u00f3n general en el primer bimestre del a\u00f1o.\u00a0<\/strong><\/p>\n\n\n\n<p>Este estudio mide el total de gastos que debe hacer una familia tipo para cubrir el 100% de sus necesidades b\u00e1sicas durante un mes. Por lo tanto,<strong>&nbsp;los hogares con ingresos inferiores a una CBT son t\u00e9cnicamente considerados pobres.<\/strong> En tanto, la inflaci\u00f3n en febrero fue del 13,2% y acumul\u00f3 276,2% en los \u00faltimos 12 meses.<\/p>\n\n\n\n<p>A su vez,<strong> el organismo present\u00f3 la actualizaci\u00f3n de la Canasta B\u00e1sica Alimentaria (CBA)<\/strong>, estudio que mide el total de gastos que debe hacer una familia <strong>para cubrir \u00fanicamente sus necesidades alimenticias.&nbsp;<\/strong><\/p>\n\n\n\n<p>En este caso,<strong>&nbsp;la CBA ascendi\u00f3 a $322.851 y las familias con ingresos inferiores a ese monto pasaron a ser consideradas \u201cindigentes\u201d.<\/strong><\/p>\n\n\n\n<p>De acuerdo con la medici\u00f3n, la CBT cerr\u00f3 el primer bimestre con una suba del 39,4% (2,8 puntos por encima de la inflaci\u00f3n), mientras que la CBA registr\u00f3 un incremento del 34,1% (2,5 puntos por debajo del IPC general).<\/p>\n","protected":false},"excerpt":{"rendered":"<p>Esto lo arroj\u00f3 el estudio de la Canasta B\u00e1sica Total del INDEC, en el que indica lo que debe gastar una familia para cubrir sus necesidades. El Instituto Nacional de Estad\u00edstica y Censos (INDEC), indic\u00f3 que el valor de una Canasta B\u00e1sica Total (CBT) lleg\u00f3 en febrero\u00a0a $690.902, tras aumentar 15,8% en relaci\u00f3n a enero.&hellip;<\/p>\n","protected":false},"author":1,"featured_media":129286,"comment_status":"open","ping_status":"open","sticky":false,"template":"","format":"standard","meta":{"footnotes":""},"categories":[9],"tags":[3661,25589,2450,2200,8280,1799,12356],"class_list":["post-129285","post","type-post","status-publish","format-standard","has-post-thumbnail","hentry","category-economia","tag-cba","tag-cbt","tag-diario-el-sindical","tag-indec","tag-indigencia","tag-inflacion","tag-pobreza"],"_links":{"self":[{"href":"https:\/\/www.elsindical.com.ar\/notas\/wp-json\/wp\/v2\/posts\/129285","targetHints":{"allow":["GET"]}}],"collection":[{"href":"https:\/\/www.elsindical.com.ar\/notas\/wp-json\/wp\/v2\/posts"}],"about":[{"href":"https:\/\/www.elsindical.com.ar\/notas\/wp-json\/wp\/v2\/types\/post"}],"author":[{"embeddable":true,"href":"https:\/\/www.elsindical.com.ar\/notas\/wp-json\/wp\/v2\/users\/1"}],"replies":[{"embeddable":true,"href":"https:\/\/www.elsindical.com.ar\/notas\/wp-json\/wp\/v2\/comments?post=129285"}],"version-history":[{"count":1,"href":"https:\/\/www.elsindical.com.ar\/notas\/wp-json\/wp\/v2\/posts\/129285\/revisions"}],"predecessor-version":[{"id":129287,"href":"https:\/\/www.elsindical.com.ar\/notas\/wp-json\/wp\/v2\/posts\/129285\/revisions\/129287"}],"wp:featuredmedia":[{"embeddable":true,"href":"https:\/\/www.elsindical.com.ar\/notas\/wp-json\/wp\/v2\/media\/129286"}],"wp:attachment":[{"href":"https:\/\/www.elsindical.com.ar\/notas\/wp-json\/wp\/v2\/media?parent=129285"}],"wp:term":[{"taxonomy":"category","embeddable":true,"href":"https:\/\/www.elsindical.com.ar\/notas\/wp-json\/wp\/v2\/categories?post=129285"},{"taxonomy":"post_tag","embeddable":true,"href":"https:\/\/www.elsindical.com.ar\/notas\/wp-json\/wp\/v2\/tags?post=129285"}],"curies":[{"name":"wp","href":"https:\/\/api.w.org\/{rel}","templated":true}]}}