{"id":129280,"date":"2024-03-12T20:26:11","date_gmt":"2024-03-12T23:26:11","guid":{"rendered":"https:\/\/www.elsindical.com.ar\/notas\/?p=129280"},"modified":"2024-03-12T20:26:19","modified_gmt":"2024-03-12T23:26:19","slug":"misiones-detencion-de-imputado-en-homicidio-en-ocasion-de-robo-de-jennifer-campos","status":"publish","type":"post","link":"https:\/\/www.elsindical.com.ar\/notas\/misiones-detencion-de-imputado-en-homicidio-en-ocasion-de-robo-de-jennifer-campos\/","title":{"rendered":"Misiones: Detenci\u00f3n de imputado en homicidio en ocasi\u00f3n de robo de Jennifer Campos"},"content":{"rendered":"<div class=\"wp-block-image\">\n<figure class=\"aligncenter size-full\"><a href=\"https:\/\/www.elsindical.com.ar\/notas\/var\/www\/html\/notas\/wp-content\/uploads\/2024\/03\/Misiones-dete-hom-DDI-La-Matanza.jpg\"><img loading=\"lazy\" decoding=\"async\" width=\"750\" height=\"416\" src=\"https:\/\/www.elsindical.com.ar\/notas\/var\/www\/html\/notas\/wp-content\/uploads\/2024\/03\/Misiones-dete-hom-DDI-La-Matanza.jpg\" alt=\"\" class=\"wp-image-129281\" srcset=\"https:\/\/www.elsindical.com.ar\/notas\/var\/www\/html\/notas\/wp-content\/uploads\/2024\/03\/Misiones-dete-hom-DDI-La-Matanza.jpg 750w, https:\/\/www.elsindical.com.ar\/notas\/var\/www\/html\/notas\/wp-content\/uploads\/2024\/03\/Misiones-dete-hom-DDI-La-Matanza-300x166.jpg 300w, https:\/\/www.elsindical.com.ar\/notas\/var\/www\/html\/notas\/wp-content\/uploads\/2024\/03\/Misiones-dete-hom-DDI-La-Matanza-500x277.jpg 500w\" sizes=\"auto, (max-width: 750px) 100vw, 750px\" \/><\/a><\/figure>\n<\/div>\n\n\n<p>   Detectives de la Polic\u00eda de la provincia de Buenos Aires, detuvieron en la provincia de Misiones a uno de los imputados en el robo y homicidio de la menor de 13 a\u00f1os Jennifer Campos, ocurrido en la localidad de Virrey del Pino, partido de La Matanza.<\/p>\n\n\n\n<p>Los polic\u00edas viajaron luego de tareas de inteligencia y en la provincia debieron realizar varias tareas de campo, contando con la colaboraci\u00f3n de la Polic\u00eda de Misiones, la Prefectura Naval Argentina y la Polic\u00eda de Paraguay, para poder as\u00ed detener al sujeto que ya contaba con pedido de captura nacional e internacional.<\/p>\n\n\n\n<p>El resumen policial;<\/p>\n\n\n\n<p>En fecha del 18ENE24 en calles Concordia y Machado \u2013 Virrey del Pino \u2013 La Matanza dos masculinos armados irrumpen en finca y reducen a CAMPO RIOJA FRANZ (34) y RUTH CALLE LES\u00d1OS (38-) sustraen $150.000, apareciendo hija menor de edad de mencionados (13), interponi\u00e9ndose entre delincuentes y sus progenitores recibe disparo en t\u00f3rax falleciendo.<\/p>\n\n\n\n<p>Tras an\u00e1lisis de c\u00e1maras, se establece rodado involucrado autor\u00eda por parte de _FERNANDEZ SOSA JOS\u00c9 ARMANDO (a) Mimi y BEN\u00cdTEZ ATIENZA GERM\u00c1N SERGIO (a) Anteojito, allan\u00e1ndose sus dlios. donde se secuestra PEUGEOT 208 c\/PSA por Robo Agravado-UFIyJ 9 La Matanza.<br>En testimonios, familiares de Fern\u00e1ndez reconocen como autores a FERN\u00c1NDEZ SOSA y BEN\u00cdTEZ ATIENZA, quienes ya hab\u00edan intentado cometerle il\u00edcito a v\u00edctima en DIC2023 c\/info. aportada por testigo se identifica Mart\u00ednez L\u00f3pez Ram\u00f3n, siendo que este \u00faltimo luego del hecho el mismo se retira de su domicilio llev\u00e1ndose a toda su familia.<br>Geolocalizaci\u00f3n de antenas el d\u00eda de los hechos, ubican a Mart\u00ednez L\u00f3pez LDH, certific\u00e1ndose comunicaciones previas y posteriores al hecho con FERN\u00c1NDEZ SOSA, lo que no deja dudas de su participaci\u00f3n como ENTREGADOR, obteni\u00e9ndose Orden de Detenci\u00f3n y Captura Nacional e Internacional de Mart\u00ednez L\u00f3pez, inici\u00e1ndose la observaci\u00f3n judicial c\/DAJUDECO mod. \u201cescucha directa\u201d, determinando que se encuentra oculto en la ciudad de Puerto Rico Misiones.<\/p>\n\n\n\n<p>21FEB24, comisi\u00f3n DDI La Matanza en Pcia. Misiones realizan tareas junto a Polic\u00eda de Misiones, estableciendo que Mart\u00ednez L\u00f3pez hab\u00eda cruzado a Paraguay junto a esposa e hijos mediante pasos clandestinos. Se obtiene alerta roja de INTERPOL. C\/autorizaci\u00f3n pertinente, personal de la DDI La Matanza se constituye en Paraguay (loc. Puerto Triunfo) y c\/impactos de antenas, geolocalizaci\u00f3n del aparato y escuchas, junto a personal Polic\u00eda Nacional del Paraguay, se establece lugar de ocultamiento y que Mart\u00ednez L\u00f3pez se encontraba trabajando como BALSERO en los pasos clandestinos.<br>Si bien el pr\u00f3fugo cuenta c\/alerta roja de INTERPOL y captura nacional e internacional, en virtud de la pena de reclusi\u00f3n, en el pa\u00eds vecino no ser\u00eda viable la extradici\u00f3n en caso de detenerlo.<br>Atento a ello, tras ser ubicado el imputado y c\/info. que planeaba irse al norte de Paraguay por falta de trabajo, se infiltr\u00f3 un efectivo policial juntamente con un informante, quienes le ofrecieron un trabajo de alba\u00f1iler\u00eda a Mart\u00ednez L\u00f3pez, que lo hizo continuar residiendo en cercan\u00edas de los pasos clandestinos.<\/p>\n\n\n\n<p>Fecha, c\/nueva info. de trabajo que realizar\u00eda Mart\u00ednez L\u00f3pez como Balsero, personal DDI junto a Polic\u00eda de Misiones, la Div. Toxicoman\u00eda, Prefectura Naval y Polic\u00eda Nacional del Paraguay, montaron amplio Operativo en el que la Policia Paraguaya mediante ardid de control rutinario, intercept\u00f3 al acompa\u00f1ante del imputado que tripulaba balsa independiente, provocando el cruce del Mart\u00ednez L\u00f3pez hasta el denominado Puerto Meza (puerto clandestino ubicado en la colonia San Alberto-loc. Puerto Rico, pcia. Misiones), donde se encontraba personal de DDI La Matanza y el resto de los efectivos, efectivizando as\u00ed su detenci\u00f3n.<br>Se aguardan tratativas entre Juzgados intervinientes, fines tramitar exhorto de autorizaci\u00f3n para el traslado del detenido.<\/p>\n\n\n\n<p>Intervenci\u00f3n: UFI Especializa Homicidios de La Matanza a\/c Dr. Folino.<\/p>\n\n\n\n<figure class=\"wp-block-embed is-type-video is-provider-youtube wp-block-embed-youtube wp-embed-aspect-16-9 wp-has-aspect-ratio\"><div class=\"wp-block-embed__wrapper\">\n<iframe loading=\"lazy\" title=\"DDI La Matanza viaj\u00f3 a Misiones para detener a pr\u00f3fugo del homicidio de Jennifer Campos\" width=\"700\" height=\"394\" src=\"https:\/\/www.youtube.com\/embed\/WZfC69d5Wbw?feature=oembed\" frameborder=\"0\" allow=\"accelerometer; autoplay; clipboard-write; encrypted-media; gyroscope; picture-in-picture; web-share\" allowfullscreen><\/iframe>\n<\/div><\/figure>\n\n\n\n<p><strong>Fuente: <a href=\"http:\/\/losbonaerenses.com.ar\/\">Los Bonaerenses<\/a><\/strong><\/p>\n","protected":false},"excerpt":{"rendered":"<p>Detectives de la Polic\u00eda de la provincia de Buenos Aires, detuvieron en la provincia de Misiones a uno de los imputados en el robo y homicidio de la menor de 13 a\u00f1os Jennifer Campos, ocurrido en la localidad de Virrey del Pino, partido de La Matanza. Los polic\u00edas viajaron luego de tareas de inteligencia y&hellip;<\/p>\n","protected":false},"author":1,"featured_media":129281,"comment_status":"open","ping_status":"open","sticky":false,"template":"","format":"standard","meta":{"footnotes":""},"categories":[22],"tags":[36407,15315,2450,2329,42487,42198,2243,21251,42485,42486,1526,116,6949],"class_list":["post-129280","post","type-post","status-publish","format-standard","has-post-thumbnail","hentry","category-policiales","tag-comisario-general-javier-carlos-villar","tag-ddi-la-matanza","tag-diario-el-sindical","tag-homicidio","tag-jennifer-campos","tag-los-bonaerenses","tag-misiones","tag-policia-de-la-provincia-de-buenos-aires","tag-policia-de-misiones","tag-policia-de-paraguay","tag-prefectura-naval-argentina","tag-robo","tag-virrey-del-pino"],"_links":{"self":[{"href":"https:\/\/www.elsindical.com.ar\/notas\/wp-json\/wp\/v2\/posts\/129280","targetHints":{"allow":["GET"]}}],"collection":[{"href":"https:\/\/www.elsindical.com.ar\/notas\/wp-json\/wp\/v2\/posts"}],"about":[{"href":"https:\/\/www.elsindical.com.ar\/notas\/wp-json\/wp\/v2\/types\/post"}],"author":[{"embeddable":true,"href":"https:\/\/www.elsindical.com.ar\/notas\/wp-json\/wp\/v2\/users\/1"}],"replies":[{"embeddable":true,"href":"https:\/\/www.elsindical.com.ar\/notas\/wp-json\/wp\/v2\/comments?post=129280"}],"version-history":[{"count":1,"href":"https:\/\/www.elsindical.com.ar\/notas\/wp-json\/wp\/v2\/posts\/129280\/revisions"}],"predecessor-version":[{"id":129282,"href":"https:\/\/www.elsindical.com.ar\/notas\/wp-json\/wp\/v2\/posts\/129280\/revisions\/129282"}],"wp:featuredmedia":[{"embeddable":true,"href":"https:\/\/www.elsindical.com.ar\/notas\/wp-json\/wp\/v2\/media\/129281"}],"wp:attachment":[{"href":"https:\/\/www.elsindical.com.ar\/notas\/wp-json\/wp\/v2\/media?parent=129280"}],"wp:term":[{"taxonomy":"category","embeddable":true,"href":"https:\/\/www.elsindical.com.ar\/notas\/wp-json\/wp\/v2\/categories?post=129280"},{"taxonomy":"post_tag","embeddable":true,"href":"https:\/\/www.elsindical.com.ar\/notas\/wp-json\/wp\/v2\/tags?post=129280"}],"curies":[{"name":"wp","href":"https:\/\/api.w.org\/{rel}","templated":true}]}}