{"id":129258,"date":"2024-03-12T13:14:22","date_gmt":"2024-03-12T16:14:22","guid":{"rendered":"https:\/\/www.elsindical.com.ar\/notas\/?p=129258"},"modified":"2024-03-12T13:14:28","modified_gmt":"2024-03-12T16:14:28","slug":"el-gobierno-anuncio-la-apertura-total-de-la-importaciones-de-alimentos","status":"publish","type":"post","link":"https:\/\/www.elsindical.com.ar\/notas\/el-gobierno-anuncio-la-apertura-total-de-la-importaciones-de-alimentos\/","title":{"rendered":"El Gobierno anunci\u00f3 la apertura total de la importaciones de alimentos"},"content":{"rendered":"<div class=\"wp-block-image\">\n<figure class=\"aligncenter size-full\"><a href=\"https:\/\/www.elsindical.com.ar\/notas\/var\/www\/html\/notas\/wp-content\/uploads\/2024\/03\/importaciones-alimentos-super.jpg\"><img loading=\"lazy\" decoding=\"async\" width=\"700\" height=\"463\" src=\"https:\/\/www.elsindical.com.ar\/notas\/var\/www\/html\/notas\/wp-content\/uploads\/2024\/03\/importaciones-alimentos-super.jpg\" alt=\"\" class=\"wp-image-129259\" srcset=\"https:\/\/www.elsindical.com.ar\/notas\/var\/www\/html\/notas\/wp-content\/uploads\/2024\/03\/importaciones-alimentos-super.jpg 700w, https:\/\/www.elsindical.com.ar\/notas\/var\/www\/html\/notas\/wp-content\/uploads\/2024\/03\/importaciones-alimentos-super-300x198.jpg 300w, https:\/\/www.elsindical.com.ar\/notas\/var\/www\/html\/notas\/wp-content\/uploads\/2024\/03\/importaciones-alimentos-super-454x300.jpg 454w\" sizes=\"auto, (max-width: 700px) 100vw, 700px\" \/><\/a><\/figure>\n<\/div>\n\n\n<p class=\"wp-block-paragraph\">El vocero Manuel Adorni anunci\u00f3 este martes la apertura de las importaciones de alimentos para generar competencia para bajar los precios.<\/p>\n\n\n\n<p class=\"wp-block-paragraph\"><strong>El Gobierno anunci\u00f3 la apertura total de las importaciones de alimentos<\/strong>, tras la reuni\u00f3n del ministro Luis Caputo con empresarios de alimenticias y supermercadistas de cara a la difusi\u00f3n de la inflaci\u00f3n.<\/p>\n\n\n\n<p class=\"wp-block-paragraph\">\u201cEntendemos que la econom\u00eda de a poco se va normalizando y en esta l\u00ednea <strong>se ha tomado la determinaci\u00f3n de&nbsp;abrir definitivamente las importaciones&nbsp;de determinados productos de la canasta familiar<\/strong>\u201c, anunci\u00f3 hoy el vocero Manuel Adorni.<\/p>\n\n\n\n<p class=\"wp-block-paragraph\">Si bien no dio m\u00e1s precisiones del tema, se\u00f1al\u00f3 que la medida se toma \u201cen pos de poder hacer los precios m\u00e1s competitivos en beneficio de las familias y de los consumidores argentinos\u201d.<\/p>\n\n\n\n<p class=\"wp-block-paragraph\">El ministro de Econom\u00eda se reuni\u00f3 ayer con representantes de Cencosud, Coto, La An\u00f3nima, Carrefour, Chango M\u00e1s y D\u00eda. Hizo particular hincapi\u00e9 en el hecho de que&nbsp;los precios de los productos de consumo masivo no reflejan hoy la nueva realidad&nbsp;econ\u00f3mica.<\/p>\n\n\n\n<p class=\"wp-block-paragraph\">Andes, el funcionario se hab\u00eda reunido con empresarios de alimenticias. Desde el Gobierno plantean la\u00a0<strong>disconformidad por los fuertes incrementos que se exhiben en las g\u00f3ndolas <\/strong>en forma de cobertura ante el temor de un panorama m\u00e1s complicado y el papel de los descuentos o bonificaciones\u00a0como mecanismo para atenuar el impacto de la suba.<\/p>\n\n\n\n<p class=\"wp-block-paragraph\"><strong>El Instituto Nacional de Estad\u00edstica y Censos (Indec) dar\u00e1 a conocer hoy la&nbsp;inflaci\u00f3n de febrero&nbsp;<\/strong>que de acuerdo a los analistas se ubicar\u00e1 en torno al 15%.<\/p>\n","protected":false},"excerpt":{"rendered":"<p>El vocero Manuel Adorni anunci\u00f3 este martes la apertura de las importaciones de alimentos para generar competencia para bajar los precios. El Gobierno anunci\u00f3 la apertura total de las importaciones de alimentos, tras la reuni\u00f3n del ministro Luis Caputo con empresarios de alimenticias y supermercadistas de cara a la difusi\u00f3n de la inflaci\u00f3n. \u201cEntendemos que&hellip;<\/p>\n","protected":false},"author":1,"featured_media":129259,"comment_status":"open","ping_status":"open","sticky":false,"template":"","format":"standard","meta":{"footnotes":""},"categories":[9],"tags":[2450,22023,761,42477,41770,22025],"class_list":["post-129258","post","type-post","status-publish","format-standard","has-post-thumbnail","hentry","category-economia","tag-diario-el-sindical","tag-economia","tag-gobierno-nacional","tag-importaciones-de-alimentos","tag-manuel-adorni","tag-politica"],"_links":{"self":[{"href":"https:\/\/www.elsindical.com.ar\/notas\/wp-json\/wp\/v2\/posts\/129258","targetHints":{"allow":["GET"]}}],"collection":[{"href":"https:\/\/www.elsindical.com.ar\/notas\/wp-json\/wp\/v2\/posts"}],"about":[{"href":"https:\/\/www.elsindical.com.ar\/notas\/wp-json\/wp\/v2\/types\/post"}],"author":[{"embeddable":true,"href":"https:\/\/www.elsindical.com.ar\/notas\/wp-json\/wp\/v2\/users\/1"}],"replies":[{"embeddable":true,"href":"https:\/\/www.elsindical.com.ar\/notas\/wp-json\/wp\/v2\/comments?post=129258"}],"version-history":[{"count":1,"href":"https:\/\/www.elsindical.com.ar\/notas\/wp-json\/wp\/v2\/posts\/129258\/revisions"}],"predecessor-version":[{"id":129260,"href":"https:\/\/www.elsindical.com.ar\/notas\/wp-json\/wp\/v2\/posts\/129258\/revisions\/129260"}],"wp:featuredmedia":[{"embeddable":true,"href":"https:\/\/www.elsindical.com.ar\/notas\/wp-json\/wp\/v2\/media\/129259"}],"wp:attachment":[{"href":"https:\/\/www.elsindical.com.ar\/notas\/wp-json\/wp\/v2\/media?parent=129258"}],"wp:term":[{"taxonomy":"category","embeddable":true,"href":"https:\/\/www.elsindical.com.ar\/notas\/wp-json\/wp\/v2\/categories?post=129258"},{"taxonomy":"post_tag","embeddable":true,"href":"https:\/\/www.elsindical.com.ar\/notas\/wp-json\/wp\/v2\/tags?post=129258"}],"curies":[{"name":"wp","href":"https:\/\/api.w.org\/{rel}","templated":true}]}}