{"id":129191,"date":"2024-03-08T14:46:35","date_gmt":"2024-03-08T17:46:35","guid":{"rendered":"https:\/\/www.elsindical.com.ar\/notas\/?p=129191"},"modified":"2024-03-08T15:56:14","modified_gmt":"2024-03-08T18:56:14","slug":"el-gobierno-designo-a-una-joven-de-23-anos-en-un-alto-cargo-del-renaper-sin-antecedentes-laborales","status":"publish","type":"post","link":"https:\/\/www.elsindical.com.ar\/notas\/el-gobierno-designo-a-una-joven-de-23-anos-en-un-alto-cargo-del-renaper-sin-antecedentes-laborales\/","title":{"rendered":"El Gobierno design\u00f3 a una joven de 23 a\u00f1os en un alto cargo del Renaper con sueldo millonario y sin antecedentes laborales"},"content":{"rendered":"<div class=\"wp-block-image\">\n<figure class=\"aligncenter size-full\"><a href=\"https:\/\/www.elsindical.com.ar\/notas\/var\/www\/html\/notas\/wp-content\/uploads\/2024\/03\/Milei-y-Geraldine.jpg\"><img loading=\"lazy\" decoding=\"async\" width=\"700\" height=\"462\" src=\"https:\/\/www.elsindical.com.ar\/notas\/var\/www\/html\/notas\/wp-content\/uploads\/2024\/03\/Milei-y-Geraldine.jpg\" alt=\"\" class=\"wp-image-129192\" srcset=\"https:\/\/www.elsindical.com.ar\/notas\/var\/www\/html\/notas\/wp-content\/uploads\/2024\/03\/Milei-y-Geraldine.jpg 700w, https:\/\/www.elsindical.com.ar\/notas\/var\/www\/html\/notas\/wp-content\/uploads\/2024\/03\/Milei-y-Geraldine-300x198.jpg 300w, https:\/\/www.elsindical.com.ar\/notas\/var\/www\/html\/notas\/wp-content\/uploads\/2024\/03\/Milei-y-Geraldine-455x300.jpg 455w\" sizes=\"auto, (max-width: 700px) 100vw, 700px\" \/><\/a><\/figure>\n<\/div>\n\n\n<p class=\"wp-block-paragraph\">Se trata de Geraldine Calvella, oriunda de Saladillo; estudia Derecho a distancia y dej\u00f3 la carrera de Medicina.<\/p>\n\n\n\n<p class=\"wp-block-paragraph\">A pesar de los repetidos cuestionamientos del presidente <strong>Javier Milei <\/strong>hacia la incorporaci\u00f3n de militantes en el Estado,<strong> una joven de 23 a\u00f1os de las filas de La Libertad Avanza (LLA) fue nombrada en un importante cargo en el Registro Nacional de las Personas (Renaper)<\/strong>, el organismo estatal que realiza la identificaci\u00f3n y el registro de las personas f\u00edsicas que nazcan o residan en la Argentina. Se trata de<strong> Geraldine Calvella, CUIT 27-42835075-3<\/strong>, cuya \u00fanica experiencia laboral pasada ser\u00eda dos meses como asesora en la <strong>C\u00e1mara de Diputados de la Naci\u00f3n. <\/strong>Es tambi\u00e9n referente de del partido que lidera Milei en la s\u00e9ptima secci\u00f3n electoral.<\/p>\n\n\n\n<p class=\"wp-block-paragraph\">La joven es oriunda de la localidad bonaerense de Saladillo pero actualmente vive en la ciudad de Buenos Aires. No tiene ning\u00fan t\u00edtulo de grado. <strong>Estudi\u00f3 Medicina durante casi tres a\u00f1os en la Universidad Maim\u00f3nides, desde febrero de 2021 hasta diciembre de 2023, y luego comenz\u00f3 la carrera de Abogac\u00eda en la Universidad de Siglo 21,<\/strong> ambas de gesti\u00f3n privada. <strong>Fue nombrada a mediados de enero al frente de la Direcci\u00f3n de Fiscalizaci\u00f3n de Centros de Documentaci\u00f3n del Renaper<\/strong>.<\/p>\n\n\n\n<p class=\"wp-block-paragraph\">Calvella muestra en redes sociales un perfil militante en favor de <strong>Milei<\/strong>. Su \u00fanico posteo en LinkedIn fue hace un mes, cuando asisti\u00f3 a la sesi\u00f3n en Diputados para el tratamiento de la ley \u00f3mnibus. <strong>\u201cMe encuentro en el Congreso de la Naci\u00f3n, presenciando el debate sobre la Ley de Bases y Puntos de Partida para la Libertad de los Argentinos. El apoyo de los Diputados marcar\u00e1 la diferencia en la construcci\u00f3n de un pa\u00eds mejor\u201d,<\/strong> escribi\u00f3.<\/p>\n\n\n\n<p class=\"wp-block-paragraph\">En su portada puede verse una foto suya junto al mandatario al lado de una bandera de LLA, con el sello del le\u00f3n y el apellido \u201cMILEI\u201d abajo.<\/p>\n\n\n\n<p class=\"wp-block-paragraph\">Por su parte, en su perfil de X, a la que se uni\u00f3 en enero pasado, se define como cristiana y estudiante de Abogac\u00eda.<strong> All\u00ed tambi\u00e9n se puede leer la palabra \u201cLibertad\u201d<\/strong>. Sus repostes abarcan desde la eliminaci\u00f3n del lenguaje inclusivo en organismos estatales hasta el tuit de un usuario que dice: \u201cNo dejen para ma\u00f1ana los mails que pueden leer hoy\u201d, en referencia a los cruces entre el gobernador de Chubut,<strong> Ignacio Torres,<\/strong> y la Casa Rosada, en el que los dirigentes del oficialismos le reclamaban al mandatario provincial que abra el mail que le giraron desde el Gobierno.<\/p>\n\n\n\n<h2 class=\"wp-block-heading\">Militancia<\/h2>\n\n\n\n<p class=\"wp-block-paragraph\">Adem\u00e1s de haber sido asesora en la C\u00e1mara de Diputados por dos meses -por el momento la \u00fanica experiencia laboral-, Calvella es referente de LLA de la s\u00e9ptima secci\u00f3n electoral. Seg\u00fan public\u00f3 el portal local<em> ABC Saladillo,<\/em> organiz\u00f3 la fiscalizaci\u00f3n de votos en los comicios y, de hecho, fue la que lider\u00f3 el evento. Adem\u00e1s se encarg\u00f3 <strong>de la organizaci\u00f3n del espacio libertario en cada uno de los ocho municipios de esa regi\u00f3n durante las elecciones del a\u00f1o pasado, que consagraron a Milei como presidente.<\/strong><\/p>\n\n\n\n<p class=\"wp-block-paragraph\">Entonces, celebr\u00f3 el operativo: \u201cFelicitamos a todos los fiscales que cuidaron el voto de los argentinos y espec\u00edficamente a los de nuestra secci\u00f3n, que realizaron un gran trabajo para que realmente seamos un pa\u00eds libre\u201d. En esa l\u00ednea, agreg\u00f3: <strong>\u201cYa hab\u00edamos obtenido un triunfo considerable en las elecciones generales, pero con este trabajo terminamos de consagrar la democracia de nuestro pa\u00eds\u201d.<\/strong><\/p>\n\n\n\n<p class=\"wp-block-paragraph\">Durante una entrevista radial que dio en marzo del a\u00f1o pasado a LVA 103.3, la joven cont\u00f3 c\u00f3mo se acerc\u00f3 a LLA. \u201c<strong>Empec\u00e9 a militar desde el dolor. Varios conocidos y amigos se fueron del pa\u00eds. Ten\u00eda de un lado de la balanza mi futuro y del otro, el de mi pa\u00eds. Los j\u00f3venes estamos dudando qu\u00e9 hacer. El d\u00eda de ma\u00f1ana pienso en que la \u00fanica forma de ver a mi familia es a trav\u00e9s de una videollamada, me parte el alma\u201d, <\/strong>explic\u00f3. Luego, revel\u00f3: \u201c<strong>En 2020 vi a Javier en una entrevista y dije: \u2018Es por ac\u00e1&#8217;. Fue traer nuevas ideas en una ciudad totalmente polarizada\u201d.<\/strong><\/p>\n\n\n\n<p class=\"wp-block-paragraph\">En ese sentido, mencion\u00f3 las razones por las que se acerc\u00f3 al partido.<strong> \u201cMenos impuestos y mayor empleo privado. Mientras m\u00e1s grande es el Estado, m\u00e1s impuestos paga la gente. Nos acostumbramos a que nos cobren impuestos a cambio de nada\u201d. <\/strong>Tambi\u00e9n destac\u00f3 la urgencia por la inseguridad en la provincia de Buenos Aires y la revalorizaci\u00f3n de las fuerzas de seguridad.<\/p>\n\n\n\n<figure class=\"wp-block-embed is-type-video is-provider-youtube wp-block-embed-youtube wp-embed-aspect-16-9 wp-has-aspect-ratio\"><div class=\"wp-block-embed__wrapper\">\n<iframe loading=\"lazy\" title=\"Geraldine Calvella militante con sueldo millonario en el gobierno nacional\" width=\"700\" height=\"394\" src=\"https:\/\/www.youtube.com\/embed\/zkBE8gPAqV0?feature=oembed\" frameborder=\"0\" allow=\"accelerometer; autoplay; clipboard-write; encrypted-media; gyroscope; picture-in-picture; web-share\" allowfullscreen><\/iframe>\n<\/div><\/figure>\n","protected":false},"excerpt":{"rendered":"<p>Se trata de Geraldine Calvella, oriunda de Saladillo; estudia Derecho a distancia y dej\u00f3 la carrera de Medicina. A pesar de los repetidos cuestionamientos del presidente Javier Milei hacia la incorporaci\u00f3n de militantes en el Estado, una joven de 23 a\u00f1os de las filas de La Libertad Avanza (LLA) fue nombrada en un importante cargo&hellip;<\/p>\n","protected":false},"author":1,"featured_media":129192,"comment_status":"open","ping_status":"open","sticky":false,"template":"","format":"standard","meta":{"footnotes":""},"categories":[13],"tags":[2450,42458,28812,40628,4961,22025,27993,10693],"class_list":["post-129191","post","type-post","status-publish","format-standard","has-post-thumbnail","hentry","category-politica","tag-diario-el-sindical","tag-geraldine-calvella","tag-javier-milei","tag-lla","tag-militante","tag-politica","tag-renaper","tag-saladillo"],"_links":{"self":[{"href":"https:\/\/www.elsindical.com.ar\/notas\/wp-json\/wp\/v2\/posts\/129191","targetHints":{"allow":["GET"]}}],"collection":[{"href":"https:\/\/www.elsindical.com.ar\/notas\/wp-json\/wp\/v2\/posts"}],"about":[{"href":"https:\/\/www.elsindical.com.ar\/notas\/wp-json\/wp\/v2\/types\/post"}],"author":[{"embeddable":true,"href":"https:\/\/www.elsindical.com.ar\/notas\/wp-json\/wp\/v2\/users\/1"}],"replies":[{"embeddable":true,"href":"https:\/\/www.elsindical.com.ar\/notas\/wp-json\/wp\/v2\/comments?post=129191"}],"version-history":[{"count":4,"href":"https:\/\/www.elsindical.com.ar\/notas\/wp-json\/wp\/v2\/posts\/129191\/revisions"}],"predecessor-version":[{"id":129196,"href":"https:\/\/www.elsindical.com.ar\/notas\/wp-json\/wp\/v2\/posts\/129191\/revisions\/129196"}],"wp:featuredmedia":[{"embeddable":true,"href":"https:\/\/www.elsindical.com.ar\/notas\/wp-json\/wp\/v2\/media\/129192"}],"wp:attachment":[{"href":"https:\/\/www.elsindical.com.ar\/notas\/wp-json\/wp\/v2\/media?parent=129191"}],"wp:term":[{"taxonomy":"category","embeddable":true,"href":"https:\/\/www.elsindical.com.ar\/notas\/wp-json\/wp\/v2\/categories?post=129191"},{"taxonomy":"post_tag","embeddable":true,"href":"https:\/\/www.elsindical.com.ar\/notas\/wp-json\/wp\/v2\/tags?post=129191"}],"curies":[{"name":"wp","href":"https:\/\/api.w.org\/{rel}","templated":true}]}}