{"id":129160,"date":"2024-03-07T01:05:27","date_gmt":"2024-03-07T04:05:27","guid":{"rendered":"https:\/\/www.elsindical.com.ar\/notas\/?p=129160"},"modified":"2024-03-07T01:05:33","modified_gmt":"2024-03-07T04:05:33","slug":"efemerides-del-dia-7-de-marzo-10","status":"publish","type":"post","link":"https:\/\/www.elsindical.com.ar\/notas\/efemerides-del-dia-7-de-marzo-10\/","title":{"rendered":"EFEM\u00c9RIDES: DEL D\u00cdA 7 DE MARZO"},"content":{"rendered":"\n<p>1274 \u2013 Muere Tom\u00e1s de Aquino, santo, te\u00f3logo y fil\u00f3sofo italiano.<\/p>\n\n\n\n<p>1765 \u2013 Nace Nic\u00e9foro Niepce, qu\u00edmico franc\u00e9s, inventor de la fotograf\u00eda, junto con Daguerre.<\/p>\n\n\n\n<p>1793 \u2013 La Convenci\u00f3n Nacional francesa declara la guerra a Espa\u00f1a.<\/p>\n\n\n\n<p>1814 \u2013 El director de las Provincias Unidas del R\u00edo de la Plata decreta la creaci\u00f3n de la Provincia Oriental del R\u00edo de la Plata.<\/p>\n\n\n\n<p>1826 \u2013 Argentina: Bernardino Rivadavia declara caduco al gobierno provincial de Buenos Aires, como consecuencia de la ley que convert\u00eda a la ciudad en capital de la Rep\u00fablica.<\/p>\n\n\n\n<p>1849 \u2013 Jos\u00e9 Hilario L\u00f3pez, candidato radical, es nombrado presidente del Gobierno de Colombia.<\/p>\n\n\n\n<p>1854 \u2013 Argentina: El Congreso General Constituyente reunido en Santa Fe se disuelve tras la organizaci\u00f3n de la Rep\u00fablica y la sanci\u00f3n de la Constituci\u00f3n de 1853.<\/p>\n\n\n\n<p>1866 \u2013 Nace en Burdeos, Francia, Gabriela Laperri\u00e9re de Coni, impulsora del mejoramiento de las condiciones de trabajo de las mujeres y de los ni\u00f1os en las f\u00e1bricas y autora de&nbsp;Alma de ni\u00f1o, La mujer y el ni\u00f1o en la f\u00e1brica, El descanso dominical, entre otras obras.<\/p>\n\n\n\n<p>1872 \u2013 Nace Piet Mondrian, pintor holand\u00e9s.<\/p>\n\n\n\n<p>1875 \u2013 Nace Maurice Joseph Ravel, compositor y pianista franc\u00e9s.<\/p>\n\n\n\n<p>1876 \u2013 El estadounidense Alexander Graham Bell patenta su invento del tel\u00e9fono.<\/p>\n\n\n\n<p>1906 \u2013 Nace el neurocirujano argentino Ram\u00f3n Carrillo.<\/p>\n\n\n\n<p>1908 \u2013 Nace Anna Magnani, actriz italiana.<\/p>\n\n\n\n<p>1912 \u2013 Roald Amundsen anuncia el descubrimiento del Polo Sur.<\/p>\n\n\n\n<p>1934 \u2013 Nace Norman Erlich, humorista y actor argentino.<\/p>\n\n\n\n<p>1936 \u2013 Las tropas alemanas de Hitler ocupan la zona desmilitarizada de Renania.<\/p>\n\n\n\n<p>1940 \u2013 Nace Rudi Dutschke, l\u00edder alem\u00e1n de la protesta universitaria de 1968 que formul\u00f3 un ecologismo radical.<\/p>\n\n\n\n<p>1945 \u2013 Las tropas norteamericanas cruzan el Rin.<\/p>\n\n\n\n<p>1946 \u2013 Nace Mora Furtado, modelo, actriz y conductora de televisi\u00f3n argentina.<\/p>\n\n\n\n<p>1955 \u2013 Nace An\u00edbal Pachano, core\u00f3grafo, actor, bailar\u00edn, director y arquitecto argentino.<\/p>\n\n\n\n<p>1956 \u2013 Nace Bryan Cranston, actor estadounidense.<\/p>\n\n\n\n<p>1958 \u2013 Comienza a funcionar la Pontificia Universidad Cat\u00f3lica Argentina.<\/p>\n\n\n\n<p>1960 \u2013 Nace Ivan Lendl, tenista checo.<\/p>\n\n\n\n<p>1964 \u2013 Nace Bret Easton Ellis, novelista estadounidense.<\/p>\n\n\n\n<p>1969 \u2013 Nace Cecilia Milone, actriz y cantante argentina.<\/p>\n\n\n\n<p>1974 \u2013 Nace Facundo Sava, futbolista argentino.<\/p>\n\n\n\n<p>1979 \u2013 Nace Rodrigo Bra\u00f1a, futbolista argentino.<\/p>\n\n\n\n<p>1983 \u2013 Muere Igor Markevitch, m\u00fasico italiano de origen ruso.<\/p>\n\n\n\n<p>1986 \u2013 Muere Georgia O\u2019Keefe, pintora estadounidense.<\/p>\n\n\n\n<p>1999 \u2013 Muere Stanley Kubrick, director de cine estadounidense.<\/p>\n\n\n\n<p>2006 \u2013 Es destituido el jefe de Gobierno porte\u00f1o An\u00edbal Ibarra como resultado del juicio pol\u00edtico al que estaba sometido por la tragedia de Croma\u00f1\u00f3n.<\/p>\n\n\n\n<p>2007 \u2013 Muere Eduardo Darnauchans, m\u00fasico uruguayo.<\/p>\n\n\n\n<p>2010 \u2013 Kathryn Bigelow gana el \u00d3scar a la mejor direcci\u00f3n por la pel\u00edcula The Hurt Locker, convirti\u00e9ndose en la primera mujer de la historia que gana un Premio \u00d3scar en esa categor\u00eda.<\/p>\n\n\n\n<p>2015 \u2013 Muere Eduardo Chaktoura, periodista, escritor y psic\u00f3logo argentino.<\/p>\n\n\n\n<p>2015 \u2013 El Estado Isl\u00e1mico (EI) destruye la antigua ciudad iraqu\u00ed de Hatra, patrimonio de la humanidad.<\/p>\n","protected":false},"excerpt":{"rendered":"<p>1274 \u2013 Muere Tom\u00e1s de Aquino, santo, te\u00f3logo y fil\u00f3sofo italiano. 1765 \u2013 Nace Nic\u00e9foro Niepce, qu\u00edmico franc\u00e9s, inventor de la fotograf\u00eda, junto con Daguerre. 1793 \u2013 La Convenci\u00f3n Nacional francesa declara la guerra a Espa\u00f1a. 1814 \u2013 El director de las Provincias Unidas del R\u00edo de la Plata decreta la creaci\u00f3n de la Provincia&hellip;<\/p>\n","protected":false},"author":1,"featured_media":0,"comment_status":"open","ping_status":"open","sticky":false,"template":"","format":"standard","meta":{"footnotes":""},"categories":[14],"tags":[2450,22026],"class_list":["post-129160","post","type-post","status-publish","format-standard","hentry","category-efemerides","tag-diario-el-sindical","tag-efemerides"],"_links":{"self":[{"href":"https:\/\/www.elsindical.com.ar\/notas\/wp-json\/wp\/v2\/posts\/129160","targetHints":{"allow":["GET"]}}],"collection":[{"href":"https:\/\/www.elsindical.com.ar\/notas\/wp-json\/wp\/v2\/posts"}],"about":[{"href":"https:\/\/www.elsindical.com.ar\/notas\/wp-json\/wp\/v2\/types\/post"}],"author":[{"embeddable":true,"href":"https:\/\/www.elsindical.com.ar\/notas\/wp-json\/wp\/v2\/users\/1"}],"replies":[{"embeddable":true,"href":"https:\/\/www.elsindical.com.ar\/notas\/wp-json\/wp\/v2\/comments?post=129160"}],"version-history":[{"count":1,"href":"https:\/\/www.elsindical.com.ar\/notas\/wp-json\/wp\/v2\/posts\/129160\/revisions"}],"predecessor-version":[{"id":129161,"href":"https:\/\/www.elsindical.com.ar\/notas\/wp-json\/wp\/v2\/posts\/129160\/revisions\/129161"}],"wp:attachment":[{"href":"https:\/\/www.elsindical.com.ar\/notas\/wp-json\/wp\/v2\/media?parent=129160"}],"wp:term":[{"taxonomy":"category","embeddable":true,"href":"https:\/\/www.elsindical.com.ar\/notas\/wp-json\/wp\/v2\/categories?post=129160"},{"taxonomy":"post_tag","embeddable":true,"href":"https:\/\/www.elsindical.com.ar\/notas\/wp-json\/wp\/v2\/tags?post=129160"}],"curies":[{"name":"wp","href":"https:\/\/api.w.org\/{rel}","templated":true}]}}