{"id":129068,"date":"2024-03-01T19:36:06","date_gmt":"2024-03-01T22:36:06","guid":{"rendered":"https:\/\/www.elsindical.com.ar\/notas\/?p=129068"},"modified":"2024-03-01T19:40:35","modified_gmt":"2024-03-01T22:40:35","slug":"la-boca-musico-uruguayo-canto-en-caminito-y-se-volvio-viral","status":"publish","type":"post","link":"https:\/\/www.elsindical.com.ar\/notas\/la-boca-musico-uruguayo-canto-en-caminito-y-se-volvio-viral\/","title":{"rendered":"La Boca: M\u00fasico uruguayo cant\u00f3 en Caminito y se volvi\u00f3 viral"},"content":{"rendered":"<div class=\"wp-block-image\">\n<figure class=\"aligncenter size-full\"><a href=\"https:\/\/www.elsindical.com.ar\/notas\/var\/www\/html\/notas\/wp-content\/uploads\/2024\/03\/uruguayo-en-La-Boca.jpg\"><img loading=\"lazy\" decoding=\"async\" width=\"700\" height=\"603\" src=\"https:\/\/www.elsindical.com.ar\/notas\/var\/www\/html\/notas\/wp-content\/uploads\/2024\/03\/uruguayo-en-La-Boca.jpg\" alt=\"\" class=\"wp-image-129069\" srcset=\"https:\/\/www.elsindical.com.ar\/notas\/var\/www\/html\/notas\/wp-content\/uploads\/2024\/03\/uruguayo-en-La-Boca.jpg 700w, https:\/\/www.elsindical.com.ar\/notas\/var\/www\/html\/notas\/wp-content\/uploads\/2024\/03\/uruguayo-en-La-Boca-300x258.jpg 300w, https:\/\/www.elsindical.com.ar\/notas\/var\/www\/html\/notas\/wp-content\/uploads\/2024\/03\/uruguayo-en-La-Boca-348x300.jpg 348w\" sizes=\"auto, (max-width: 700px) 100vw, 700px\" \/><\/a><\/figure>\n<\/div>\n\n\n<p>El m\u00fasico Cristian Medina S\u00e1nchez, de Uruguay, estuvo de paseo por La Boca y termin\u00f3 cantando un cl\u00e1sico que emocion\u00f3 a todos.<\/p>\n\n\n\n<p>El video ya tiene unos meses pero por esas cosas de las redes sociales se viraliz\u00f3 en estos d\u00edas.<\/p>\n\n\n\n<figure class=\"wp-block-embed is-type-video is-provider-youtube wp-block-embed-youtube wp-embed-aspect-16-9 wp-has-aspect-ratio\"><div class=\"wp-block-embed__wrapper\">\n<iframe loading=\"lazy\" title=\"La Boca un turista se volvi\u00f3 viral al cantar Voler\" width=\"700\" height=\"394\" src=\"https:\/\/www.youtube.com\/embed\/Zy5Gh6yJVkI?feature=oembed\" frameborder=\"0\" allow=\"accelerometer; autoplay; clipboard-write; encrypted-media; gyroscope; picture-in-picture; web-share\" allowfullscreen><\/iframe>\n<\/div><\/figure>\n","protected":false},"excerpt":{"rendered":"<p>El m\u00fasico Cristian Medina S\u00e1nchez, de Uruguay, estuvo de paseo por La Boca y termin\u00f3 cantando un cl\u00e1sico que emocion\u00f3 a todos. El video ya tiene unos meses pero por esas cosas de las redes sociales se viraliz\u00f3 en estos d\u00edas.<\/p>\n","protected":false},"author":1,"featured_media":129069,"comment_status":"open","ping_status":"open","sticky":false,"template":"","format":"standard","meta":{"footnotes":""},"categories":[25],"tags":[127,42413,42412,2450,2433,1986,42411,17521,16893,368,31881],"class_list":["post-129068","post","type-post","status-publish","format-standard","has-post-thumbnail","hentry","category-sociedad","tag-argentina","tag-carlos-gardel","tag-cristian-medina-sanchez","tag-diario-el-sindical","tag-la-boca","tag-musico","tag-paseo-caminito","tag-tango","tag-uruguayo","tag-video","tag-viral"],"_links":{"self":[{"href":"https:\/\/www.elsindical.com.ar\/notas\/wp-json\/wp\/v2\/posts\/129068","targetHints":{"allow":["GET"]}}],"collection":[{"href":"https:\/\/www.elsindical.com.ar\/notas\/wp-json\/wp\/v2\/posts"}],"about":[{"href":"https:\/\/www.elsindical.com.ar\/notas\/wp-json\/wp\/v2\/types\/post"}],"author":[{"embeddable":true,"href":"https:\/\/www.elsindical.com.ar\/notas\/wp-json\/wp\/v2\/users\/1"}],"replies":[{"embeddable":true,"href":"https:\/\/www.elsindical.com.ar\/notas\/wp-json\/wp\/v2\/comments?post=129068"}],"version-history":[{"count":2,"href":"https:\/\/www.elsindical.com.ar\/notas\/wp-json\/wp\/v2\/posts\/129068\/revisions"}],"predecessor-version":[{"id":129071,"href":"https:\/\/www.elsindical.com.ar\/notas\/wp-json\/wp\/v2\/posts\/129068\/revisions\/129071"}],"wp:featuredmedia":[{"embeddable":true,"href":"https:\/\/www.elsindical.com.ar\/notas\/wp-json\/wp\/v2\/media\/129069"}],"wp:attachment":[{"href":"https:\/\/www.elsindical.com.ar\/notas\/wp-json\/wp\/v2\/media?parent=129068"}],"wp:term":[{"taxonomy":"category","embeddable":true,"href":"https:\/\/www.elsindical.com.ar\/notas\/wp-json\/wp\/v2\/categories?post=129068"},{"taxonomy":"post_tag","embeddable":true,"href":"https:\/\/www.elsindical.com.ar\/notas\/wp-json\/wp\/v2\/tags?post=129068"}],"curies":[{"name":"wp","href":"https:\/\/api.w.org\/{rel}","templated":true}]}}