{"id":129056,"date":"2024-03-01T11:47:52","date_gmt":"2024-03-01T14:47:52","guid":{"rendered":"https:\/\/www.elsindical.com.ar\/notas\/?p=129056"},"modified":"2024-03-01T11:48:00","modified_gmt":"2024-03-01T14:48:00","slug":"todos-los-aumentos-que-tendra-marzo","status":"publish","type":"post","link":"https:\/\/www.elsindical.com.ar\/notas\/todos-los-aumentos-que-tendra-marzo\/","title":{"rendered":"Todos los aumentos que tendr\u00e1 Marzo"},"content":{"rendered":"\n<figure class=\"wp-block-image size-full\"><a href=\"https:\/\/www.elsindical.com.ar\/notas\/var\/www\/html\/notas\/wp-content\/uploads\/2024\/02\/millones-de-pesos.jpg\"><img loading=\"lazy\" decoding=\"async\" width=\"700\" height=\"350\" src=\"https:\/\/www.elsindical.com.ar\/notas\/var\/www\/html\/notas\/wp-content\/uploads\/2024\/02\/millones-de-pesos.jpg\" alt=\"\" class=\"wp-image-128951\" srcset=\"https:\/\/www.elsindical.com.ar\/notas\/var\/www\/html\/notas\/wp-content\/uploads\/2024\/02\/millones-de-pesos.jpg 700w, https:\/\/www.elsindical.com.ar\/notas\/var\/www\/html\/notas\/wp-content\/uploads\/2024\/02\/millones-de-pesos-300x150.jpg 300w, https:\/\/www.elsindical.com.ar\/notas\/var\/www\/html\/notas\/wp-content\/uploads\/2024\/02\/millones-de-pesos-500x250.jpg 500w\" sizes=\"auto, (max-width: 700px) 100vw, 700px\" \/><\/a><\/figure>\n\n\n\n<p class=\"wp-block-paragraph\"> Desde hoy, una serie de servicios y productos experimentar\u00e1n aumentos considerables, desde la energ\u00eda el\u00e9ctrica hasta las cuotas de colegios privados.<\/p>\n\n\n\n<p class=\"wp-block-paragraph\">Desde hoy una serie de servicios y productos sufrir\u00e1n aumentos en sus tarifas, generando preocupaci\u00f3n entre los ciudadanos, <strong>ya que los sueldos no se est\u00e1n actualizando al mismo ritmo.<\/strong><\/p>\n\n\n\n<p class=\"wp-block-paragraph\">Entre los aumentos que entrar\u00e1n en vigencia se encuentran:<\/p>\n\n\n\n<p class=\"wp-block-paragraph\"><strong>Servicios:<\/strong><\/p>\n\n\n\n<ul class=\"wp-block-list\">\n<li>El costo de la <strong>energ\u00eda el\u00e9ctrica aumentar\u00e1 hasta un 150%<\/strong>, generando una preocupaci\u00f3n adicional en medio de la crisis energ\u00e9tica.<\/li>\n\n\n\n<li><strong>Los colegios privados implementar\u00e1n un aumento del 50%<\/strong> en las cuotas mensuales, afectando el presupuesto de las familias que optan por esta modalidad educativa.<\/li>\n\n\n\n<li><strong>Las empresas de medicina prepaga aumentar\u00e1n sus tarifas en un 20%<\/strong>, lo que incrementar\u00e1 los gastos de salud para los asegurados.<\/li>\n<\/ul>\n\n\n\n<p class=\"wp-block-paragraph\"><strong>Empleados y vivienda:<\/strong><\/p>\n\n\n\n<ul class=\"wp-block-list\">\n<li>Los porteros de edificios ver\u00e1n un aumento del 45% en sus salarios, aunque este incremento a\u00fan queda por debajo de la inflaci\u00f3n esperada.<\/li>\n\n\n\n<li>Las expensas comunes de los edificios residenciales subir\u00e1n un 20%, lo que impactar\u00e1 en los gastos mensuales de los propietarios e inquilinos.<\/li>\n<\/ul>\n\n\n\n<p class=\"wp-block-paragraph\"><strong>Consumo cotidiano:<\/strong><\/p>\n\n\n\n<ul class=\"wp-block-list\">\n<li><strong>Los servicios de telefon\u00eda celular registrar\u00e1n un aumento del 25%<\/strong>, lo que representa un mayor gasto para los usuarios en sus planes mensuales.<\/li>\n\n\n\n<li><strong>El consumo de electricidad en los comercios sufrir\u00e1 un alza del 500%<\/strong>, lo que podr\u00eda afectar la viabilidad econ\u00f3mica de muchos peque\u00f1os negocios.<\/li>\n\n\n\n<li>Los empleadores de servicio dom\u00e9stico deber\u00e1n afrontar un incremento del 20% en los salarios de sus empleados.<\/li>\n<\/ul>\n\n\n\n<p class=\"wp-block-paragraph\"><strong>Transporte y combustible:<\/strong><\/p>\n\n\n\n<ul class=\"wp-block-list\">\n<li><strong>El precio de la nafta experimentar\u00e1 un incremento del 4.4%<\/strong>, impactando en los costos de movilidad tanto para usuarios particulares como para empresas.<\/li>\n\n\n\n<li><strong>Los taxistas aumentar\u00e1n sus tarifas en un 30%<\/strong>, reflejando el constante ajuste en los costos operativos del sector.<\/li>\n<\/ul>\n\n\n\n<h3 class=\"wp-block-heading\">\u00bfQu\u00e9 aumenta en marzo?<\/h3>\n\n\n\n<ul class=\"wp-block-list\">\n<li>Luz: hasta +150%<\/li>\n\n\n\n<li>Colegios: +50%<\/li>\n\n\n\n<li>Prepagas: +20%<\/li>\n\n\n\n<li>Porteros: +45%<\/li>\n\n\n\n<li>Expensas: +20%<\/li>\n\n\n\n<li>Celulares: +25%<\/li>\n\n\n\n<li>Luz en comercios: +500%<\/li>\n\n\n\n<li>Servicio dom\u00e9stico: +20%<\/li>\n\n\n\n<li>Nafta: +4,4%<\/li>\n\n\n\n<li>Taxis: +30%<\/li>\n<\/ul>\n","protected":false},"excerpt":{"rendered":"<p>Desde hoy, una serie de servicios y productos experimentar\u00e1n aumentos considerables, desde la energ\u00eda el\u00e9ctrica hasta las cuotas de colegios privados. Desde hoy una serie de servicios y productos sufrir\u00e1n aumentos en sus tarifas, generando preocupaci\u00f3n entre los ciudadanos, ya que los sueldos no se est\u00e1n actualizando al mismo ritmo. Entre los aumentos que entrar\u00e1n&hellip;<\/p>\n","protected":false},"author":1,"featured_media":128951,"comment_status":"open","ping_status":"open","sticky":false,"template":"","format":"standard","meta":{"footnotes":""},"categories":[9],"tags":[1706,2450,22023,8490,75],"class_list":["post-129056","post","type-post","status-publish","format-standard","has-post-thumbnail","hentry","category-economia","tag-consumo","tag-diario-el-sindical","tag-economia","tag-servicios","tag-sueldos"],"_links":{"self":[{"href":"https:\/\/www.elsindical.com.ar\/notas\/wp-json\/wp\/v2\/posts\/129056","targetHints":{"allow":["GET"]}}],"collection":[{"href":"https:\/\/www.elsindical.com.ar\/notas\/wp-json\/wp\/v2\/posts"}],"about":[{"href":"https:\/\/www.elsindical.com.ar\/notas\/wp-json\/wp\/v2\/types\/post"}],"author":[{"embeddable":true,"href":"https:\/\/www.elsindical.com.ar\/notas\/wp-json\/wp\/v2\/users\/1"}],"replies":[{"embeddable":true,"href":"https:\/\/www.elsindical.com.ar\/notas\/wp-json\/wp\/v2\/comments?post=129056"}],"version-history":[{"count":1,"href":"https:\/\/www.elsindical.com.ar\/notas\/wp-json\/wp\/v2\/posts\/129056\/revisions"}],"predecessor-version":[{"id":129057,"href":"https:\/\/www.elsindical.com.ar\/notas\/wp-json\/wp\/v2\/posts\/129056\/revisions\/129057"}],"wp:featuredmedia":[{"embeddable":true,"href":"https:\/\/www.elsindical.com.ar\/notas\/wp-json\/wp\/v2\/media\/128951"}],"wp:attachment":[{"href":"https:\/\/www.elsindical.com.ar\/notas\/wp-json\/wp\/v2\/media?parent=129056"}],"wp:term":[{"taxonomy":"category","embeddable":true,"href":"https:\/\/www.elsindical.com.ar\/notas\/wp-json\/wp\/v2\/categories?post=129056"},{"taxonomy":"post_tag","embeddable":true,"href":"https:\/\/www.elsindical.com.ar\/notas\/wp-json\/wp\/v2\/tags?post=129056"}],"curies":[{"name":"wp","href":"https:\/\/api.w.org\/{rel}","templated":true}]}}