{"id":129030,"date":"2024-02-28T15:39:31","date_gmt":"2024-02-28T18:39:31","guid":{"rendered":"https:\/\/www.elsindical.com.ar\/notas\/?p=129030"},"modified":"2024-02-28T15:39:38","modified_gmt":"2024-02-28T18:39:38","slug":"tomas-jurado-otro-twittero-al-gobierno-no-hay-plata-pero","status":"publish","type":"post","link":"https:\/\/www.elsindical.com.ar\/notas\/tomas-jurado-otro-twittero-al-gobierno-no-hay-plata-pero\/","title":{"rendered":"Tom\u00e1s Jurado otro twittero al gobierno, NO HAY PLATA, pero &#8230;"},"content":{"rendered":"<div class=\"wp-block-image\">\n<figure class=\"aligncenter size-full is-resized\"><a href=\"https:\/\/www.elsindical.com.ar\/notas\/var\/www\/html\/notas\/wp-content\/uploads\/2024\/02\/Tomas-Jurado-2.png\"><img loading=\"lazy\" decoding=\"async\" width=\"522\" height=\"354\" src=\"https:\/\/www.elsindical.com.ar\/notas\/var\/www\/html\/notas\/wp-content\/uploads\/2024\/02\/Tomas-Jurado-2.png\" alt=\"\" class=\"wp-image-129031\" style=\"width:638px;height:auto\" srcset=\"https:\/\/www.elsindical.com.ar\/notas\/var\/www\/html\/notas\/wp-content\/uploads\/2024\/02\/Tomas-Jurado-2.png 522w, https:\/\/www.elsindical.com.ar\/notas\/var\/www\/html\/notas\/wp-content\/uploads\/2024\/02\/Tomas-Jurado-2-300x203.png 300w, https:\/\/www.elsindical.com.ar\/notas\/var\/www\/html\/notas\/wp-content\/uploads\/2024\/02\/Tomas-Jurado-2-442x300.png 442w\" sizes=\"auto, (max-width: 522px) 100vw, 522px\" \/><\/a><\/figure>\n<\/div>\n\n\n<p class=\"wp-block-paragraph\">   Luego del triunfo de Javier Milei, que primero obtuvo un porcentaje de votos del 30% con una campa\u00f1a  fuerte y sostenida en las redes sociales, con videos de poco m\u00e1s de un minuto que simulaban encuentros callejeros con el economista libertario donde \u00e9l respond\u00eda como si estuviera dando una clase y en la que inclu\u00eda amablemente al que preguntaba por un tema puntual, previamente acordado.<\/p>\n\n\n\n<p class=\"wp-block-paragraph\">All\u00ed donde muchos sintieron que la pandemia los perjudic\u00f3, a Javier Milei lo benefici\u00f3 porque muchos influencers de las redes sociales encontraron en Milei un personaje que media bien y que pod\u00edan explotar en beneficio mutuo, as\u00ed arrancaron con videos que empezaron con celulares y fueron mejorando los equipos y la producci\u00f3n mientras crec\u00edan los n\u00fameros en las redes sociales.<\/p>\n\n\n\n<p class=\"wp-block-paragraph\">Tom\u00e1s Jurado es uno de esos \u00ababurridos\u00bb de los contenidos circulando por el 2020 y creo en YouTube el canal \u00abEl Peluca Milei\u00bb, comenz\u00f3 a publicar sistem\u00e1ticamente cortes de televisi\u00f3n donde aparec\u00eda el l\u00edder libertario, sin edici\u00f3n alguna. M\u00e1s adelante agreg\u00f3 z\u00f3calos en tipograf\u00eda amarilla con encabezados como \u201cMilei explot\u00f3 contra\u2026\u201d, \u201cMilei desburr\u00f3 a\u2026\u201d (sic), \u201cMilei furioso con\u2026\u201d. Todas formulaciones que endiosan al economista y ridiculizan a dirigentes pol\u00edticos y periodistas con ep\u00edtetos desagradables. Antes de las PASO, sus mejores videos llegaban, con suerte, a las 800.000 visualizaciones. Despu\u00e9s de las primarias, el fen\u00f3meno creci\u00f3 exponencialmente: en los \u00faltimos 15 d\u00edas sus posteos registraron entre 1,5 y 2,5 millones de reproducciones.<\/p>\n\n\n\n<ul class=\"wp-block-list\">\n<li>La cuenta oficial de Milei en TikTok -la m\u00e1s exitosa de sus cuentas oficiales- tiene videos con hasta 9 millones de visualizaciones<\/li>\n\n\n\n<li>TikTok genera un flujo interminable de videos cortos en formato vertical y es clave en la campa\u00f1a del libertario<\/li>\n\n\n\n<li>El formato e populariz\u00f3 en la pandemia, tiene much\u00edsima llegada a los adolescentes<\/li>\n\n\n\n<li>Por su algoritmo, es mucho m\u00e1s viral que el resto<\/li>\n<\/ul>\n\n\n\n<figure class=\"wp-block-image size-large\"><a href=\"https:\/\/www.elsindical.com.ar\/notas\/var\/www\/html\/notas\/wp-content\/uploads\/2024\/02\/Tomas-Jurado-1.jpeg\"><img loading=\"lazy\" decoding=\"async\" width=\"1024\" height=\"768\" src=\"https:\/\/www.elsindical.com.ar\/notas\/var\/www\/html\/notas\/wp-content\/uploads\/2024\/02\/Tomas-Jurado-1-1024x768.jpeg\" alt=\"\" class=\"wp-image-129032\" srcset=\"https:\/\/www.elsindical.com.ar\/notas\/var\/www\/html\/notas\/wp-content\/uploads\/2024\/02\/Tomas-Jurado-1-1024x768.jpeg 1024w, https:\/\/www.elsindical.com.ar\/notas\/var\/www\/html\/notas\/wp-content\/uploads\/2024\/02\/Tomas-Jurado-1-300x225.jpeg 300w, https:\/\/www.elsindical.com.ar\/notas\/var\/www\/html\/notas\/wp-content\/uploads\/2024\/02\/Tomas-Jurado-1-768x576.jpeg 768w, https:\/\/www.elsindical.com.ar\/notas\/var\/www\/html\/notas\/wp-content\/uploads\/2024\/02\/Tomas-Jurado-1-400x300.jpeg 400w, https:\/\/www.elsindical.com.ar\/notas\/var\/www\/html\/notas\/wp-content\/uploads\/2024\/02\/Tomas-Jurado-1.jpeg 1440w\" sizes=\"auto, (max-width: 1024px) 100vw, 1024px\" \/><\/a><\/figure>\n\n\n\n<p class=\"wp-block-paragraph\">I\u00f1aki Guti\u00e9rrez y Eugenia Rol\u00f3n en TikTok. Agust\u00edn Romo y Fernando Cerimedo en la estrategia de La Libertad Avanza. Y los comunicadores no oficiales que suelen trabajar en las oficinas de Ramiro Marra, entre los que est\u00e1n Tom\u00e1s Jurado y Mariano P\u00e9rez.<\/p>\n\n\n\n<p class=\"wp-block-paragraph\">Las cosas a medida que La Libertad Avanza, se fueron volviendo m\u00e1s complejas, ya no se trata de vender la imagen de Javier Milei, sino que ahora hay que sostener un relato donde mediante Fake News se instale en la sociedad la idea de que el \u00fanico camino es el del sufrimiento para crecer a 35 a\u00f1os, culpar a los gobiernos anteriores pero siempre demonizando al kirchnerismo en eso de mantener el 26% aportado por el macrismo y con eso no quedarse solo con el 30% original que tiene Milei. Solo en la Argentina pibes que se formaron en las redes sociales se codean con \u00abperiodistas\u00bb de los grandes medios para tener un mismo discurso.<\/p>\n\n\n\n<figure class=\"wp-block-image size-large\"><a href=\"https:\/\/www.elsindical.com.ar\/notas\/var\/www\/html\/notas\/wp-content\/uploads\/2024\/02\/Tomas-Jurado-3.jpeg\"><img loading=\"lazy\" decoding=\"async\" width=\"872\" height=\"1024\" src=\"https:\/\/www.elsindical.com.ar\/notas\/var\/www\/html\/notas\/wp-content\/uploads\/2024\/02\/Tomas-Jurado-3-872x1024.jpeg\" alt=\"\" class=\"wp-image-129033\" srcset=\"https:\/\/www.elsindical.com.ar\/notas\/var\/www\/html\/notas\/wp-content\/uploads\/2024\/02\/Tomas-Jurado-3-872x1024.jpeg 872w, https:\/\/www.elsindical.com.ar\/notas\/var\/www\/html\/notas\/wp-content\/uploads\/2024\/02\/Tomas-Jurado-3-255x300.jpeg 255w, https:\/\/www.elsindical.com.ar\/notas\/var\/www\/html\/notas\/wp-content\/uploads\/2024\/02\/Tomas-Jurado-3-768x902.jpeg 768w, https:\/\/www.elsindical.com.ar\/notas\/var\/www\/html\/notas\/wp-content\/uploads\/2024\/02\/Tomas-Jurado-3-1308x1536.jpeg 1308w, https:\/\/www.elsindical.com.ar\/notas\/var\/www\/html\/notas\/wp-content\/uploads\/2024\/02\/Tomas-Jurado-3.jpeg 1440w\" sizes=\"auto, (max-width: 872px) 100vw, 872px\" \/><\/a><\/figure>\n\n\n\n<figure class=\"wp-block-image size-large\"><a href=\"https:\/\/www.elsindical.com.ar\/notas\/var\/www\/html\/notas\/wp-content\/uploads\/2024\/02\/Tomas-Jurado-2.jpeg\"><img loading=\"lazy\" decoding=\"async\" width=\"820\" height=\"1024\" src=\"https:\/\/www.elsindical.com.ar\/notas\/var\/www\/html\/notas\/wp-content\/uploads\/2024\/02\/Tomas-Jurado-2-820x1024.jpeg\" alt=\"\" class=\"wp-image-129034\" srcset=\"https:\/\/www.elsindical.com.ar\/notas\/var\/www\/html\/notas\/wp-content\/uploads\/2024\/02\/Tomas-Jurado-2-820x1024.jpeg 820w, https:\/\/www.elsindical.com.ar\/notas\/var\/www\/html\/notas\/wp-content\/uploads\/2024\/02\/Tomas-Jurado-2-240x300.jpeg 240w, https:\/\/www.elsindical.com.ar\/notas\/var\/www\/html\/notas\/wp-content\/uploads\/2024\/02\/Tomas-Jurado-2-768x959.jpeg 768w, https:\/\/www.elsindical.com.ar\/notas\/var\/www\/html\/notas\/wp-content\/uploads\/2024\/02\/Tomas-Jurado-2-1229x1536.jpeg 1229w, https:\/\/www.elsindical.com.ar\/notas\/var\/www\/html\/notas\/wp-content\/uploads\/2024\/02\/Tomas-Jurado-2.jpeg 1440w\" sizes=\"auto, (max-width: 820px) 100vw, 820px\" \/><\/a><\/figure>\n\n\n\n<p class=\"wp-block-paragraph\">Ya no trabajan solos estos muchachos, sino que han armado estructuras o trolls que adem\u00e1s de sostener el relato acosan a los que no comparten las medidas del gobierno, sus ataques no tienen l\u00edmites ni c\u00f3digos, agreden al entorno familiar, se burlan de desgracias o enfermedades y son evaluados por el propio Javier Milei que difunde sus publicaciones.<\/p>\n\n\n\n<p class=\"wp-block-paragraph\">La conclusi\u00f3n es que NO HAY PLATA, para los m\u00e1s necesitados, pero s\u00ed, para seguir repartiendo cargos con sueldos millonarios a los l\u00edderes de los ej\u00e9rcitos virtuales de un gobierno que se cae a pedazos en la realidad, pero son fuertes en lo virtual, donde personajes como el propio Milei, que no posee un cuerpo atl\u00e9tico, que padece de varias dolencias que incluso le dificultan sentarse se representa como un enorme y fuerte le\u00f3n, nada m\u00e1s lejos de la realidad de alguien traumado, abusado, limitado y que agrede por desconfianza, porque sabe que es reh\u00e9n de un grupo de gente que no lo sigue por sus ideas, sino que es un producto que hoy interesa en las redes, pero TODO PASA y cuando eso ocurra, Javier Milei no ser\u00e1 ni un GATITO, pasar\u00e1 a la historia como un mesi\u00e1nico, un traidor a la Argentina, un insensible y varios sellos de los que no se vuelve, como lo de \u00abMilei pito corto\u00bb.<\/p>\n\n\n\n<p class=\"wp-block-paragraph\">Por Marcelo Ricardo Hawrylciw<\/p>\n","protected":false},"excerpt":{"rendered":"<p>Luego del triunfo de Javier Milei, que primero obtuvo un porcentaje de votos del 30% con una campa\u00f1a fuerte y sostenida en las redes sociales, con videos de poco m\u00e1s de un minuto que simulaban encuentros callejeros con el economista libertario donde \u00e9l respond\u00eda como si estuviera dando una clase y en la que inclu\u00eda&hellip;<\/p>\n","protected":false},"author":1,"featured_media":129031,"comment_status":"open","ping_status":"open","sticky":false,"template":"","format":"standard","meta":{"footnotes":""},"categories":[10],"tags":[41335,2450,29819,42397,42341,28812,40079,42398,37066,33441,42396,40812,369],"class_list":["post-129030","post","type-post","status-publish","format-standard","has-post-thumbnail","hentry","category-editorial","tag-agustin-romo","tag-diario-el-sindical","tag-eduardo-feinmann","tag-el-peluca-milei","tag-fernando-cerimedo","tag-javier-milei","tag-marcela-pagano","tag-mariano-perez","tag-ramiro-marra","tag-tik-tok","tag-tomas-jurado","tag-victoria-villaruel","tag-you-tube"],"_links":{"self":[{"href":"https:\/\/www.elsindical.com.ar\/notas\/wp-json\/wp\/v2\/posts\/129030","targetHints":{"allow":["GET"]}}],"collection":[{"href":"https:\/\/www.elsindical.com.ar\/notas\/wp-json\/wp\/v2\/posts"}],"about":[{"href":"https:\/\/www.elsindical.com.ar\/notas\/wp-json\/wp\/v2\/types\/post"}],"author":[{"embeddable":true,"href":"https:\/\/www.elsindical.com.ar\/notas\/wp-json\/wp\/v2\/users\/1"}],"replies":[{"embeddable":true,"href":"https:\/\/www.elsindical.com.ar\/notas\/wp-json\/wp\/v2\/comments?post=129030"}],"version-history":[{"count":1,"href":"https:\/\/www.elsindical.com.ar\/notas\/wp-json\/wp\/v2\/posts\/129030\/revisions"}],"predecessor-version":[{"id":129035,"href":"https:\/\/www.elsindical.com.ar\/notas\/wp-json\/wp\/v2\/posts\/129030\/revisions\/129035"}],"wp:featuredmedia":[{"embeddable":true,"href":"https:\/\/www.elsindical.com.ar\/notas\/wp-json\/wp\/v2\/media\/129031"}],"wp:attachment":[{"href":"https:\/\/www.elsindical.com.ar\/notas\/wp-json\/wp\/v2\/media?parent=129030"}],"wp:term":[{"taxonomy":"category","embeddable":true,"href":"https:\/\/www.elsindical.com.ar\/notas\/wp-json\/wp\/v2\/categories?post=129030"},{"taxonomy":"post_tag","embeddable":true,"href":"https:\/\/www.elsindical.com.ar\/notas\/wp-json\/wp\/v2\/tags?post=129030"}],"curies":[{"name":"wp","href":"https:\/\/api.w.org\/{rel}","templated":true}]}}