{"id":129003,"date":"2024-02-27T03:22:01","date_gmt":"2024-02-27T06:22:01","guid":{"rendered":"https:\/\/www.elsindical.com.ar\/notas\/?p=129003"},"modified":"2024-02-27T03:22:05","modified_gmt":"2024-02-27T06:22:05","slug":"eeuu-soldado-se-prende-fuego-frente-a-embajada-de-israel","status":"publish","type":"post","link":"https:\/\/www.elsindical.com.ar\/notas\/eeuu-soldado-se-prende-fuego-frente-a-embajada-de-israel\/","title":{"rendered":"EEUU: Soldado se prende fuego frente a embajada de \u201cIsrael\u201d"},"content":{"rendered":"<div class=\"wp-block-image\">\n<figure class=\"aligncenter size-full is-resized\"><a href=\"https:\/\/www.elsindical.com.ar\/notas\/var\/www\/html\/notas\/wp-content\/uploads\/2024\/02\/soldado-inmolado-EEUU-embajada-de-Israel.jpg\"><img loading=\"lazy\" decoding=\"async\" width=\"490\" height=\"342\" src=\"https:\/\/www.elsindical.com.ar\/notas\/var\/www\/html\/notas\/wp-content\/uploads\/2024\/02\/soldado-inmolado-EEUU-embajada-de-Israel.jpg\" alt=\"\" class=\"wp-image-129004\" style=\"width:638px;height:auto\" srcset=\"https:\/\/www.elsindical.com.ar\/notas\/var\/www\/html\/notas\/wp-content\/uploads\/2024\/02\/soldado-inmolado-EEUU-embajada-de-Israel.jpg 490w, https:\/\/www.elsindical.com.ar\/notas\/var\/www\/html\/notas\/wp-content\/uploads\/2024\/02\/soldado-inmolado-EEUU-embajada-de-Israel-300x209.jpg 300w, https:\/\/www.elsindical.com.ar\/notas\/var\/www\/html\/notas\/wp-content\/uploads\/2024\/02\/soldado-inmolado-EEUU-embajada-de-Israel-430x300.jpg 430w\" sizes=\"auto, (max-width: 490px) 100vw, 490px\" \/><\/a><\/figure>\n<\/div>\n\n\n<p class=\"wp-block-paragraph\">De acuerdo con testigos del incidente, al momento de autoincendiarse grit\u00f3: \u201cYa no ser\u00e9 c\u00f3mplice del genocidio\u201d, y repiti\u00f3 varias veces: \u201c\u00a1Palestina libre!\u201d.<\/p>\n\n\n\n<p class=\"wp-block-paragraph\">El suceso en Washington llam\u00f3 la atenci\u00f3n en las plataformas de redes sociales por el fuerte mensaje de rechazo al genocidio en Palestina.<\/p>\n\n\n\n<p class=\"wp-block-paragraph\">Un soldado de Estados Unidos decidi\u00f3 prenderse fuego frente a la Embajada de \u201cIsrael\u201d en la ciudad de Washington, como protesta por el genocidio en la Franza de Gaza.<\/p>\n\n\n\n<p class=\"wp-block-paragraph\">Seg\u00fan confirmaron al diario The Daily Beast los servicios locales de bomberos y emergencias (FEMS), el joven se encuentra en estado cr\u00edtico.<\/p>\n\n\n\n<p class=\"wp-block-paragraph\">Un equipo respondi\u00f3 a una llamada sobre una persona en llamas poco despu\u00e9s del mediod\u00eda de este domingo, pero al llegar al lugar encontraron al quemado ya apagado, pues miembros del Servicio Secreto de EE.UU. extinguieron el fuego, explic\u00f3 al diario el oficial de informaci\u00f3n p\u00fablica de la FEMS, Vito Maggiolo.<\/p>\n\n\n\n<p class=\"wp-block-paragraph\">El hombre fue llevado a un hospital local para ser tratado por las severas lesiones.<br>Por su parte, el Ministerio de Relaciones Exteriores israel\u00ed emiti\u00f3 un comunicado para confirmar el suceso, y aclar\u00f3 que el individuo no era conocido en la embajada antes de su autoinmolaci\u00f3n.<\/p>\n\n\n\n<p class=\"wp-block-paragraph\">El hecho llam\u00f3 de inmediato la atenci\u00f3n en las redes sociales, donde lo describen como <strong>Aron Bushnell<\/strong> (25) un soldado de la Fuerza A\u00e9rea de EE.UU. por declaraci\u00f3n propia y por el uniforme.<\/p>\n\n\n\n<figure class=\"wp-block-video\"><video height=\"922\" style=\"aspect-ratio: 720 \/ 922;\" width=\"720\" controls src=\"https:\/\/www.elsindical.com.ar\/notas\/var\/www\/html\/notas\/wp-content\/uploads\/2024\/02\/soldado-EEUU-inmolado-embajada-Israel.mp4\"><\/video><\/figure>\n","protected":false},"excerpt":{"rendered":"<p>De acuerdo con testigos del incidente, al momento de autoincendiarse grit\u00f3: \u201cYa no ser\u00e9 c\u00f3mplice del genocidio\u201d, y repiti\u00f3 varias veces: \u201c\u00a1Palestina libre!\u201d. El suceso en Washington llam\u00f3 la atenci\u00f3n en las plataformas de redes sociales por el fuerte mensaje de rechazo al genocidio en Palestina. Un soldado de Estados Unidos decidi\u00f3 prenderse fuego frente&hellip;<\/p>\n","protected":false},"author":1,"featured_media":129004,"comment_status":"open","ping_status":"open","sticky":false,"template":"","format":"standard","meta":{"footnotes":""},"categories":[18],"tags":[42380,2450,141,30349,41723,3533,30775],"class_list":["post-129003","post","type-post","status-publish","format-standard","has-post-thumbnail","hentry","category-internacionales","tag-aron-bushnell","tag-diario-el-sindical","tag-eeuu","tag-embajada-de-israel","tag-franja-de-gaza","tag-palestina","tag-whashington"],"_links":{"self":[{"href":"https:\/\/www.elsindical.com.ar\/notas\/wp-json\/wp\/v2\/posts\/129003","targetHints":{"allow":["GET"]}}],"collection":[{"href":"https:\/\/www.elsindical.com.ar\/notas\/wp-json\/wp\/v2\/posts"}],"about":[{"href":"https:\/\/www.elsindical.com.ar\/notas\/wp-json\/wp\/v2\/types\/post"}],"author":[{"embeddable":true,"href":"https:\/\/www.elsindical.com.ar\/notas\/wp-json\/wp\/v2\/users\/1"}],"replies":[{"embeddable":true,"href":"https:\/\/www.elsindical.com.ar\/notas\/wp-json\/wp\/v2\/comments?post=129003"}],"version-history":[{"count":1,"href":"https:\/\/www.elsindical.com.ar\/notas\/wp-json\/wp\/v2\/posts\/129003\/revisions"}],"predecessor-version":[{"id":129006,"href":"https:\/\/www.elsindical.com.ar\/notas\/wp-json\/wp\/v2\/posts\/129003\/revisions\/129006"}],"wp:featuredmedia":[{"embeddable":true,"href":"https:\/\/www.elsindical.com.ar\/notas\/wp-json\/wp\/v2\/media\/129004"}],"wp:attachment":[{"href":"https:\/\/www.elsindical.com.ar\/notas\/wp-json\/wp\/v2\/media?parent=129003"}],"wp:term":[{"taxonomy":"category","embeddable":true,"href":"https:\/\/www.elsindical.com.ar\/notas\/wp-json\/wp\/v2\/categories?post=129003"},{"taxonomy":"post_tag","embeddable":true,"href":"https:\/\/www.elsindical.com.ar\/notas\/wp-json\/wp\/v2\/tags?post=129003"}],"curies":[{"name":"wp","href":"https:\/\/api.w.org\/{rel}","templated":true}]}}