{"id":128990,"date":"2024-02-26T19:51:05","date_gmt":"2024-02-26T22:51:05","guid":{"rendered":"https:\/\/www.elsindical.com.ar\/notas\/?p=128990"},"modified":"2024-02-26T19:51:09","modified_gmt":"2024-02-26T22:51:09","slug":"la-diputada-cele-fierro-convoca-a-audiencia-en-la-legislatura-por-el-boleto-educativo","status":"publish","type":"post","link":"https:\/\/www.elsindical.com.ar\/notas\/la-diputada-cele-fierro-convoca-a-audiencia-en-la-legislatura-por-el-boleto-educativo\/","title":{"rendered":"La diputada Cele Fierro convoca a audiencia en la Legislatura por el Boleto Educativo"},"content":{"rendered":"<div class=\"wp-block-image\">\n<figure class=\"aligncenter size-full\"><a href=\"https:\/\/www.elsindical.com.ar\/notas\/var\/www\/html\/notas\/wp-content\/uploads\/2024\/02\/Cele-Fierro-desercion-escolar.jpg\"><img loading=\"lazy\" decoding=\"async\" width=\"538\" height=\"536\" src=\"https:\/\/www.elsindical.com.ar\/notas\/var\/www\/html\/notas\/wp-content\/uploads\/2024\/02\/Cele-Fierro-desercion-escolar.jpg\" alt=\"\" class=\"wp-image-128991\" srcset=\"https:\/\/www.elsindical.com.ar\/notas\/var\/www\/html\/notas\/wp-content\/uploads\/2024\/02\/Cele-Fierro-desercion-escolar.jpg 538w, https:\/\/www.elsindical.com.ar\/notas\/var\/www\/html\/notas\/wp-content\/uploads\/2024\/02\/Cele-Fierro-desercion-escolar-300x300.jpg 300w, https:\/\/www.elsindical.com.ar\/notas\/var\/www\/html\/notas\/wp-content\/uploads\/2024\/02\/Cele-Fierro-desercion-escolar-150x150.jpg 150w, https:\/\/www.elsindical.com.ar\/notas\/var\/www\/html\/notas\/wp-content\/uploads\/2024\/02\/Cele-Fierro-desercion-escolar-301x300.jpg 301w, https:\/\/www.elsindical.com.ar\/notas\/var\/www\/html\/notas\/wp-content\/uploads\/2024\/02\/Cele-Fierro-desercion-escolar-50x50.jpg 50w\" sizes=\"auto, (max-width: 538px) 100vw, 538px\" \/><\/a><\/figure>\n<\/div>\n\n\n<p>La diputada de izquierda porte\u00f1a <strong>Cele Fierro<\/strong> (Frente de Izquierda Unidad-MST) anunci\u00f3 la presentaci\u00f3n de un proyecto de ley para implementar <strong>el Boleto Educativo en la Ciudad, abarcando a estudiantes universitarios, terciarios y docentes y no-docentes de todos los niveles.<\/strong> El pr\u00f3ximo mi\u00e9rcoles 28\/2 desde el bloque que encabeza la legisladora, se convoca a una Audiencia en el Sal\u00f3n Montevideo de la Legislatura.<\/p>\n\n\n\n<p><strong>Cele Fierro<\/strong> manifest\u00f3: <em>\u00abA la escalada de precios en general, la licuaci\u00f3n de ingresos de las familias Jorge Macri suma un tarifazo en el servicio de subte que prev\u00e9 757 pesos para junio. En ese contexto, con el aumento de colectivos tambi\u00e9n, directamente se potencia la deserci\u00f3n educativa en profesorados y universidades. Por eso, es urgente discutir como pol\u00edtica que defienda el derecho a la educaci\u00f3n, un Boleto Educativo que abarque estudiantes universitarios y de profesorados\u00bb.<\/em><\/p>\n\n\n\n<p>Finalmente, la diputada <strong>Fierro<\/strong>, agreg\u00f3: <em>\u00abAdem\u00e1s, queremos ampliar el beneficio a educadores, a no-docentes, y personas acompa\u00f1antes para los niveles inicial, primaria y educaci\u00f3n especial. Y planteamos, que el costo se impute a la rentabilidad de la concesionaria del subte, como en las empresas de colectivos, a los propietarios de las mismas, sin traslado al precio del boleto de los dem\u00e1s pasajeros. Es decir: es una medida de costo cero para el Gobierno de la Ciudad de Buenos Aires\u00bb.<\/em><\/p>\n\n\n\n<p>Desde el despacho de la diputada del MST-Frente de Izquierda Unidad, anticiparon que est\u00e1n invitados a la Audiencia del pr\u00f3ximo 28\/2 Centros de Estudiantes, representantes de la docencia y de la comunidad en general. Tambi\u00e9n, aclararon que har\u00e1n extensiva la propuesta a otros bloques de la Legislatura para unificar la iniciativa sobre este tema.<\/p>\n","protected":false},"excerpt":{"rendered":"<p>La diputada de izquierda porte\u00f1a Cele Fierro (Frente de Izquierda Unidad-MST) anunci\u00f3 la presentaci\u00f3n de un proyecto de ley para implementar el Boleto Educativo en la Ciudad, abarcando a estudiantes universitarios, terciarios y docentes y no-docentes de todos los niveles. El pr\u00f3ximo mi\u00e9rcoles 28\/2 desde el bloque que encabeza la legisladora, se convoca a una&hellip;<\/p>\n","protected":false},"author":1,"featured_media":128991,"comment_status":"open","ping_status":"open","sticky":false,"template":"","format":"standard","meta":{"footnotes":""},"categories":[13],"tags":[8343,42375,35825,2450,42152],"class_list":["post-128990","post","type-post","status-publish","format-standard","has-post-thumbnail","hentry","category-politica","tag-audiencia-publica","tag-boleto-educativo","tag-cele-fierro","tag-diario-el-sindical","tag-mst-frente-de-izquierda-unidad"],"_links":{"self":[{"href":"https:\/\/www.elsindical.com.ar\/notas\/wp-json\/wp\/v2\/posts\/128990","targetHints":{"allow":["GET"]}}],"collection":[{"href":"https:\/\/www.elsindical.com.ar\/notas\/wp-json\/wp\/v2\/posts"}],"about":[{"href":"https:\/\/www.elsindical.com.ar\/notas\/wp-json\/wp\/v2\/types\/post"}],"author":[{"embeddable":true,"href":"https:\/\/www.elsindical.com.ar\/notas\/wp-json\/wp\/v2\/users\/1"}],"replies":[{"embeddable":true,"href":"https:\/\/www.elsindical.com.ar\/notas\/wp-json\/wp\/v2\/comments?post=128990"}],"version-history":[{"count":1,"href":"https:\/\/www.elsindical.com.ar\/notas\/wp-json\/wp\/v2\/posts\/128990\/revisions"}],"predecessor-version":[{"id":128992,"href":"https:\/\/www.elsindical.com.ar\/notas\/wp-json\/wp\/v2\/posts\/128990\/revisions\/128992"}],"wp:featuredmedia":[{"embeddable":true,"href":"https:\/\/www.elsindical.com.ar\/notas\/wp-json\/wp\/v2\/media\/128991"}],"wp:attachment":[{"href":"https:\/\/www.elsindical.com.ar\/notas\/wp-json\/wp\/v2\/media?parent=128990"}],"wp:term":[{"taxonomy":"category","embeddable":true,"href":"https:\/\/www.elsindical.com.ar\/notas\/wp-json\/wp\/v2\/categories?post=128990"},{"taxonomy":"post_tag","embeddable":true,"href":"https:\/\/www.elsindical.com.ar\/notas\/wp-json\/wp\/v2\/tags?post=128990"}],"curies":[{"name":"wp","href":"https:\/\/api.w.org\/{rel}","templated":true}]}}