{"id":128981,"date":"2024-02-26T17:07:13","date_gmt":"2024-02-26T20:07:13","guid":{"rendered":"https:\/\/www.elsindical.com.ar\/notas\/?p=128981"},"modified":"2024-02-26T19:49:30","modified_gmt":"2024-02-26T22:49:30","slug":"lanus-otro-muerto-y-van-acribillan-la-camioneta-de-un-mecanico-de-19-anos","status":"publish","type":"post","link":"https:\/\/www.elsindical.com.ar\/notas\/lanus-otro-muerto-y-van-acribillan-la-camioneta-de-un-mecanico-de-19-anos\/","title":{"rendered":"Lan\u00fas: Otro muerto y van, acribillan la camioneta de un mec\u00e1nico de 19 a\u00f1os"},"content":{"rendered":"<div class=\"wp-block-image\">\n<figure class=\"aligncenter size-full\"><a href=\"https:\/\/www.elsindical.com.ar\/notas\/var\/www\/html\/notas\/wp-content\/uploads\/2024\/02\/mecanico-acribillado-en-Lanus.jpg\"><img loading=\"lazy\" decoding=\"async\" width=\"780\" height=\"505\" src=\"https:\/\/www.elsindical.com.ar\/notas\/var\/www\/html\/notas\/wp-content\/uploads\/2024\/02\/mecanico-acribillado-en-Lanus.jpg\" alt=\"\" class=\"wp-image-128982\" srcset=\"https:\/\/www.elsindical.com.ar\/notas\/var\/www\/html\/notas\/wp-content\/uploads\/2024\/02\/mecanico-acribillado-en-Lanus.jpg 780w, https:\/\/www.elsindical.com.ar\/notas\/var\/www\/html\/notas\/wp-content\/uploads\/2024\/02\/mecanico-acribillado-en-Lanus-300x194.jpg 300w, https:\/\/www.elsindical.com.ar\/notas\/var\/www\/html\/notas\/wp-content\/uploads\/2024\/02\/mecanico-acribillado-en-Lanus-768x497.jpg 768w, https:\/\/www.elsindical.com.ar\/notas\/var\/www\/html\/notas\/wp-content\/uploads\/2024\/02\/mecanico-acribillado-en-Lanus-463x300.jpg 463w\" sizes=\"auto, (max-width: 780px) 100vw, 780px\" \/><\/a><\/figure>\n<\/div>\n\n\n<p>El crimen puede estar relacionado a un conflicto por una relaci\u00f3n que manten\u00eda la v\u00edctima con una adolescente.<\/p>\n\n\n\n<p>Un mec\u00e1nico de 19 a\u00f1os fue asesinado de dos de los al menos 10 balazos que le dispararon mientras circulaba con su camioneta en el partido bonaerense de Lan\u00fas y los investigadores sospechan que el crimen puede estar relacionado a un conflicto por una relaci\u00f3n que manten\u00eda la v\u00edctima con una adolescente, informaron hoy fuentes policiales y judiciales.<\/p>\n\n\n\n<p>El hecho se registr\u00f3 el s\u00e1bado pasada la 1 de la madrugada, y todo comenz\u00f3 cuando el conductor de una camioneta Ford F100, identificado como <strong>Enzo Cappi<\/strong> (19), choc\u00f3 contra un poste de luz ubicado en la intersecci\u00f3n de las calles Jos\u00e9 Le\u00f3n Su\u00e1rez y Benito P\u00e9rez, en la mencionada localidad del sur del conurbano bonaerense.<\/p>\n\n\n\n<p>Esa secuencia qued\u00f3 registrada en un video de una c\u00e1mara de seguridad, donde se observa que Cappi se desv\u00eda y colisiona.<\/p>\n\n\n\n<p>Al respecto, los voceros se\u00f1alaron que Cappi hab\u00eda perdido el control de su veh\u00edculo porque hab\u00eda recibido al menos dos disparos en el abdomen, public\u00f3 T\u00e9lam.<\/p>\n\n\n\n<p>A su vez, se constat\u00f3 que estaba baleado todo el lateral izquierdo de la camioneta, donde se contabilizaron al menos 10 orificios de proyectil.<\/p>\n\n\n\n<p><strong>Los vecinos alertaron de inmediato al 911 y los polic\u00edas que llegaron al lugar determinaron que el conductor ten\u00eda dos heridas en la zona del abdomen<\/strong>&nbsp;y que la camioneta ten\u00eda la marca de diez orificios de bala.<\/p>\n\n\n\n<p>La camioneta qued\u00f3 con el capot levantado por el impacto, con el parabrisas da\u00f1ado y arriba de la caja llevaba dos motocicletas que acababa de cargar porque ten\u00eda planeado salir pocos minutos despu\u00e9s de vacaciones.<\/p>\n\n\n\n<p><strong>\u201cEstaba con su familia porque se estaba por ir de vacaciones. Una vez que guard\u00f3 las cosas en la camioneta fue a cargar nafta.<\/strong>&nbsp;La familia not\u00f3 que no regresaba y al rato se enteraron de que le dispararon\u201d, dijo investigador a la prensa.<\/p>\n\n\n\n<p>La pesquisa comenz\u00f3 a despejarse minutos m\u00e1s tarde cuando un testigo que declar\u00f3 en la causa dijo que vio a dos Volkswagen Bora, uno conducido por Liway, y el otro por su hijo, Leonardo (19), persiguiendo a la F100 de Enzo.<\/p>\n\n\n\n<p><strong>\u201cEl testigo indic\u00f3 que le ven\u00edan disparando\u201d<\/strong>, asegur\u00f3 la fuente judicial, quien explic\u00f3 que esa misma persona indic\u00f3 a las personas que conduc\u00edan los autos porque los conoc\u00eda del barrio.<\/p>\n\n\n<div class=\"wp-block-image\">\n<figure class=\"aligncenter size-full\"><a href=\"https:\/\/www.elsindical.com.ar\/notas\/var\/www\/html\/notas\/wp-content\/uploads\/2024\/02\/Victor-Liway.jpg\"><img loading=\"lazy\" decoding=\"async\" width=\"418\" height=\"404\" src=\"https:\/\/www.elsindical.com.ar\/notas\/var\/www\/html\/notas\/wp-content\/uploads\/2024\/02\/Victor-Liway.jpg\" alt=\"\" class=\"wp-image-128987\" srcset=\"https:\/\/www.elsindical.com.ar\/notas\/var\/www\/html\/notas\/wp-content\/uploads\/2024\/02\/Victor-Liway.jpg 418w, https:\/\/www.elsindical.com.ar\/notas\/var\/www\/html\/notas\/wp-content\/uploads\/2024\/02\/Victor-Liway-300x290.jpg 300w, https:\/\/www.elsindical.com.ar\/notas\/var\/www\/html\/notas\/wp-content\/uploads\/2024\/02\/Victor-Liway-310x300.jpg 310w\" sizes=\"auto, (max-width: 418px) 100vw, 418px\" \/><\/a><\/figure>\n<\/div>\n\n\n<p>Los investigadores\u00a0<strong>ya ordenaron la captura de V\u00edctor Liway (foto), conocido como \u201cEl Mec\u00e1nico\u201d, y de su hijo Leonardo Liway<\/strong>, de 19 a\u00f1os, a quienes al menos un testigo, cuyo testimonio fue incorporado al expediente- los vio persiguiendo a Capis en dos autom\u00f3viles Volkswagen Bora.<\/p>\n\n\n\n<figure class=\"wp-block-embed is-type-video is-provider-youtube wp-block-embed-youtube wp-embed-aspect-16-9 wp-has-aspect-ratio\"><div class=\"wp-block-embed__wrapper\">\n<iframe loading=\"lazy\" title=\"Lan\u00fas, otro asesinato\" width=\"700\" height=\"394\" src=\"https:\/\/www.youtube.com\/embed\/RwF3k-4yHuo?feature=oembed\" frameborder=\"0\" allow=\"accelerometer; autoplay; clipboard-write; encrypted-media; gyroscope; picture-in-picture; web-share\" allowfullscreen><\/iframe>\n<\/div><\/figure>\n","protected":false},"excerpt":{"rendered":"<p>El crimen puede estar relacionado a un conflicto por una relaci\u00f3n que manten\u00eda la v\u00edctima con una adolescente. Un mec\u00e1nico de 19 a\u00f1os fue asesinado de dos de los al menos 10 balazos que le dispararon mientras circulaba con su camioneta en el partido bonaerense de Lan\u00fas y los investigadores sospechan que el crimen puede&hellip;<\/p>\n","protected":false},"author":1,"featured_media":128982,"comment_status":"open","ping_status":"open","sticky":false,"template":"","format":"standard","meta":{"footnotes":""},"categories":[22],"tags":[13851,2450,42372,2329,984,39958,209,42374,32510,41983,42373],"class_list":["post-128981","post","type-post","status-publish","format-standard","has-post-thumbnail","hentry","category-policiales","tag-acribillado","tag-diario-el-sindical","tag-enzo-cappi","tag-homicidio","tag-inseguridad","tag-julian-alvarez-2","tag-lanus","tag-leonardo-liway","tag-mecanico-2","tag-sebastian-castillo","tag-victor-liway"],"_links":{"self":[{"href":"https:\/\/www.elsindical.com.ar\/notas\/wp-json\/wp\/v2\/posts\/128981","targetHints":{"allow":["GET"]}}],"collection":[{"href":"https:\/\/www.elsindical.com.ar\/notas\/wp-json\/wp\/v2\/posts"}],"about":[{"href":"https:\/\/www.elsindical.com.ar\/notas\/wp-json\/wp\/v2\/types\/post"}],"author":[{"embeddable":true,"href":"https:\/\/www.elsindical.com.ar\/notas\/wp-json\/wp\/v2\/users\/1"}],"replies":[{"embeddable":true,"href":"https:\/\/www.elsindical.com.ar\/notas\/wp-json\/wp\/v2\/comments?post=128981"}],"version-history":[{"count":4,"href":"https:\/\/www.elsindical.com.ar\/notas\/wp-json\/wp\/v2\/posts\/128981\/revisions"}],"predecessor-version":[{"id":128989,"href":"https:\/\/www.elsindical.com.ar\/notas\/wp-json\/wp\/v2\/posts\/128981\/revisions\/128989"}],"wp:featuredmedia":[{"embeddable":true,"href":"https:\/\/www.elsindical.com.ar\/notas\/wp-json\/wp\/v2\/media\/128982"}],"wp:attachment":[{"href":"https:\/\/www.elsindical.com.ar\/notas\/wp-json\/wp\/v2\/media?parent=128981"}],"wp:term":[{"taxonomy":"category","embeddable":true,"href":"https:\/\/www.elsindical.com.ar\/notas\/wp-json\/wp\/v2\/categories?post=128981"},{"taxonomy":"post_tag","embeddable":true,"href":"https:\/\/www.elsindical.com.ar\/notas\/wp-json\/wp\/v2\/tags?post=128981"}],"curies":[{"name":"wp","href":"https:\/\/api.w.org\/{rel}","templated":true}]}}