{"id":128932,"date":"2024-02-24T12:48:53","date_gmt":"2024-02-24T15:48:53","guid":{"rendered":"https:\/\/www.elsindical.com.ar\/notas\/?p=128932"},"modified":"2024-02-24T12:48:57","modified_gmt":"2024-02-24T15:48:57","slug":"esteban-echeverria-detuvieron-a-un-hombre-por-reduccion-a-la-servidumbre-y-explotacion-sexual","status":"publish","type":"post","link":"https:\/\/www.elsindical.com.ar\/notas\/esteban-echeverria-detuvieron-a-un-hombre-por-reduccion-a-la-servidumbre-y-explotacion-sexual\/","title":{"rendered":"Esteban Echeverr\u00eda: Detuvieron a un hombre por reducci\u00f3n a la servidumbre y explotaci\u00f3n sexual"},"content":{"rendered":"\n<figure class=\"wp-block-image size-large\"><a href=\"https:\/\/www.elsindical.com.ar\/notas\/var\/www\/html\/notas\/wp-content\/uploads\/2024\/02\/detenido-PFA-Esteban-Echeverria.jpg\"><img loading=\"lazy\" decoding=\"async\" width=\"1024\" height=\"576\" src=\"https:\/\/www.elsindical.com.ar\/notas\/var\/www\/html\/notas\/wp-content\/uploads\/2024\/02\/detenido-PFA-Esteban-Echeverria-1024x576.jpg\" alt=\"\" class=\"wp-image-128933\" srcset=\"https:\/\/www.elsindical.com.ar\/notas\/var\/www\/html\/notas\/wp-content\/uploads\/2024\/02\/detenido-PFA-Esteban-Echeverria-1024x576.jpg 1024w, https:\/\/www.elsindical.com.ar\/notas\/var\/www\/html\/notas\/wp-content\/uploads\/2024\/02\/detenido-PFA-Esteban-Echeverria-300x169.jpg 300w, https:\/\/www.elsindical.com.ar\/notas\/var\/www\/html\/notas\/wp-content\/uploads\/2024\/02\/detenido-PFA-Esteban-Echeverria-768x432.jpg 768w, https:\/\/www.elsindical.com.ar\/notas\/var\/www\/html\/notas\/wp-content\/uploads\/2024\/02\/detenido-PFA-Esteban-Echeverria-500x281.jpg 500w, https:\/\/www.elsindical.com.ar\/notas\/var\/www\/html\/notas\/wp-content\/uploads\/2024\/02\/detenido-PFA-Esteban-Echeverria-460x260.jpg 460w, https:\/\/www.elsindical.com.ar\/notas\/var\/www\/html\/notas\/wp-content\/uploads\/2024\/02\/detenido-PFA-Esteban-Echeverria.jpg 1200w\" sizes=\"auto, (max-width: 1024px) 100vw, 1024px\" \/><\/a><\/figure>\n\n\n\n<p>La mujer estuvo cautiva en un taller textil de Esteban Echeverr\u00eda. Producto de los abusos sexuales, la mujer qued\u00f3 embarazada.<\/p>\n\n\n\n<p>Un hombre <strong>acusado de privar de su libertad y someter sexual, f\u00edsica y verbalmente a su pareja<\/strong>, en un taller textil ubicado en Esteban Echeverr\u00eda, fue detenido en las \u00faltimas horas.<\/p>\n\n\n\n<p><strong>La investigaci\u00f3n comenz\u00f3 en noviembre pasado<\/strong>, cuando la v\u00edctima denunci\u00f3 ante la Unidad Funcional de Instrucci\u00f3n y Juicio N\u00b03 Descentralizada de Esteban Echeverr\u00eda el drama que hab\u00eda vivido.<\/p>\n\n\n\n<p>Explic\u00f3 que el a\u00f1o pasado en Paraguay (su pa\u00eds nata) conoci\u00f3 y entabl\u00f3 una relaci\u00f3n amorosa con el acusado, quien le ofreci\u00f3 una mejor vida en Argentina y la traslad\u00f3 hasta un domicilio de la provincia de Buenos Aires.<\/p>\n\n\n\n<p>All\u00ed, \u201c<strong>la mantuvo cautiva durante varios meses someti\u00e9ndola a realizar trabajos de costura, sum\u00e1ndose a ello, privaci\u00f3n de la libertad y abusos sexuales en forma reiteradas, las cuales conllevaron a un embarazo<\/strong> de la misma\u201d, informaron las fuentes.<\/p>\n\n\n\n<p>La Polic\u00eda Federal pudo determinar que ya no viv\u00eda en el domicilio que figuraba en la denuncia ya que en enero se mud\u00f3 a una vivienda ubicada en la localidad de 9 de Abril, a unas 15 cuadras de la anterior.<\/p>\n\n\n\n<p>El Juzgado de Garant\u00edas N\u00b0 2 de Esteban Echeverr\u00eda, a cargo de Javier Mafucci Moore, dispuso una discreta vigilancia en la zona hasta que horas m\u00e1s tarde, lograron su detenci\u00f3n en momentos en el que sal\u00eda de la casa.<\/p>\n\n\n\n<p>El detenido, de 60 a\u00f1os y oriundo de Paraguay, fue alojado en una comisar\u00eda de Esteban Echeverr\u00eda, a disposici\u00f3n del magistrado interventor por el delito de <strong>\u201cTrata de Personas Agravada\u201d<\/strong>.<\/p>\n","protected":false},"excerpt":{"rendered":"<p>La mujer estuvo cautiva en un taller textil de Esteban Echeverr\u00eda. Producto de los abusos sexuales, la mujer qued\u00f3 embarazada. Un hombre acusado de privar de su libertad y someter sexual, f\u00edsica y verbalmente a su pareja, en un taller textil ubicado en Esteban Echeverr\u00eda, fue detenido en las \u00faltimas horas. La investigaci\u00f3n comenz\u00f3 en&hellip;<\/p>\n","protected":false},"author":1,"featured_media":128933,"comment_status":"open","ping_status":"open","sticky":false,"template":"","format":"standard","meta":{"footnotes":""},"categories":[22],"tags":[5943,2450,34363,698,8815,42358],"class_list":["post-128932","post","type-post","status-publish","format-standard","has-post-thumbnail","hentry","category-policiales","tag-abusos-sexuales","tag-diario-el-sindical","tag-esteban-echeveria","tag-pfa","tag-reduccion-a-la-servidumbre","tag-trata-de-personas-agravada"],"_links":{"self":[{"href":"https:\/\/www.elsindical.com.ar\/notas\/wp-json\/wp\/v2\/posts\/128932","targetHints":{"allow":["GET"]}}],"collection":[{"href":"https:\/\/www.elsindical.com.ar\/notas\/wp-json\/wp\/v2\/posts"}],"about":[{"href":"https:\/\/www.elsindical.com.ar\/notas\/wp-json\/wp\/v2\/types\/post"}],"author":[{"embeddable":true,"href":"https:\/\/www.elsindical.com.ar\/notas\/wp-json\/wp\/v2\/users\/1"}],"replies":[{"embeddable":true,"href":"https:\/\/www.elsindical.com.ar\/notas\/wp-json\/wp\/v2\/comments?post=128932"}],"version-history":[{"count":1,"href":"https:\/\/www.elsindical.com.ar\/notas\/wp-json\/wp\/v2\/posts\/128932\/revisions"}],"predecessor-version":[{"id":128934,"href":"https:\/\/www.elsindical.com.ar\/notas\/wp-json\/wp\/v2\/posts\/128932\/revisions\/128934"}],"wp:featuredmedia":[{"embeddable":true,"href":"https:\/\/www.elsindical.com.ar\/notas\/wp-json\/wp\/v2\/media\/128933"}],"wp:attachment":[{"href":"https:\/\/www.elsindical.com.ar\/notas\/wp-json\/wp\/v2\/media?parent=128932"}],"wp:term":[{"taxonomy":"category","embeddable":true,"href":"https:\/\/www.elsindical.com.ar\/notas\/wp-json\/wp\/v2\/categories?post=128932"},{"taxonomy":"post_tag","embeddable":true,"href":"https:\/\/www.elsindical.com.ar\/notas\/wp-json\/wp\/v2\/tags?post=128932"}],"curies":[{"name":"wp","href":"https:\/\/api.w.org\/{rel}","templated":true}]}}