{"id":12892,"date":"2011-03-10T12:29:01","date_gmt":"2011-03-10T15:29:01","guid":{"rendered":"http:\/\/www.elsindical.com.ar\/notas\/?p=12892"},"modified":"2011-03-10T12:29:01","modified_gmt":"2011-03-10T15:29:01","slug":"ramos-mejiaasaltan-y-secuestran-a-una-mujer-a-la-que-liberan-por-su-hija-de-7-anos","status":"publish","type":"post","link":"https:\/\/www.elsindical.com.ar\/notas\/ramos-mejiaasaltan-y-secuestran-a-una-mujer-a-la-que-liberan-por-su-hija-de-7-anos\/","title":{"rendered":"Ramos Mej\u00eda:Asaltan y secuestran a una mujer a la que liberan por su hija de 7 a\u00f1os"},"content":{"rendered":"<p style=\"text-align: justify;\"><em><a href=\"http:\/\/www.elsindical.com.ar\/notas\/var\/www\/html\/notas\/wp-content\/uploads\/2010\/06\/patrulla-bonaerense.gif\"><img loading=\"lazy\" decoding=\"async\" class=\"alignleft size-full wp-image-7621\" title=\"patrulla-bonaerense\" src=\"http:\/\/www.elsindical.com.ar\/notas\/var\/www\/html\/notas\/wp-content\/uploads\/2010\/06\/patrulla-bonaerense.gif\" alt=\"\" width=\"200\" height=\"133\" \/><\/a>Mariel Dantuono, v\u00edctima de un secuestro express en Ramos Mej\u00eda, fue <strong>liberada luego de que por\u00a0un llamado realizado por ella a su casa<\/strong>, su peque\u00f1a hija, sin saberlo, alertara a los delincuentes de que la Polic\u00eda ya se encontraba en la vivienda, cont\u00f3 la v\u00edctima.<\/em><\/p>\n<p style=\"text-align: justify;\">Tras ser obligada por los delincuentes a hacer un llamado a su marido para avisarle del secuestro y advertirlo de que no hiciera nada, <strong>Dantuono fue liberada despu\u00e9s de que a trav\u00e9s del tel\u00e9fono, su peque\u00f1a hija de siete a\u00f1os,<\/strong> inocentemente, alertara a los secuestradores de que la Polic\u00eda ya se encontraba en su casa.<\/p>\n<p style=\"text-align: justify;\">\u201cMe hicieron llamar a mi casa para tranquilizar a mi marido y pedirle que no haga nada. Cuando llamo, mi nena atendi\u00f3 y me dijo que la polic\u00eda estaba en casa. Como estaba el altavoz prendido, escucharon, me bajaron del auto y me liberaron\u201d, cont\u00f3 la v\u00edctima<strong>.<\/strong><\/p>\n<p style=\"text-align: justify;\">Seg\u00fan Dantuono, lo \u00fanico que ped\u00edan los delincuentes era plata. <strong>\u201cMe dec\u00edan que quer\u00edan plata<\/strong>\u201d, dijo. \u00a0Seg\u00fan la v\u00edctima, todo el secuestro dur\u00f3 media hora, tras ser interceptada en su auto y llevada a ser una recorrida por diferentes cajeros. \u201cIncluso me ofrec\u00ed a sacar yo misma la plata porque ni siquiera sab\u00edan usar los cajeros\u201d, a\u00f1adi\u00f3 Mariel.<\/p>\n<p style=\"text-align: justify;\"><strong>\u201cNo s\u00e9 que hubiera ocurrido si hubieran ido a mi casa\u201d, dijo preocupada la v\u00edctima, quien revel\u00f3 que es su quinto robo y que todos los vecinos de Ramos Mej\u00eda est\u00e1n muy preocupados por el tema de la inseguridad. \u201cEs muy com\u00fan esto en Ramos\u201d<\/strong>, a\u00f1adi\u00f3.\u00a0<\/p>\n<p style=\"text-align: justify;\">Seg\u00fan cont\u00f3, estuvo rindiendo declaraci\u00f3n hasta las cinco de la ma\u00f1ana, aunque desconoce si las autoridades dieron con la banda de secuestradores. <strong>Es el quinto robo que sufre Dantuono.\u00a0\u00a0<\/strong><\/p>\n","protected":false},"excerpt":{"rendered":"<p>Mariel Dantuono, v\u00edctima de un secuestro express en Ramos Mej\u00eda, fue liberada luego de que por\u00a0un llamado realizado por ella a su casa, su peque\u00f1a hija, sin saberlo, alertara a los delincuentes de que la Polic\u00eda ya se encontraba en la vivienda, cont\u00f3 la v\u00edctima. Tras ser obligada por los delincuentes a hacer un llamado&hellip;<\/p>\n","protected":false},"author":1,"featured_media":0,"comment_status":"open","ping_status":"open","sticky":false,"template":"","format":"standard","meta":{"footnotes":""},"categories":[22],"tags":[6170,909,30,1252,116,1963],"class_list":["post-12892","post","type-post","status-publish","format-standard","hentry","category-policiales","tag-dantuono","tag-hija","tag-policia","tag-ramos-mejia","tag-robo","tag-secuestradores"],"_links":{"self":[{"href":"https:\/\/www.elsindical.com.ar\/notas\/wp-json\/wp\/v2\/posts\/12892","targetHints":{"allow":["GET"]}}],"collection":[{"href":"https:\/\/www.elsindical.com.ar\/notas\/wp-json\/wp\/v2\/posts"}],"about":[{"href":"https:\/\/www.elsindical.com.ar\/notas\/wp-json\/wp\/v2\/types\/post"}],"author":[{"embeddable":true,"href":"https:\/\/www.elsindical.com.ar\/notas\/wp-json\/wp\/v2\/users\/1"}],"replies":[{"embeddable":true,"href":"https:\/\/www.elsindical.com.ar\/notas\/wp-json\/wp\/v2\/comments?post=12892"}],"version-history":[{"count":1,"href":"https:\/\/www.elsindical.com.ar\/notas\/wp-json\/wp\/v2\/posts\/12892\/revisions"}],"predecessor-version":[{"id":12893,"href":"https:\/\/www.elsindical.com.ar\/notas\/wp-json\/wp\/v2\/posts\/12892\/revisions\/12893"}],"wp:attachment":[{"href":"https:\/\/www.elsindical.com.ar\/notas\/wp-json\/wp\/v2\/media?parent=12892"}],"wp:term":[{"taxonomy":"category","embeddable":true,"href":"https:\/\/www.elsindical.com.ar\/notas\/wp-json\/wp\/v2\/categories?post=12892"},{"taxonomy":"post_tag","embeddable":true,"href":"https:\/\/www.elsindical.com.ar\/notas\/wp-json\/wp\/v2\/tags?post=12892"}],"curies":[{"name":"wp","href":"https:\/\/api.w.org\/{rel}","templated":true}]}}