{"id":128898,"date":"2024-02-22T22:18:03","date_gmt":"2024-02-23T01:18:03","guid":{"rendered":"https:\/\/www.elsindical.com.ar\/notas\/?p=128898"},"modified":"2024-02-22T22:18:08","modified_gmt":"2024-02-23T01:18:08","slug":"el-gobierno-anuncio-el-cierre-definitivo-del-inadi-el-organismo-que-lucha-contra-la-discriminacion","status":"publish","type":"post","link":"https:\/\/www.elsindical.com.ar\/notas\/el-gobierno-anuncio-el-cierre-definitivo-del-inadi-el-organismo-que-lucha-contra-la-discriminacion\/","title":{"rendered":"El Gobierno anunci\u00f3 el \u201ccierre definitivo\u201d del INADI, el organismo que lucha contra la discriminaci\u00f3n"},"content":{"rendered":"\n<figure class=\"wp-block-image size-large\"><a href=\"https:\/\/www.elsindical.com.ar\/notas\/var\/www\/html\/notas\/wp-content\/uploads\/2017\/09\/INADI-local.jpg\"><img loading=\"lazy\" decoding=\"async\" width=\"1024\" height=\"651\" src=\"https:\/\/www.elsindical.com.ar\/notas\/var\/www\/html\/notas\/wp-content\/uploads\/2017\/09\/INADI-local-1024x651.jpg\" alt=\"\" class=\"wp-image-71854\" srcset=\"https:\/\/www.elsindical.com.ar\/notas\/var\/www\/html\/notas\/wp-content\/uploads\/2017\/09\/INADI-local-1024x651.jpg 1024w, https:\/\/www.elsindical.com.ar\/notas\/var\/www\/html\/notas\/wp-content\/uploads\/2017\/09\/INADI-local-300x191.jpg 300w, https:\/\/www.elsindical.com.ar\/notas\/var\/www\/html\/notas\/wp-content\/uploads\/2017\/09\/INADI-local-768x488.jpg 768w, https:\/\/www.elsindical.com.ar\/notas\/var\/www\/html\/notas\/wp-content\/uploads\/2017\/09\/INADI-local-472x300.jpg 472w, https:\/\/www.elsindical.com.ar\/notas\/var\/www\/html\/notas\/wp-content\/uploads\/2017\/09\/INADI-local.jpg 1170w\" sizes=\"auto, (max-width: 1024px) 100vw, 1024px\" \/><\/a><\/figure>\n\n\n\n<p>El vocero presidencial, Manuel Adorni, anticip\u00f3 que se proceder\u00e1 a \u00abla eliminaci\u00f3n de todo lo que no genere un beneficio\u00bb.<\/p>\n\n\n\n<p>El vocero presidencial, Manuel\u00a0Adorni\u00a0, anunci\u00f3 que <strong>el\u00a0Gobierno\u00a0del presidente\u00a0Javier Milei\u00a0\u00a0avanzar\u00e1 con el \u201ccierre definitivo\u201d del\u00a0INADI<\/strong>\u00a0, ya que remarc\u00f3 que <strong>\u201cno se va a seguir financiando ni rosca ni lugares donde haya favores pol\u00edticos\u201d.<\/strong><\/p>\n\n\n\n<p>\u201cVamos a avanzar en el desmantelamiento de diferentes institutos <strong>que no sirven para nada o son grandes cajas de la pol\u00edtica o son lugares para emplear militantes<\/strong>\u201d, sostuvo el funcionario nacional.<\/p>\n\n\n\n<p>En conferencia de prensa en Casa Rosada, el portavoz se\u00f1al\u00f3 que \u201cel INADI (Instituto&nbsp;Nacional contra la Discriminaci\u00f3n, la Xenofobia y el Racismo)&nbsp;<strong>ser\u00e1 el primero de ellos, empezando con su cierre definitivo<\/strong>\u201d.<\/p>\n\n\n\n<p><strong>\u201cTienen decenas de oficinas y muchas veces estos institutos tiene la particularidad de estar conducidos por funcionarios de dudosa idoneidad<\/strong>\u201d, lanz\u00f3.<\/p>\n\n\n\n<p>En ese sentido, subray\u00f3: <strong>\u201cNo vamos a seguir financiando ni rosca pol\u00edtica ni lugares donde haya favores pol\u00edticos. No podemos hacer que la gente siga sosteniendo con sus impuestos a la pol\u00edtica\u201d.<\/strong><\/p>\n","protected":false},"excerpt":{"rendered":"<p>El vocero presidencial, Manuel Adorni, anticip\u00f3 que se proceder\u00e1 a \u00abla eliminaci\u00f3n de todo lo que no genere un beneficio\u00bb. El vocero presidencial, Manuel\u00a0Adorni\u00a0, anunci\u00f3 que el\u00a0Gobierno\u00a0del presidente\u00a0Javier Milei\u00a0\u00a0avanzar\u00e1 con el \u201ccierre definitivo\u201d del\u00a0INADI\u00a0, ya que remarc\u00f3 que \u201cno se va a seguir financiando ni rosca ni lugares donde haya favores pol\u00edticos\u201d. \u201cVamos a avanzar&hellip;<\/p>\n","protected":false},"author":1,"featured_media":71854,"comment_status":"open","ping_status":"open","sticky":false,"template":"","format":"standard","meta":{"footnotes":""},"categories":[13],"tags":[979,2258,2450,476,761,763,41770,7197],"class_list":["post-128898","post","type-post","status-publish","format-standard","has-post-thumbnail","hentry","category-politica","tag-casa-rosada","tag-cierre","tag-diario-el-sindical","tag-discriminacion","tag-gobierno-nacional","tag-inadi","tag-manuel-adorni","tag-organismo"],"_links":{"self":[{"href":"https:\/\/www.elsindical.com.ar\/notas\/wp-json\/wp\/v2\/posts\/128898","targetHints":{"allow":["GET"]}}],"collection":[{"href":"https:\/\/www.elsindical.com.ar\/notas\/wp-json\/wp\/v2\/posts"}],"about":[{"href":"https:\/\/www.elsindical.com.ar\/notas\/wp-json\/wp\/v2\/types\/post"}],"author":[{"embeddable":true,"href":"https:\/\/www.elsindical.com.ar\/notas\/wp-json\/wp\/v2\/users\/1"}],"replies":[{"embeddable":true,"href":"https:\/\/www.elsindical.com.ar\/notas\/wp-json\/wp\/v2\/comments?post=128898"}],"version-history":[{"count":1,"href":"https:\/\/www.elsindical.com.ar\/notas\/wp-json\/wp\/v2\/posts\/128898\/revisions"}],"predecessor-version":[{"id":128899,"href":"https:\/\/www.elsindical.com.ar\/notas\/wp-json\/wp\/v2\/posts\/128898\/revisions\/128899"}],"wp:featuredmedia":[{"embeddable":true,"href":"https:\/\/www.elsindical.com.ar\/notas\/wp-json\/wp\/v2\/media\/71854"}],"wp:attachment":[{"href":"https:\/\/www.elsindical.com.ar\/notas\/wp-json\/wp\/v2\/media?parent=128898"}],"wp:term":[{"taxonomy":"category","embeddable":true,"href":"https:\/\/www.elsindical.com.ar\/notas\/wp-json\/wp\/v2\/categories?post=128898"},{"taxonomy":"post_tag","embeddable":true,"href":"https:\/\/www.elsindical.com.ar\/notas\/wp-json\/wp\/v2\/tags?post=128898"}],"curies":[{"name":"wp","href":"https:\/\/api.w.org\/{rel}","templated":true}]}}