{"id":128889,"date":"2024-02-22T22:04:15","date_gmt":"2024-02-23T01:04:15","guid":{"rendered":"https:\/\/www.elsindical.com.ar\/notas\/?p=128889"},"modified":"2024-02-22T22:04:19","modified_gmt":"2024-02-23T01:04:19","slug":"estibadores-portuarios-anuncian-un-paro-nacional-en-puertos","status":"publish","type":"post","link":"https:\/\/www.elsindical.com.ar\/notas\/estibadores-portuarios-anuncian-un-paro-nacional-en-puertos\/","title":{"rendered":"Estibadores portuarios anuncian un paro nacional en puertos"},"content":{"rendered":"\n<figure class=\"wp-block-image size-large\"><a href=\"https:\/\/www.elsindical.com.ar\/notas\/var\/www\/html\/notas\/wp-content\/uploads\/2024\/02\/FEPA-1.jpg\"><img loading=\"lazy\" decoding=\"async\" width=\"1024\" height=\"660\" src=\"https:\/\/www.elsindical.com.ar\/notas\/var\/www\/html\/notas\/wp-content\/uploads\/2024\/02\/FEPA-1-1024x660.jpg\" alt=\"\" class=\"wp-image-128890\" srcset=\"https:\/\/www.elsindical.com.ar\/notas\/var\/www\/html\/notas\/wp-content\/uploads\/2024\/02\/FEPA-1-1024x660.jpg 1024w, https:\/\/www.elsindical.com.ar\/notas\/var\/www\/html\/notas\/wp-content\/uploads\/2024\/02\/FEPA-1-300x193.jpg 300w, https:\/\/www.elsindical.com.ar\/notas\/var\/www\/html\/notas\/wp-content\/uploads\/2024\/02\/FEPA-1-768x495.jpg 768w, https:\/\/www.elsindical.com.ar\/notas\/var\/www\/html\/notas\/wp-content\/uploads\/2024\/02\/FEPA-1-465x300.jpg 465w, https:\/\/www.elsindical.com.ar\/notas\/var\/www\/html\/notas\/wp-content\/uploads\/2024\/02\/FEPA-1-1536x990.jpg 1536w, https:\/\/www.elsindical.com.ar\/notas\/var\/www\/html\/notas\/wp-content\/uploads\/2024\/02\/FEPA-1-2048x1320.jpg 2048w\" sizes=\"auto, (max-width: 1024px) 100vw, 1024px\" \/><\/a><\/figure>\n\n\n\n<p><em>La medida fue resuelta por el plenario de la FEPA reunido este mi\u00e9rcoles en la ciudad de Puerto Madryn ante la falta de respuestas a las demandas salariales y laborales en los puertos de Chubut.<\/em><\/p>\n\n\n\n<p>La Federaci\u00f3n Estibadores Portuarios Argentina (FEPA) convoc\u00f3 a un paro de actividades en todos los puertos del pa\u00eds, ante el incumplimiento de los compromisos asumidos en materia laboral y salarial en los puertos de la provincia de Chubut.<\/p>\n\n\n\n<p>La medida de fuerza fue definida por unanimidad este mi\u00e9rcoles 21 en plenario nacional de la FEPA en la localidad de Puerto Madryn, encabezado por el Secretario General de la organizaci\u00f3n, Marcelo Osores, con la presencia de todos los sindicatos de base adheridos a la federaci\u00f3n.<\/p>\n\n\n\n<p>\u00abNos declaramos en total apoyo y solidaridad con los compa\u00f1eros de Chubut. Es urgente que se d\u00e9 cumplimiento a los compromisos asumidos. Llevamos cuatro meses de conflicto con compa\u00f1eros perseguidos y detenidos. Hay un acuerdo firmado y debe cumplirse. Los trabajadores llevan cinco meses con un salario a la baja\u00bb, se\u00f1al\u00f3 Osores.<\/p>\n\n\n\n<p>Los gremios que integran la FEPA otorgaron un plazo m\u00e1ximo de 48 horas al gobernador de la provincia de Chubut, Ignacio \u00abNacho\u00bb Torres, para que \u00abtome intervenci\u00f3n en el conflicto y haga cumplir con las paritarias negociadas\u00bb.<\/p>\n\n\n\n<p>\u00abDe lo contrario, a partir del lunes 26 de febrero se iniciar\u00e1 el paro nacional con acciones gremiales directas en todos los puertos del pa\u00eds\u00bb, confirm\u00f3 la entidad en un comunicado.<\/p>\n\n\n\n<p>Al mismo tiempo, los estibadores portuarios advirtieron sobre la posibilidad autorizaci\u00f3n de trabajadores \u00abque no formen parte de las listas del SUPA Chubut\u00bb para llevar adelante las tareas de estibaje en los puertos.<\/p>\n\n\n\n<p>\u00abLas autoridades competentes se har\u00e1n responsables de lo que pueda suceder en el muelle, en lo que ser\u00eda una clara intenci\u00f3n de hacer enfrentar a los trabajadores. De suceder esta situaci\u00f3n, autom\u00e1ticamente se declarar\u00e1 un paro nacional previo a la fecha establecida por el plenario\u00bb, aclararon.<\/p>\n\n\n\n<figure class=\"wp-block-image size-large\"><a href=\"https:\/\/www.elsindical.com.ar\/notas\/var\/www\/html\/notas\/wp-content\/uploads\/2024\/02\/FEPA-2.jpg\"><img loading=\"lazy\" decoding=\"async\" width=\"1024\" height=\"530\" src=\"https:\/\/www.elsindical.com.ar\/notas\/var\/www\/html\/notas\/wp-content\/uploads\/2024\/02\/FEPA-2-1024x530.jpg\" alt=\"\" class=\"wp-image-128891\" srcset=\"https:\/\/www.elsindical.com.ar\/notas\/var\/www\/html\/notas\/wp-content\/uploads\/2024\/02\/FEPA-2-1024x530.jpg 1024w, https:\/\/www.elsindical.com.ar\/notas\/var\/www\/html\/notas\/wp-content\/uploads\/2024\/02\/FEPA-2-300x155.jpg 300w, https:\/\/www.elsindical.com.ar\/notas\/var\/www\/html\/notas\/wp-content\/uploads\/2024\/02\/FEPA-2-768x398.jpg 768w, https:\/\/www.elsindical.com.ar\/notas\/var\/www\/html\/notas\/wp-content\/uploads\/2024\/02\/FEPA-2-500x259.jpg 500w, https:\/\/www.elsindical.com.ar\/notas\/var\/www\/html\/notas\/wp-content\/uploads\/2024\/02\/FEPA-2-1536x795.jpg 1536w, https:\/\/www.elsindical.com.ar\/notas\/var\/www\/html\/notas\/wp-content\/uploads\/2024\/02\/FEPA-2-2048x1060.jpg 2048w\" sizes=\"auto, (max-width: 1024px) 100vw, 1024px\" \/><\/a><\/figure>\n","protected":false},"excerpt":{"rendered":"<p>La medida fue resuelta por el plenario de la FEPA reunido este mi\u00e9rcoles en la ciudad de Puerto Madryn ante la falta de respuestas a las demandas salariales y laborales en los puertos de Chubut. La Federaci\u00f3n Estibadores Portuarios Argentina (FEPA) convoc\u00f3 a un paro de actividades en todos los puertos del pa\u00eds, ante el&hellip;<\/p>\n","protected":false},"author":1,"featured_media":128890,"comment_status":"open","ping_status":"open","sticky":false,"template":"","format":"standard","meta":{"footnotes":""},"categories":[16],"tags":[2450,4865,4864,42345,2414,2663],"class_list":["post-128889","post","type-post","status-publish","format-standard","has-post-thumbnail","hentry","category-gremiales","tag-diario-el-sindical","tag-estibadores","tag-fepa","tag-para-nacional","tag-puerto-madryn","tag-puertos"],"_links":{"self":[{"href":"https:\/\/www.elsindical.com.ar\/notas\/wp-json\/wp\/v2\/posts\/128889","targetHints":{"allow":["GET"]}}],"collection":[{"href":"https:\/\/www.elsindical.com.ar\/notas\/wp-json\/wp\/v2\/posts"}],"about":[{"href":"https:\/\/www.elsindical.com.ar\/notas\/wp-json\/wp\/v2\/types\/post"}],"author":[{"embeddable":true,"href":"https:\/\/www.elsindical.com.ar\/notas\/wp-json\/wp\/v2\/users\/1"}],"replies":[{"embeddable":true,"href":"https:\/\/www.elsindical.com.ar\/notas\/wp-json\/wp\/v2\/comments?post=128889"}],"version-history":[{"count":1,"href":"https:\/\/www.elsindical.com.ar\/notas\/wp-json\/wp\/v2\/posts\/128889\/revisions"}],"predecessor-version":[{"id":128892,"href":"https:\/\/www.elsindical.com.ar\/notas\/wp-json\/wp\/v2\/posts\/128889\/revisions\/128892"}],"wp:featuredmedia":[{"embeddable":true,"href":"https:\/\/www.elsindical.com.ar\/notas\/wp-json\/wp\/v2\/media\/128890"}],"wp:attachment":[{"href":"https:\/\/www.elsindical.com.ar\/notas\/wp-json\/wp\/v2\/media?parent=128889"}],"wp:term":[{"taxonomy":"category","embeddable":true,"href":"https:\/\/www.elsindical.com.ar\/notas\/wp-json\/wp\/v2\/categories?post=128889"},{"taxonomy":"post_tag","embeddable":true,"href":"https:\/\/www.elsindical.com.ar\/notas\/wp-json\/wp\/v2\/tags?post=128889"}],"curies":[{"name":"wp","href":"https:\/\/api.w.org\/{rel}","templated":true}]}}