{"id":128886,"date":"2024-02-22T12:41:05","date_gmt":"2024-02-22T15:41:05","guid":{"rendered":"https:\/\/www.elsindical.com.ar\/notas\/?p=128886"},"modified":"2024-02-22T12:41:22","modified_gmt":"2024-02-22T15:41:22","slug":"moron-la-policia-detuvo-a-dos-peligrosos-motochorros-y-esclarecio-el-homicidio-de-un-contador-que-huia-de-los-delincuentes","status":"publish","type":"post","link":"https:\/\/www.elsindical.com.ar\/notas\/moron-la-policia-detuvo-a-dos-peligrosos-motochorros-y-esclarecio-el-homicidio-de-un-contador-que-huia-de-los-delincuentes\/","title":{"rendered":"Mor\u00f3n: La polic\u00eda detuvo a dos peligrosos motochorros y esclareci\u00f3 el homicidio de un contador que hu\u00eda de los delincuentes"},"content":{"rendered":"\n<figure class=\"wp-block-image size-large\"><a href=\"https:\/\/www.elsindical.com.ar\/notas\/var\/www\/html\/notas\/wp-content\/uploads\/2024\/02\/DDI-Moron-homicidio-22Feb24-3.jpeg\"><img loading=\"lazy\" decoding=\"async\" width=\"1024\" height=\"578\" src=\"https:\/\/www.elsindical.com.ar\/notas\/var\/www\/html\/notas\/wp-content\/uploads\/2024\/02\/DDI-Moron-homicidio-22Feb24-3-1024x578.jpeg\" alt=\"\" class=\"wp-image-128887\" srcset=\"https:\/\/www.elsindical.com.ar\/notas\/var\/www\/html\/notas\/wp-content\/uploads\/2024\/02\/DDI-Moron-homicidio-22Feb24-3-1024x578.jpeg 1024w, https:\/\/www.elsindical.com.ar\/notas\/var\/www\/html\/notas\/wp-content\/uploads\/2024\/02\/DDI-Moron-homicidio-22Feb24-3-300x169.jpeg 300w, https:\/\/www.elsindical.com.ar\/notas\/var\/www\/html\/notas\/wp-content\/uploads\/2024\/02\/DDI-Moron-homicidio-22Feb24-3-768x433.jpeg 768w, https:\/\/www.elsindical.com.ar\/notas\/var\/www\/html\/notas\/wp-content\/uploads\/2024\/02\/DDI-Moron-homicidio-22Feb24-3-500x282.jpeg 500w, https:\/\/www.elsindical.com.ar\/notas\/var\/www\/html\/notas\/wp-content\/uploads\/2024\/02\/DDI-Moron-homicidio-22Feb24-3-460x260.jpeg 460w, https:\/\/www.elsindical.com.ar\/notas\/var\/www\/html\/notas\/wp-content\/uploads\/2024\/02\/DDI-Moron-homicidio-22Feb24-3.jpeg 1280w\" sizes=\"auto, (max-width: 1024px) 100vw, 1024px\" \/><\/a><\/figure>\n\n\n\n<p>   La Polic\u00eda de la Provincia de Buenos Aires, luego de una intensa investigaci\u00f3n policial, procedi\u00f3 a realizar dos allanamientos y lograr la detenci\u00f3n de los delincuentes involucrados en la muerte del contador <strong>Agust\u00edn Atamaniuk<\/strong>, que tom\u00f3 trascendencia en los medios period\u00edsticos.<\/p>\n\n\n\n<p>Con fecha 02FEB24, 2 masculinos armados a boro de una moto, intentaron cometer Robo a otro motociclista identificado Agust\u00edn Atamaniuk ( de 59 a\u00f1os-Contador p\u00fablico), quien durante la persecuci\u00f3n sufri\u00f3 un accidente de tr\u00e1nsito, falleciendo ra\u00edz de las heridas padecidas.<br>Del an\u00e1lisis f\u00edlmico, relevamientos y testimonio, se establece que moto utilizada por delincuentes (C\/PSA 27ENE24 de S.A. Padua v\u00edctima Diego C.) e ID imp., obteniendo 3 O.Allanamiento para Merlo y Villa Luzuriaga.<br>Personal de DDI Mor\u00f3n junto a Cr\u00eda Ituzaing\u00f3 1\u00b0 diligenciaron las mandas, logrando la detenci\u00f3n de Franco Inostroza de 19 a\u00f1os de edad (Autor del hecho y del Robo de la Moto en S.A. Padua) y aprehensi\u00f3n de \u00c1ngel Adri\u00e1n Molina de 24 a\u00f1os de edad, secuestro de 5 celulares y short utilizado por el imputado en ambos hechos.<br>Se observa imagen subida a las redes sociales por el ahora detenido INOSTROZA montado arriba de la motocicleta sustra\u00edda en PADUA y con la cual comete el homicidio de ATAMANIUK y vistiendo la bermuda utilizada en ambos il\u00edcitos.<\/p>\n\n\n\n<figure class=\"wp-block-embed is-type-video is-provider-youtube wp-block-embed-youtube wp-embed-aspect-16-9 wp-has-aspect-ratio\"><div class=\"wp-block-embed__wrapper\">\n<iframe loading=\"lazy\" title=\"Mor\u00f3n allanamientos y detenciones por homicidio en ocasi\u00f3n de robo\" width=\"700\" height=\"394\" src=\"https:\/\/www.youtube.com\/embed\/HG8nH4s7-XY?feature=oembed\" frameborder=\"0\" allow=\"accelerometer; autoplay; clipboard-write; encrypted-media; gyroscope; picture-in-picture; web-share\" allowfullscreen><\/iframe>\n<\/div><\/figure>\n","protected":false},"excerpt":{"rendered":"<p>La Polic\u00eda de la Provincia de Buenos Aires, luego de una intensa investigaci\u00f3n policial, procedi\u00f3 a realizar dos allanamientos y lograr la detenci\u00f3n de los delincuentes involucrados en la muerte del contador Agust\u00edn Atamaniuk, que tom\u00f3 trascendencia en los medios period\u00edsticos. Con fecha 02FEB24, 2 masculinos armados a boro de una moto, intentaron cometer Robo&hellip;<\/p>\n","protected":false},"author":1,"featured_media":128887,"comment_status":"open","ping_status":"open","sticky":false,"template":"","format":"standard","meta":{"footnotes":""},"categories":[22],"tags":[42344,16276,2450,27521,1932,308,146,10865],"class_list":["post-128886","post","type-post","status-publish","format-standard","has-post-thumbnail","hentry","category-policiales","tag-agustin-atamaniuk","tag-ddi-moron","tag-diario-el-sindical","tag-homicidio-en-ocasion-de-robo","tag-moron","tag-motochorros","tag-motos","tag-villa-luzuriaga"],"_links":{"self":[{"href":"https:\/\/www.elsindical.com.ar\/notas\/wp-json\/wp\/v2\/posts\/128886","targetHints":{"allow":["GET"]}}],"collection":[{"href":"https:\/\/www.elsindical.com.ar\/notas\/wp-json\/wp\/v2\/posts"}],"about":[{"href":"https:\/\/www.elsindical.com.ar\/notas\/wp-json\/wp\/v2\/types\/post"}],"author":[{"embeddable":true,"href":"https:\/\/www.elsindical.com.ar\/notas\/wp-json\/wp\/v2\/users\/1"}],"replies":[{"embeddable":true,"href":"https:\/\/www.elsindical.com.ar\/notas\/wp-json\/wp\/v2\/comments?post=128886"}],"version-history":[{"count":1,"href":"https:\/\/www.elsindical.com.ar\/notas\/wp-json\/wp\/v2\/posts\/128886\/revisions"}],"predecessor-version":[{"id":128888,"href":"https:\/\/www.elsindical.com.ar\/notas\/wp-json\/wp\/v2\/posts\/128886\/revisions\/128888"}],"wp:featuredmedia":[{"embeddable":true,"href":"https:\/\/www.elsindical.com.ar\/notas\/wp-json\/wp\/v2\/media\/128887"}],"wp:attachment":[{"href":"https:\/\/www.elsindical.com.ar\/notas\/wp-json\/wp\/v2\/media?parent=128886"}],"wp:term":[{"taxonomy":"category","embeddable":true,"href":"https:\/\/www.elsindical.com.ar\/notas\/wp-json\/wp\/v2\/categories?post=128886"},{"taxonomy":"post_tag","embeddable":true,"href":"https:\/\/www.elsindical.com.ar\/notas\/wp-json\/wp\/v2\/tags?post=128886"}],"curies":[{"name":"wp","href":"https:\/\/api.w.org\/{rel}","templated":true}]}}