{"id":128861,"date":"2024-02-21T13:30:16","date_gmt":"2024-02-21T16:30:16","guid":{"rendered":"https:\/\/www.elsindical.com.ar\/notas\/?p=128861"},"modified":"2024-02-21T13:30:20","modified_gmt":"2024-02-21T16:30:20","slug":"el-aumento-de-la-energia-se-vera-reflejado-en-los-precios-de-los-productos-alertan-pymes","status":"publish","type":"post","link":"https:\/\/www.elsindical.com.ar\/notas\/el-aumento-de-la-energia-se-vera-reflejado-en-los-precios-de-los-productos-alertan-pymes\/","title":{"rendered":"El aumento de la energ\u00eda se ver\u00e1 reflejado en los precios de los productos, alertan pymes"},"content":{"rendered":"\n<figure class=\"wp-block-image size-large\"><a href=\"https:\/\/www.elsindical.com.ar\/notas\/var\/www\/html\/notas\/wp-content\/uploads\/2024\/02\/soldadura-industrial.jpg\"><img loading=\"lazy\" decoding=\"async\" width=\"1024\" height=\"576\" src=\"https:\/\/www.elsindical.com.ar\/notas\/var\/www\/html\/notas\/wp-content\/uploads\/2024\/02\/soldadura-industrial-1024x576.jpg\" alt=\"\" class=\"wp-image-128862\" srcset=\"https:\/\/www.elsindical.com.ar\/notas\/var\/www\/html\/notas\/wp-content\/uploads\/2024\/02\/soldadura-industrial-1024x576.jpg 1024w, https:\/\/www.elsindical.com.ar\/notas\/var\/www\/html\/notas\/wp-content\/uploads\/2024\/02\/soldadura-industrial-300x169.jpg 300w, https:\/\/www.elsindical.com.ar\/notas\/var\/www\/html\/notas\/wp-content\/uploads\/2024\/02\/soldadura-industrial-768x432.jpg 768w, https:\/\/www.elsindical.com.ar\/notas\/var\/www\/html\/notas\/wp-content\/uploads\/2024\/02\/soldadura-industrial-500x281.jpg 500w, https:\/\/www.elsindical.com.ar\/notas\/var\/www\/html\/notas\/wp-content\/uploads\/2024\/02\/soldadura-industrial-460x260.jpg 460w, https:\/\/www.elsindical.com.ar\/notas\/var\/www\/html\/notas\/wp-content\/uploads\/2024\/02\/soldadura-industrial.jpg 1280w\" sizes=\"auto, (max-width: 1024px) 100vw, 1024px\" \/><\/a><\/figure>\n\n\n\n<p>Pymes precisaron que la suba de las tarifas impactar\u00e1n de forma negativa en los precios. Alertan sobre la crisis del sector.<\/p>\n\n\n\n<p><strong>La asociaci\u00f3n Industriales Pymes Argentinos (IPA)&nbsp;advirti\u00f3 por el impacto de los aumentos de las tarifas energ\u00e9ticas en los precios de los productos que elaboran,<\/strong> y alertaron por una&nbsp;crisis del sector&nbsp;a causa de la inflaci\u00f3n, la ca\u00edda del consumo, la falta de competitividad exportadora, la apertura de importaciones y la p\u00e9rdida de empleo.<\/p>\n\n\n\n<p>El presidente de la entidad, Daniel Rosato, revel\u00f3 que&nbsp;<strong>las pymes industriales est\u00e1n expuestas a un triple aumento de la energ\u00eda&nbsp;que \u201cprovocar\u00e1 un c\u00edrculo vicioso, que&nbsp;redundar\u00e1 en ca\u00edda del consumo, p\u00e9rdida de empleos, inflaci\u00f3n y destrucci\u00f3n de f\u00e1bricas\u201d<\/strong>.<\/p>\n\n\n\n<p>En este sentido, se\u00f1al\u00f3 el impacto en las tarifas de luz para las empresas y el traslado que se ver\u00e1 en la comercializaci\u00f3n de los productos al detallar que&nbsp;\u201cen la factura de enero hubo un incremento de 40% en el Mercado El\u00e9ctrico Mayorista (MEM), dispuesto por Cammesa. A eso hay que sumarle aumentos en febrero y abril,&nbsp;que acumular\u00e1n un 314% para la industria, lo que significar\u00e1 un 30% de aumento en g\u00f3ndola\u201d.<\/p>\n\n\n\n<p>Al explicar las consecuencias del incremento sostuvo que <strong>\u201cel fuerte aumento de la energ\u00eda provocar\u00e1 m\u00e1s inflaci\u00f3n, el d\u00f3lar atrasado genera problemas en el comercio exterior, y la crisis del mercado interno, por ca\u00edda de poder adquisitivo y la producci\u00f3n, agravar\u00e1 la situaci\u00f3n de los trabajadores, y otra vez, pegar\u00e1 en el consumo\u201d.<\/strong><\/p>\n\n\n\n<p>El dirigente industrial se\u00f1al\u00f3 que \u201cno se trata de un discurso temerario, sino de una advertencia para poder analizar la situaci\u00f3n y ver qu\u00e9 hacemos, ante la posibilidad de la profundizaci\u00f3n de la crisis econ\u00f3mica\u201d en otro pedido al Gobierno nacional para avanzar en un di\u00e1logo que eval\u00fae soluciones para el sector.<\/p>\n\n\n\n<p>Al ahondar en el an\u00e1lisis general, Rosato asegur\u00f3 que \u201c<strong>la p\u00e9rdida del poder adquisitivo de los trabajadores gener\u00f3 una dr\u00e1stica reducci\u00f3n del mercado interno,&nbsp;lo que provoc\u00f3 una ca\u00edda de la producci\u00f3n nacional\u201d&nbsp;<\/strong>y manifest\u00f3 que \u201cla inflaci\u00f3n de los costos fabriles, la falta de competitividad de las Pymes para exportar y una mayor oferta de productos terminados en las g\u00f3ndolas de los supermercados se convirti\u00f3 en una&nbsp;bomba de tiempo para las Pymes industriales\u201d.<\/p>\n\n\n\n<p>El temor del presidente de IPA es que las Pymes \u201cvuelvan a pasar por una crisis que se inicia con la ca\u00edda de las horas extras, contin\u00faa con la falta de renovaci\u00f3n de contratos, suspensiones de personal y despidos, y que concluye con el cierre temporario de f\u00e1bricas\u201d.<\/p>\n\n\n\n<p>Continuando en esa l\u00ednea, advirti\u00f3 que&nbsp;\u201cesto reci\u00e9n comienza\u201d, indicando que&nbsp;<strong>\u201chay recesi\u00f3n econ\u00f3mica, lo que implica una retracci\u00f3n del mercado interno\u201d<\/strong>, remarcando que \u201cno hay competitividad para la exportaci\u00f3n, porque est\u00e1 atrasado el d\u00f3lar\u201d pero alert\u00f3 que \u201csi se aplica una nueva devaluaci\u00f3n, habr\u00e1 m\u00e1s inflaci\u00f3n o ca\u00edda de la actividad. Esto es una foto del pasado\u201d.<\/p>\n\n\n\n<p>Al referirse a la apertura de las importaciones de productos terminados, Rosato denunci\u00f3 \u201cesta situaci\u00f3n se da al mismo tiempo que&nbsp;las empresas argentinas est\u00e1n condicionadas para acceder a los insumos y bienes de capital,&nbsp;que s\u00f3lo se producen en otras partes del mundo, por la falta de d\u00f3lares para poder comprarlos en el exterior\u201d.<\/p>\n","protected":false},"excerpt":{"rendered":"<p>Pymes precisaron que la suba de las tarifas impactar\u00e1n de forma negativa en los precios. Alertan sobre la crisis del sector. La asociaci\u00f3n Industriales Pymes Argentinos (IPA)&nbsp;advirti\u00f3 por el impacto de los aumentos de las tarifas energ\u00e9ticas en los precios de los productos que elaboran, y alertaron por una&nbsp;crisis del sector&nbsp;a causa de la inflaci\u00f3n,&hellip;<\/p>\n","protected":false},"author":1,"featured_media":128862,"comment_status":"open","ping_status":"open","sticky":false,"template":"","format":"standard","meta":{"footnotes":""},"categories":[9],"tags":[18746,2450,42328,22798,42329,16877],"class_list":["post-128861","post","type-post","status-publish","format-standard","has-post-thumbnail","hentry","category-economia","tag-cammesa","tag-diario-el-sindical","tag-ipa","tag-mem","tag-precios-productos","tag-pymes"],"_links":{"self":[{"href":"https:\/\/www.elsindical.com.ar\/notas\/wp-json\/wp\/v2\/posts\/128861","targetHints":{"allow":["GET"]}}],"collection":[{"href":"https:\/\/www.elsindical.com.ar\/notas\/wp-json\/wp\/v2\/posts"}],"about":[{"href":"https:\/\/www.elsindical.com.ar\/notas\/wp-json\/wp\/v2\/types\/post"}],"author":[{"embeddable":true,"href":"https:\/\/www.elsindical.com.ar\/notas\/wp-json\/wp\/v2\/users\/1"}],"replies":[{"embeddable":true,"href":"https:\/\/www.elsindical.com.ar\/notas\/wp-json\/wp\/v2\/comments?post=128861"}],"version-history":[{"count":1,"href":"https:\/\/www.elsindical.com.ar\/notas\/wp-json\/wp\/v2\/posts\/128861\/revisions"}],"predecessor-version":[{"id":128863,"href":"https:\/\/www.elsindical.com.ar\/notas\/wp-json\/wp\/v2\/posts\/128861\/revisions\/128863"}],"wp:featuredmedia":[{"embeddable":true,"href":"https:\/\/www.elsindical.com.ar\/notas\/wp-json\/wp\/v2\/media\/128862"}],"wp:attachment":[{"href":"https:\/\/www.elsindical.com.ar\/notas\/wp-json\/wp\/v2\/media?parent=128861"}],"wp:term":[{"taxonomy":"category","embeddable":true,"href":"https:\/\/www.elsindical.com.ar\/notas\/wp-json\/wp\/v2\/categories?post=128861"},{"taxonomy":"post_tag","embeddable":true,"href":"https:\/\/www.elsindical.com.ar\/notas\/wp-json\/wp\/v2\/tags?post=128861"}],"curies":[{"name":"wp","href":"https:\/\/api.w.org\/{rel}","templated":true}]}}