{"id":128859,"date":"2024-02-21T13:26:42","date_gmt":"2024-02-21T16:26:42","guid":{"rendered":"https:\/\/www.elsindical.com.ar\/notas\/?p=128859"},"modified":"2024-02-21T13:26:48","modified_gmt":"2024-02-21T16:26:48","slug":"alertan-que-medicamentos-que-consumen-los-adultos-mayores-aumentaron-un-83","status":"publish","type":"post","link":"https:\/\/www.elsindical.com.ar\/notas\/alertan-que-medicamentos-que-consumen-los-adultos-mayores-aumentaron-un-83\/","title":{"rendered":"Alertan que medicamentos que consumen los adultos mayores aumentaron un 83%"},"content":{"rendered":"<div class=\"wp-block-image\">\n<figure class=\"aligncenter size-full is-resized\"><a href=\"https:\/\/www.elsindical.com.ar\/notas\/var\/www\/html\/notas\/wp-content\/uploads\/2019\/09\/medicamentos-gen\u00e9ricos.jpg\"><img loading=\"lazy\" decoding=\"async\" width=\"645\" height=\"429\" src=\"https:\/\/www.elsindical.com.ar\/notas\/var\/www\/html\/notas\/wp-content\/uploads\/2019\/09\/medicamentos-gen\u00e9ricos.jpg\" alt=\"\" class=\"wp-image-90065\" style=\"width:705px;height:auto\" srcset=\"https:\/\/www.elsindical.com.ar\/notas\/var\/www\/html\/notas\/wp-content\/uploads\/2019\/09\/medicamentos-gen\u00e9ricos.jpg 645w, https:\/\/www.elsindical.com.ar\/notas\/var\/www\/html\/notas\/wp-content\/uploads\/2019\/09\/medicamentos-gen\u00e9ricos-300x200.jpg 300w, https:\/\/www.elsindical.com.ar\/notas\/var\/www\/html\/notas\/wp-content\/uploads\/2019\/09\/medicamentos-gen\u00e9ricos-451x300.jpg 451w\" sizes=\"auto, (max-width: 645px) 100vw, 645px\" \/><\/a><\/figure>\n<\/div>\n\n\n<p>El aumento de los medicamentos fue del 13,6 por ciento en enero, pero algunos superaron ampliamente este porcentaje.<\/p>\n\n\n\n<p><strong>Los medicamentos m\u00e1s consumidos por adultos mayores sufrieron un incremento en sus precios de hasta 83% en enero \u00faltimo<\/strong>, destac\u00e1ndose una suba de 31% en promedio de los 10 medicamentos que m\u00e1s aumentaron, destac\u00f3 un informe del Centro de Econom\u00eda Pol\u00edtica Argentina (CEPA).<\/p>\n\n\n\n<p><strong>\u201cDentro del aumento generalizado del 13,6% en enero que sufri\u00f3 la canasta de medicamentos, se destaca la suba del 31% en promedio de los 10 medicamentos que m\u00e1s aumentaron\u201d<\/strong>, puntualiz\u00f3 CEPA.<\/p>\n\n\n\n<p>Adem\u00e1s precis\u00f3 que \u201cpor encima del promedio se encuentran <strong>subas mensuales del 83% y el 45%<\/strong>\u201c, con lo cual, enero qued\u00f3 marcado por \u201cnuevos incrementos por encima de la inflaci\u00f3n\u201d.<\/p>\n\n\n\n<p><strong>Los medicamentos que m\u00e1s aumentaron entre diciembre de 2023 y enero de 2024 <\/strong>son Derrumal 300 (83%); Daflon 500 (45%); Ibupirac 600 mg, Travatan, Dermagl\u00f3s, Macril (25%); Atenolol Gador, Aldactone A, Aspirina Prevent y Trapax (20%).<\/p>\n\n\n\n<p>\u201cDurante la primera etapa de la gesti\u00f3n de Alberto Fern\u00e1ndez, la evoluci\u00f3n de precios de venta al p\u00fablico (PVP) de medicamentos mostr\u00f3 un incremento moderado y relativamente estable; en 2020 se registr\u00f3 una suba de 34,6%; en 2021, 42,9%; y en 2022, 82,8%\u201d, compar\u00f3 el relevamiento.<\/p>\n\n\n\n<p>En cambio remarc\u00f3 que \u201cen 2023 el incremento fue de 276%, superando el \u00edndice general de inflaci\u00f3n por el comportamiento de precios tras el triunfo de Javier Milei y el inicio de su gobierno\u201d, y a\u00f1adi\u00f3 que \u201cs\u00f3lo en noviembre se registr\u00f3 una suba de 25,7% y en diciembre, de 40,9%, muy por encima de la inflaci\u00f3n de noviembre (12,8%) y diciembre (25,5%)\u201d.<\/p>\n\n\n\n<p><strong>En la facturaci\u00f3n de producci\u00f3n nacional se observa una suba de 93,2% en las ventas al mercado interno y de 81,6% en las exportaciones.<\/strong><\/p>\n\n\n\n<p>De los 10 labotarorios que m\u00e1s facturan al a\u00f1o, ocho son nacionales: Roemmers, US$ 538 millones; Elea Phoenix, US$ 497 millones; Casasco, US$ 404 millones; Gador, US$ 386 millones; Montpellier, US$ 332 millones; Baliarda, US$ 327 millones; Raffo, US$ 318 millones; y Bag\u00f3, US$ 318 millones.<\/p>\n\n\n\n<p>Los dos restantes son extranjeros, Bayer, que factura US$ 207 millones; y Sanofi Aventis, con US$ 203 millones.<\/p>\n","protected":false},"excerpt":{"rendered":"<p>El aumento de los medicamentos fue del 13,6 por ciento en enero, pero algunos superaron ampliamente este porcentaje. Los medicamentos m\u00e1s consumidos por adultos mayores sufrieron un incremento en sus precios de hasta 83% en enero \u00faltimo, destac\u00e1ndose una suba de 31% en promedio de los 10 medicamentos que m\u00e1s aumentaron, destac\u00f3 un informe del&hellip;<\/p>\n","protected":false},"author":1,"featured_media":90065,"comment_status":"open","ping_status":"open","sticky":false,"template":"","format":"standard","meta":{"footnotes":""},"categories":[9,25],"tags":[29861,24898,2450,22023,44],"class_list":["post-128859","post","type-post","status-publish","format-standard","has-post-thumbnail","hentry","category-economia","category-sociedad","tag-adultos-mayores","tag-cepa","tag-diario-el-sindical","tag-economia","tag-medicamentos"],"_links":{"self":[{"href":"https:\/\/www.elsindical.com.ar\/notas\/wp-json\/wp\/v2\/posts\/128859","targetHints":{"allow":["GET"]}}],"collection":[{"href":"https:\/\/www.elsindical.com.ar\/notas\/wp-json\/wp\/v2\/posts"}],"about":[{"href":"https:\/\/www.elsindical.com.ar\/notas\/wp-json\/wp\/v2\/types\/post"}],"author":[{"embeddable":true,"href":"https:\/\/www.elsindical.com.ar\/notas\/wp-json\/wp\/v2\/users\/1"}],"replies":[{"embeddable":true,"href":"https:\/\/www.elsindical.com.ar\/notas\/wp-json\/wp\/v2\/comments?post=128859"}],"version-history":[{"count":1,"href":"https:\/\/www.elsindical.com.ar\/notas\/wp-json\/wp\/v2\/posts\/128859\/revisions"}],"predecessor-version":[{"id":128860,"href":"https:\/\/www.elsindical.com.ar\/notas\/wp-json\/wp\/v2\/posts\/128859\/revisions\/128860"}],"wp:featuredmedia":[{"embeddable":true,"href":"https:\/\/www.elsindical.com.ar\/notas\/wp-json\/wp\/v2\/media\/90065"}],"wp:attachment":[{"href":"https:\/\/www.elsindical.com.ar\/notas\/wp-json\/wp\/v2\/media?parent=128859"}],"wp:term":[{"taxonomy":"category","embeddable":true,"href":"https:\/\/www.elsindical.com.ar\/notas\/wp-json\/wp\/v2\/categories?post=128859"},{"taxonomy":"post_tag","embeddable":true,"href":"https:\/\/www.elsindical.com.ar\/notas\/wp-json\/wp\/v2\/tags?post=128859"}],"curies":[{"name":"wp","href":"https:\/\/api.w.org\/{rel}","templated":true}]}}