{"id":128850,"date":"2024-02-20T15:13:26","date_gmt":"2024-02-20T18:13:26","guid":{"rendered":"https:\/\/www.elsindical.com.ar\/notas\/?p=128850"},"modified":"2024-02-20T15:13:55","modified_gmt":"2024-02-20T18:13:55","slug":"villa-elisa-policias-solidarios-en-allanamiento-por-maltrato-animal","status":"publish","type":"post","link":"https:\/\/www.elsindical.com.ar\/notas\/villa-elisa-policias-solidarios-en-allanamiento-por-maltrato-animal\/","title":{"rendered":"Villa Elisa: Polic\u00edas solidarios en allanamiento por maltrato animal"},"content":{"rendered":"\n<figure class=\"wp-block-image size-large\"><a href=\"https:\/\/www.elsindical.com.ar\/notas\/var\/www\/html\/notas\/wp-content\/uploads\/2024\/02\/Villa-Elisa-malt-animal-20Feb24-1.jpg\"><img loading=\"lazy\" decoding=\"async\" width=\"768\" height=\"1024\" src=\"https:\/\/www.elsindical.com.ar\/notas\/var\/www\/html\/notas\/wp-content\/uploads\/2024\/02\/Villa-Elisa-malt-animal-20Feb24-1-768x1024.jpg\" alt=\"\" class=\"wp-image-128851\" srcset=\"https:\/\/www.elsindical.com.ar\/notas\/var\/www\/html\/notas\/wp-content\/uploads\/2024\/02\/Villa-Elisa-malt-animal-20Feb24-1-768x1024.jpg 768w, https:\/\/www.elsindical.com.ar\/notas\/var\/www\/html\/notas\/wp-content\/uploads\/2024\/02\/Villa-Elisa-malt-animal-20Feb24-1-225x300.jpg 225w, https:\/\/www.elsindical.com.ar\/notas\/var\/www\/html\/notas\/wp-content\/uploads\/2024\/02\/Villa-Elisa-malt-animal-20Feb24-1.jpg 960w\" sizes=\"auto, (max-width: 768px) 100vw, 768px\" \/><\/a><\/figure>\n\n\n\n<p>   Efectivos policiales que realizaron un registro domiciliario por investigaci\u00f3n de maltrato animal, se conmovieron con el estado de los perros y entre todos les compraron alimento balanceado demostrando tener una gran humanidad, gestos que merecen ser reconocidos.<\/p>\n\n\n\n<p>Que con fecha 16\/02\/2024 se toma conocimiento a trav\u00e9s de las redes sociales que una ciudadana de la localidad de Villa Elisa pose\u00eda un criadero de canes de la raza Dogo de Burdeos, los cuales se encontraban en estado de abandono, desnutridos, con m\u00faltiples lastimaduras, ante ello se inician actuaciones de oficio. Por lo que se comisiona al GTO de la comisar\u00eda 12da de La Plata, a los fines de identificar correctamente este lugar, realizando una amplia investigaci\u00f3n, logrando obtener las circunstancias personales de la autora del il\u00edcito, solicitando una orden de registro domiciliaria y secuestro ante la fiscal\u00eda de intervenci\u00f3n. Por lo que en el d\u00eda de la fecha el Juzgado de Garant\u00edas N\u00b004 expide la orden de registro realiz\u00e1ndola GTO12da juntamente con GTO 13ra y Zoonosis del Municipio Platense logrando rescatar los animales, 3 Dogos de Burdeos y 2 Chihuahuas, los cuales se encontraban en muy mal estado. Procediendo a la aprehensi\u00f3n de GARC\u00cdA GIMENA, de 42 a\u00f1os, argentina, soltera, empleada . Respecto a los canes los mismos se encuentran al resguardo en la seccional policial buscando lugar de tr\u00e1nsito disponible. UFIYJ 15 a cargo del Dra. Mar\u00eda Cecilia Corfield , Juzgado de Garant\u00edas N\u00b0 04 del.Dpto Jud La Plata<\/p>\n\n\n\n<figure class=\"wp-block-embed is-type-video is-provider-youtube wp-block-embed-youtube wp-embed-aspect-16-9 wp-has-aspect-ratio\"><div class=\"wp-block-embed__wrapper\">\n<iframe loading=\"lazy\" title=\"Villa Elisa allanaiento y aprehendida por maltrato animal\" width=\"700\" height=\"394\" src=\"https:\/\/www.youtube.com\/embed\/r2Teq3ExXcQ?feature=oembed\" frameborder=\"0\" allow=\"accelerometer; autoplay; clipboard-write; encrypted-media; gyroscope; picture-in-picture; web-share\" allowfullscreen><\/iframe>\n<\/div><\/figure>\n\n\n\n<p><strong>Fuente: Los Bonaerenses<\/strong><\/p>\n","protected":false},"excerpt":{"rendered":"<p>Efectivos policiales que realizaron un registro domiciliario por investigaci\u00f3n de maltrato animal, se conmovieron con el estado de los perros y entre todos les compraron alimento balanceado demostrando tener una gran humanidad, gestos que merecen ser reconocidos. Que con fecha 16\/02\/2024 se toma conocimiento a trav\u00e9s de las redes sociales que una ciudadana de la&hellip;<\/p>\n","protected":false},"author":1,"featured_media":128851,"comment_status":"open","ping_status":"open","sticky":false,"template":"","format":"standard","meta":{"footnotes":""},"categories":[22],"tags":[1118,36407,2450,239,42323,42324,42322,11064],"class_list":["post-128850","post","type-post","status-publish","format-standard","has-post-thumbnail","hentry","category-policiales","tag-alimentos","tag-comisario-general-javier-carlos-villar","tag-diario-el-sindical","tag-la-plata","tag-mal-trato-animal","tag-policias-solidarios","tag-registro-domiciliario","tag-villa-elisa"],"_links":{"self":[{"href":"https:\/\/www.elsindical.com.ar\/notas\/wp-json\/wp\/v2\/posts\/128850","targetHints":{"allow":["GET"]}}],"collection":[{"href":"https:\/\/www.elsindical.com.ar\/notas\/wp-json\/wp\/v2\/posts"}],"about":[{"href":"https:\/\/www.elsindical.com.ar\/notas\/wp-json\/wp\/v2\/types\/post"}],"author":[{"embeddable":true,"href":"https:\/\/www.elsindical.com.ar\/notas\/wp-json\/wp\/v2\/users\/1"}],"replies":[{"embeddable":true,"href":"https:\/\/www.elsindical.com.ar\/notas\/wp-json\/wp\/v2\/comments?post=128850"}],"version-history":[{"count":1,"href":"https:\/\/www.elsindical.com.ar\/notas\/wp-json\/wp\/v2\/posts\/128850\/revisions"}],"predecessor-version":[{"id":128852,"href":"https:\/\/www.elsindical.com.ar\/notas\/wp-json\/wp\/v2\/posts\/128850\/revisions\/128852"}],"wp:featuredmedia":[{"embeddable":true,"href":"https:\/\/www.elsindical.com.ar\/notas\/wp-json\/wp\/v2\/media\/128851"}],"wp:attachment":[{"href":"https:\/\/www.elsindical.com.ar\/notas\/wp-json\/wp\/v2\/media?parent=128850"}],"wp:term":[{"taxonomy":"category","embeddable":true,"href":"https:\/\/www.elsindical.com.ar\/notas\/wp-json\/wp\/v2\/categories?post=128850"},{"taxonomy":"post_tag","embeddable":true,"href":"https:\/\/www.elsindical.com.ar\/notas\/wp-json\/wp\/v2\/tags?post=128850"}],"curies":[{"name":"wp","href":"https:\/\/api.w.org\/{rel}","templated":true}]}}