{"id":128847,"date":"2024-02-20T14:02:31","date_gmt":"2024-02-20T17:02:31","guid":{"rendered":"https:\/\/www.elsindical.com.ar\/notas\/?p=128847"},"modified":"2024-02-20T14:02:35","modified_gmt":"2024-02-20T17:02:35","slug":"adorni-aseguro-que-el-gobierno-anterior-tiene-la-culpa-de-la-invasion-de-mosquitos","status":"publish","type":"post","link":"https:\/\/www.elsindical.com.ar\/notas\/adorni-aseguro-que-el-gobierno-anterior-tiene-la-culpa-de-la-invasion-de-mosquitos\/","title":{"rendered":"Adorni asegur\u00f3 que el gobierno anterior tiene la culpa de la invasi\u00f3n de mosquitos"},"content":{"rendered":"<div class=\"wp-block-image\">\n<figure class=\"aligncenter size-full\"><a href=\"https:\/\/www.elsindical.com.ar\/notas\/var\/www\/html\/notas\/wp-content\/uploads\/2024\/02\/invasion-de-mosquitos.jpg\"><img loading=\"lazy\" decoding=\"async\" width=\"700\" height=\"391\" src=\"https:\/\/www.elsindical.com.ar\/notas\/var\/www\/html\/notas\/wp-content\/uploads\/2024\/02\/invasion-de-mosquitos.jpg\" alt=\"\" class=\"wp-image-128848\" srcset=\"https:\/\/www.elsindical.com.ar\/notas\/var\/www\/html\/notas\/wp-content\/uploads\/2024\/02\/invasion-de-mosquitos.jpg 700w, https:\/\/www.elsindical.com.ar\/notas\/var\/www\/html\/notas\/wp-content\/uploads\/2024\/02\/invasion-de-mosquitos-300x168.jpg 300w, https:\/\/www.elsindical.com.ar\/notas\/var\/www\/html\/notas\/wp-content\/uploads\/2024\/02\/invasion-de-mosquitos-500x279.jpg 500w\" sizes=\"auto, (max-width: 700px) 100vw, 700px\" \/><\/a><\/figure>\n<\/div>\n\n\n<p>Atribuy\u00f3 la invasi\u00f3n de mosquitos al \u00abfracaso en las pol\u00edticas de prevenci\u00f3n durante el a\u00f1o pasado\u00bb.<\/p>\n\n\n\n<p>El vocero presidencial Manuel Adorni asegur\u00f3 que la proliferaci\u00f3n de <strong>mosquitos en el \u00c1rea Metropolitana de Buenos Aires<\/strong> (AMBA) se dio por el \u201cfracaso en las pol\u00edticas de prevenci\u00f3n que se han hecho durante el a\u00f1o pasado\u201d.<\/p>\n\n\n\n<p>\u201cEn relaci\u00f3n a la proliferaci\u00f3n de mosquitos y los casos de dengue registrados, el Ministerio de Salud est\u00e1 en permanente coordinaci\u00f3n con las provincias, especialmente con aquellas que est\u00e1n m\u00e1s afectadas por el dengue\u201d, precis\u00f3 Adorni en la habitual conferencia de prensa en Casa Rosada.<\/p>\n\n\n\n<p>El aumento de mosquitos, que llegan a formar \u201cnubes\u201d en el aire, se trata de un \u201cpico de abundancia\u201d de la especie Aedes albifasciatus, conocida como \u201cmosquito de inundaci\u00f3n\u201d y transmisora del virus de la Encefalitis Equina del Oeste (EEO), y su reducci\u00f3n puede demorar hasta 10 d\u00edas, seg\u00fan explicaron especialistas.<\/p>\n\n\n\n<p>\u201cNos gustar\u00eda hacer una aclaraci\u00f3n: <strong>no queremos que se pierda de vista que gran parte de este problema se da por la responsabilidad que se tuvo en el fracaso en las pol\u00edticas de prevenci\u00f3n que se han hecho durante el a\u00f1o pasado<\/strong>. Esta tarea de prevenci\u00f3n y de difusi\u00f3n de lo que es el dengue y c\u00f3mo prevenirse no estuvieron bien implementadas\u201d, sostuvo el vocero.<\/p>\n\n\n\n<p>\u201cM\u00e1s all\u00e1 de los factores clim\u00e1ticos, los mosquitos tienen un ciclo y las acciones para evitar los criadores deben hacerse con anterioridad al problema que estamos transitando\u201d, agreg\u00f3.<\/p>\n\n\n\n<p>Especialistas advierten que su desarrollo, que depende de la temperatura de los charcos, puede extenderse entre siete y ocho d\u00edas posteriores a las precipitaciones, que redunda en la presencia masiva de esta especie de mosquito silvestre.<\/p>\n\n\n\n<p>Respecto a la especie transmisora del Dengue, Zika y Chikungunya, las autoridades recordaron que \u201cno se desarrolla habitualmente en parques o plazas sino que lo hace intra-domiciliariamente\u201d.<\/p>\n","protected":false},"excerpt":{"rendered":"<p>Atribuy\u00f3 la invasi\u00f3n de mosquitos al \u00abfracaso en las pol\u00edticas de prevenci\u00f3n durante el a\u00f1o pasado\u00bb. El vocero presidencial Manuel Adorni asegur\u00f3 que la proliferaci\u00f3n de mosquitos en el \u00c1rea Metropolitana de Buenos Aires (AMBA) se dio por el \u201cfracaso en las pol\u00edticas de prevenci\u00f3n que se han hecho durante el a\u00f1o pasado\u201d. \u201cEn relaci\u00f3n&hellip;<\/p>\n","protected":false},"author":1,"featured_media":128848,"comment_status":"open","ping_status":"open","sticky":false,"template":"","format":"standard","meta":{"footnotes":""},"categories":[13],"tags":[3468,979,2450,42321,42320,41770],"class_list":["post-128847","post","type-post","status-publish","format-standard","has-post-thumbnail","hentry","category-politica","tag-amba","tag-casa-rosada","tag-diario-el-sindical","tag-eeo","tag-invasion-de-mosquitos","tag-manuel-adorni"],"_links":{"self":[{"href":"https:\/\/www.elsindical.com.ar\/notas\/wp-json\/wp\/v2\/posts\/128847","targetHints":{"allow":["GET"]}}],"collection":[{"href":"https:\/\/www.elsindical.com.ar\/notas\/wp-json\/wp\/v2\/posts"}],"about":[{"href":"https:\/\/www.elsindical.com.ar\/notas\/wp-json\/wp\/v2\/types\/post"}],"author":[{"embeddable":true,"href":"https:\/\/www.elsindical.com.ar\/notas\/wp-json\/wp\/v2\/users\/1"}],"replies":[{"embeddable":true,"href":"https:\/\/www.elsindical.com.ar\/notas\/wp-json\/wp\/v2\/comments?post=128847"}],"version-history":[{"count":1,"href":"https:\/\/www.elsindical.com.ar\/notas\/wp-json\/wp\/v2\/posts\/128847\/revisions"}],"predecessor-version":[{"id":128849,"href":"https:\/\/www.elsindical.com.ar\/notas\/wp-json\/wp\/v2\/posts\/128847\/revisions\/128849"}],"wp:featuredmedia":[{"embeddable":true,"href":"https:\/\/www.elsindical.com.ar\/notas\/wp-json\/wp\/v2\/media\/128848"}],"wp:attachment":[{"href":"https:\/\/www.elsindical.com.ar\/notas\/wp-json\/wp\/v2\/media?parent=128847"}],"wp:term":[{"taxonomy":"category","embeddable":true,"href":"https:\/\/www.elsindical.com.ar\/notas\/wp-json\/wp\/v2\/categories?post=128847"},{"taxonomy":"post_tag","embeddable":true,"href":"https:\/\/www.elsindical.com.ar\/notas\/wp-json\/wp\/v2\/tags?post=128847"}],"curies":[{"name":"wp","href":"https:\/\/api.w.org\/{rel}","templated":true}]}}