{"id":128815,"date":"2024-02-19T12:04:59","date_gmt":"2024-02-19T15:04:59","guid":{"rendered":"https:\/\/www.elsindical.com.ar\/notas\/?p=128815"},"modified":"2024-02-19T12:05:03","modified_gmt":"2024-02-19T15:05:03","slug":"organizaciones-sociales-retoman-las-calles-contra-el-gobierno-por-asistencia-alimentaria-a-comedores","status":"publish","type":"post","link":"https:\/\/www.elsindical.com.ar\/notas\/organizaciones-sociales-retoman-las-calles-contra-el-gobierno-por-asistencia-alimentaria-a-comedores\/","title":{"rendered":"Organizaciones sociales retoman las calles contra el Gobierno por asistencia alimentaria a comedores"},"content":{"rendered":"<div class=\"wp-block-image\">\n<figure class=\"aligncenter size-large\"><a href=\"https:\/\/www.elsindical.com.ar\/notas\/var\/www\/html\/notas\/wp-content\/uploads\/2024\/02\/protesta-organizaciones-sociales-ollas.jpg\"><img loading=\"lazy\" decoding=\"async\" width=\"1024\" height=\"576\" src=\"https:\/\/www.elsindical.com.ar\/notas\/var\/www\/html\/notas\/wp-content\/uploads\/2024\/02\/protesta-organizaciones-sociales-ollas-1024x576.jpg\" alt=\"\" class=\"wp-image-128816\" srcset=\"https:\/\/www.elsindical.com.ar\/notas\/var\/www\/html\/notas\/wp-content\/uploads\/2024\/02\/protesta-organizaciones-sociales-ollas-1024x576.jpg 1024w, https:\/\/www.elsindical.com.ar\/notas\/var\/www\/html\/notas\/wp-content\/uploads\/2024\/02\/protesta-organizaciones-sociales-ollas-300x169.jpg 300w, https:\/\/www.elsindical.com.ar\/notas\/var\/www\/html\/notas\/wp-content\/uploads\/2024\/02\/protesta-organizaciones-sociales-ollas-768x432.jpg 768w, https:\/\/www.elsindical.com.ar\/notas\/var\/www\/html\/notas\/wp-content\/uploads\/2024\/02\/protesta-organizaciones-sociales-ollas-500x281.jpg 500w, https:\/\/www.elsindical.com.ar\/notas\/var\/www\/html\/notas\/wp-content\/uploads\/2024\/02\/protesta-organizaciones-sociales-ollas-460x260.jpg 460w, https:\/\/www.elsindical.com.ar\/notas\/var\/www\/html\/notas\/wp-content\/uploads\/2024\/02\/protesta-organizaciones-sociales-ollas.jpg 1200w\" sizes=\"auto, (max-width: 1024px) 100vw, 1024px\" \/><\/a><\/figure>\n<\/div>\n\n\n<p>Somos Barrios de Pie se concentr\u00f3 en las puertas del Ministerio de Econom\u00eda y a la entrada del Country Newman, donde vive el ministro de Econom\u00eda, Luis Caputo.<\/p>\n\n\n\n<p>Ante el aumento de la pobreza que afecta al<strong>\u00a057,4%<\/strong>\u00a0de la poblaci\u00f3n, distintas organizaciones sociales reclaman la asistencia del Estado en materia alimentaria destinada a comedores populares. Para eso, hoy se concentraron nuevamente en las calles contra el Gobierno<strong> que suspendi\u00f3 el env\u00edo de alimentos secos a las ollas populares.\u00a0<\/strong><\/p>\n\n\n\n<p>Desde las 11,&nbsp;<strong>la agrupaci\u00f3n <a href=\"https:\/\/twitter.com\/BarriosDePieOk\">Somos Barrios de Pie<\/a> se concentraron en las puertas del Ministerio de Econom\u00eda y en la entrada del Country Newman,<\/strong>&nbsp;barrio cerrado en el que habita el titular del Palacio de Hacienda,<strong>&nbsp;Luis \u201cToto\u201d Caputo<\/strong>&nbsp;en reclamo de un auxilio estatal en materia alimentaria en barrios carenciados.&nbsp;<\/p>\n\n\n\n<p>El dirigente nacional,\u00a0<strong>Daniel Men\u00e9ndez,\u00a0<\/strong>explic\u00f3 que la decisi\u00f3n del Gobierno de suspender el env\u00edo de alimentos secos a comedores populares<strong>\u00a0no fue compensada hasta la fecha.\u00a0<\/strong><\/p>\n\n\n\n<figure class=\"wp-block-embed is-type-rich is-provider-twitter wp-block-embed-twitter\"><div class=\"wp-block-embed__wrapper\">\n<blockquote class=\"twitter-tweet\" data-width=\"550\" data-dnt=\"true\"><p lang=\"es\" dir=\"ltr\">La emergencia alimentaria se recrudece diariamente en los barrios populares, hemos realizado numerosas manifestaciones en la b\u00fasqueda de encontrar respuestas por parte del Gobierno Nacional, que solo ha congelado la entrega de alimentos para comedores y merenderos comunitarios<\/p>&mdash; Somos Barrios de Pie (@BarriosDePieOk) <a href=\"https:\/\/twitter.com\/BarriosDePieOk\/status\/1758661599622250679?ref_src=twsrc%5Etfw\">February 17, 2024<\/a><\/blockquote><script async src=\"https:\/\/platform.twitter.com\/widgets.js\" charset=\"utf-8\"><\/script>\n<\/div><\/figure>\n\n\n\n<p>\u201cDesde noviembre no llegan alimentos.<strong>\u00a0Reci\u00e9n est\u00e1n armando las auditorias a los comedores que se presentaron para avanzar en firmar convenio y girar los fondos<\/strong>. Eso de m\u00ednima va para finde marzo\u201d informaron mediante sus redes sociales.<\/p>\n\n\n\n<p>Desde su organizaci\u00f3n plantean que la\u00a0<strong>emergencia alimentaria\u00a0<\/strong>se recrudece diariamente en los barrios populares, y remarcan que desde hace un mes el reclamo se mantiene.<strong>\u00a0\u201cNo recibimos ninguna respuesta que busque construir di\u00e1logo y soluciones para quienes atraviesan esta delicada situaci\u00f3n\u201d<\/strong>, subrayaron.<\/p>\n","protected":false},"excerpt":{"rendered":"<p>Somos Barrios de Pie se concentr\u00f3 en las puertas del Ministerio de Econom\u00eda y a la entrada del Country Newman, donde vive el ministro de Econom\u00eda, Luis Caputo. Ante el aumento de la pobreza que afecta al\u00a057,4%\u00a0de la poblaci\u00f3n, distintas organizaciones sociales reclaman la asistencia del Estado en materia alimentaria destinada a comedores populares. Para&hellip;<\/p>\n","protected":false},"author":1,"featured_media":128816,"comment_status":"open","ping_status":"open","sticky":false,"template":"","format":"standard","meta":{"footnotes":""},"categories":[25],"tags":[42301,42303,2450,24979,4901,42300,12733,42302],"class_list":["post-128815","post","type-post","status-publish","format-standard","has-post-thumbnail","hentry","category-sociedad","tag-country-newman","tag-daniel-menendez","tag-diario-el-sindical","tag-luis-caputo","tag-ministro-de-economia","tag-ollas","tag-organizaciones-sociales","tag-somos-barrios-de-pie"],"_links":{"self":[{"href":"https:\/\/www.elsindical.com.ar\/notas\/wp-json\/wp\/v2\/posts\/128815","targetHints":{"allow":["GET"]}}],"collection":[{"href":"https:\/\/www.elsindical.com.ar\/notas\/wp-json\/wp\/v2\/posts"}],"about":[{"href":"https:\/\/www.elsindical.com.ar\/notas\/wp-json\/wp\/v2\/types\/post"}],"author":[{"embeddable":true,"href":"https:\/\/www.elsindical.com.ar\/notas\/wp-json\/wp\/v2\/users\/1"}],"replies":[{"embeddable":true,"href":"https:\/\/www.elsindical.com.ar\/notas\/wp-json\/wp\/v2\/comments?post=128815"}],"version-history":[{"count":1,"href":"https:\/\/www.elsindical.com.ar\/notas\/wp-json\/wp\/v2\/posts\/128815\/revisions"}],"predecessor-version":[{"id":128817,"href":"https:\/\/www.elsindical.com.ar\/notas\/wp-json\/wp\/v2\/posts\/128815\/revisions\/128817"}],"wp:featuredmedia":[{"embeddable":true,"href":"https:\/\/www.elsindical.com.ar\/notas\/wp-json\/wp\/v2\/media\/128816"}],"wp:attachment":[{"href":"https:\/\/www.elsindical.com.ar\/notas\/wp-json\/wp\/v2\/media?parent=128815"}],"wp:term":[{"taxonomy":"category","embeddable":true,"href":"https:\/\/www.elsindical.com.ar\/notas\/wp-json\/wp\/v2\/categories?post=128815"},{"taxonomy":"post_tag","embeddable":true,"href":"https:\/\/www.elsindical.com.ar\/notas\/wp-json\/wp\/v2\/tags?post=128815"}],"curies":[{"name":"wp","href":"https:\/\/api.w.org\/{rel}","templated":true}]}}