{"id":12881,"date":"2011-03-09T21:04:22","date_gmt":"2011-03-10T00:04:22","guid":{"rendered":"http:\/\/www.elsindical.com.ar\/notas\/?p=12881"},"modified":"2011-03-09T21:04:22","modified_gmt":"2011-03-10T00:04:22","slug":"mendozadenunciaron-mas-practicas-violentas-en-carceles","status":"publish","type":"post","link":"https:\/\/www.elsindical.com.ar\/notas\/mendozadenunciaron-mas-practicas-violentas-en-carceles\/","title":{"rendered":"Mendoza:Denunciaron m\u00e1s pr\u00e1cticas violentas en c\u00e1rceles"},"content":{"rendered":"<p style=\"text-align: justify;\"><em><a href=\"http:\/\/www.elsindical.com.ar\/notas\/var\/www\/html\/notas\/wp-content\/uploads\/2011\/03\/im\u00e1genes-c\u00e1rcel-de-Mendoza.jpg\"><img loading=\"lazy\" decoding=\"async\" class=\"alignleft size-full wp-image-12882\" title=\"im\u00e1genes-c\u00e1rcel-de-Mendoza\" src=\"http:\/\/www.elsindical.com.ar\/notas\/var\/www\/html\/notas\/wp-content\/uploads\/2011\/03\/im\u00e1genes-c\u00e1rcel-de-Mendoza.jpg\" alt=\"\" width=\"295\" height=\"219\" \/><\/a>Nuevos videos grabados a trav\u00e9s de un tel\u00e9fono celular muestran a los guardiac\u00e1rceles realizando diferentes pr\u00e1cticas violentas a los reclusos de una c\u00e1rcel de la provincia de Mendoza. El abogado Diego Lavado, quien entreg\u00f3 el tel\u00e9fono a la Justicia, manifest\u00f3 que \u201clo que hacen es cronometrar el tiempo que tardan los presos en llegar y si se demoran mucho tiempo, los castigan\u00bb. Los carceleros se encuentran detenidos. <\/em><\/p>\n<p style=\"text-align: justify;\">Los videos fueron dados a conocer por el noticiero Visi\u00f3n 7 de la televisi\u00f3n p\u00fablica y se encontraban grabados en el tel\u00e9fono celular de un carcelero que ya se encuentra detenido por estos hechos, junto a otros siete.<\/p>\n<p>Un video muestra pr\u00e1cticas violentas de boxeo entre dos guardiac\u00e1rceles, a los que se ve con los cl\u00e1sicos guantes usados para ese deporte.<\/p>\n<p>Luego, en otra imagen se puede ver que un preso pide que le den \u00abfuego\u00bb para prender un cigarrillo y de repente entra una llamarada entre las rejas de una de las celdas.<\/p>\n<p>El abogado Diego Lavado, quien entreg\u00f3 el tel\u00e9fono a la justicia en febrero pasado, explic\u00f3 que en ese caso un guardia prendi\u00f3 un encendedor y luego us\u00f3 un desodorante para lograr la llamarada.<\/p>\n<p>Una de las im\u00e1genes m\u00e1s violentas es cuando los carceleros hacen salir a los presos de las duchas y los corren desnudos por el patio del penal, hasta que cada uno llega a su celda.<\/p>\n<p>Mientras tanto, los efectivos del servicio penitenciario portan hierros y un palo de golf, entre otros elementos, alardean de esa situaci\u00f3n y uno hasta hace pasos de baile y saluda al guardia que lo est\u00e1 filmando.<\/p>\n<p>\u00abEn ese caso, lo que hacen es cronometrar el tiempo que tardan los presos en llegar y si se demoran mucho tiempo, los castigan\u00bb, dijo Lavado, quien explic\u00f3 que los hechos se enmarcan en el delito de \u00abvejaciones\u00bb, ya que constituyen \u00abun ataque a la integridad psicol\u00f3gica y resultan humillantes\u00bb.<\/p>\n<p>Los primeros maltratos y torturas fueron denunciados a comienzos de febrero por la Asociaci\u00f3n para la Promoci\u00f3n y Protecci\u00f3n de los Derechos Humanos Xumek, luego de que Lavado recibiera un celular con los videos que muestran los tormentos en el penal San Felipe.<\/p>\n<p>En esos videos, se pod\u00eda ver a un interno esposado y atado a una reja, al cual tres carceleros golpeaban en las costillas.<\/p>\n<p>En otra de las im\u00e1genes, se observaba a otros dos hombres del servicio penitenciario que golpeaban a un joven y lo tiraban al piso.<\/p>\n<p>Tras la denuncia, tres jefes de distintas \u00e1reas del penal San Felipe fueron separados de sus cargos y ocho efectivos que trabajaban all\u00ed quedaron detenidos.<\/p>\n<p>Las im\u00e1genes conocidas hoy se encontraban en manos del fiscal de Delitos Complejos de Mendoza, Sergio Garay, desde febrero, y fueron difundidas por el noticiero Vision 7.<\/p>\n<p>Estos hechos ocurrieron luego de que hace seis a\u00f1os la provincia de Mendoza recibiera sanciones por parte de la Comisi\u00f3n Interamericana de Derechos Humanos (CIDH) debido al trato a los internos en las c\u00e1rceles, situaci\u00f3n que se hab\u00eda revertido a fines de 2010.<\/p>\n<p>Con estos nuevos casos, ahora se analiza crear la figura del procurador penitenciario, es decir, un defensor de los derechos de los detenidos.<\/p>\n","protected":false},"excerpt":{"rendered":"<p>Nuevos videos grabados a trav\u00e9s de un tel\u00e9fono celular muestran a los guardiac\u00e1rceles realizando diferentes pr\u00e1cticas violentas a los reclusos de una c\u00e1rcel de la provincia de Mendoza. El abogado Diego Lavado, quien entreg\u00f3 el tel\u00e9fono a la Justicia, manifest\u00f3 que \u201clo que hacen es cronometrar el tiempo que tardan los presos en llegar y&hellip;<\/p>\n","protected":false},"author":1,"featured_media":0,"comment_status":"open","ping_status":"open","sticky":false,"template":"","format":"standard","meta":{"footnotes":""},"categories":[19],"tags":[3990,6167,519,175,742,320,6168,582,2942,5966,571],"class_list":["post-12881","post","type-post","status-publish","format-standard","hentry","category-intramuros","tag-apremios","tag-castigos","tag-celular","tag-denuncia","tag-detenidos","tag-golpes","tag-guardiacarceles","tag-heridos","tag-imagenes","tag-malos-tratos","tag-mendoza"],"_links":{"self":[{"href":"https:\/\/www.elsindical.com.ar\/notas\/wp-json\/wp\/v2\/posts\/12881","targetHints":{"allow":["GET"]}}],"collection":[{"href":"https:\/\/www.elsindical.com.ar\/notas\/wp-json\/wp\/v2\/posts"}],"about":[{"href":"https:\/\/www.elsindical.com.ar\/notas\/wp-json\/wp\/v2\/types\/post"}],"author":[{"embeddable":true,"href":"https:\/\/www.elsindical.com.ar\/notas\/wp-json\/wp\/v2\/users\/1"}],"replies":[{"embeddable":true,"href":"https:\/\/www.elsindical.com.ar\/notas\/wp-json\/wp\/v2\/comments?post=12881"}],"version-history":[{"count":1,"href":"https:\/\/www.elsindical.com.ar\/notas\/wp-json\/wp\/v2\/posts\/12881\/revisions"}],"predecessor-version":[{"id":12883,"href":"https:\/\/www.elsindical.com.ar\/notas\/wp-json\/wp\/v2\/posts\/12881\/revisions\/12883"}],"wp:attachment":[{"href":"https:\/\/www.elsindical.com.ar\/notas\/wp-json\/wp\/v2\/media?parent=12881"}],"wp:term":[{"taxonomy":"category","embeddable":true,"href":"https:\/\/www.elsindical.com.ar\/notas\/wp-json\/wp\/v2\/categories?post=12881"},{"taxonomy":"post_tag","embeddable":true,"href":"https:\/\/www.elsindical.com.ar\/notas\/wp-json\/wp\/v2\/tags?post=12881"}],"curies":[{"name":"wp","href":"https:\/\/api.w.org\/{rel}","templated":true}]}}