{"id":128682,"date":"2024-02-12T22:48:14","date_gmt":"2024-02-13T01:48:14","guid":{"rendered":"https:\/\/www.elsindical.com.ar\/notas\/?p=128682"},"modified":"2024-02-12T22:54:06","modified_gmt":"2024-02-13T01:54:06","slug":"avellaneda-descontrol-con-fiestas-clandestinas-picadas-y-ruidos-molestos-el-municipio-ausente","status":"publish","type":"post","link":"https:\/\/www.elsindical.com.ar\/notas\/avellaneda-descontrol-con-fiestas-clandestinas-picadas-y-ruidos-molestos-el-municipio-ausente\/","title":{"rendered":"Avellaneda: Descontrol con fiestas clandestinas, picadas y ruidos molestos, el municipio ausente"},"content":{"rendered":"<div class=\"wp-block-image\">\n<figure class=\"aligncenter size-full is-resized\"><a href=\"https:\/\/www.elsindical.com.ar\/notas\/var\/www\/html\/notas\/wp-content\/uploads\/2024\/02\/CAV.png\"><img loading=\"lazy\" decoding=\"async\" width=\"235\" height=\"214\" src=\"https:\/\/www.elsindical.com.ar\/notas\/var\/www\/html\/notas\/wp-content\/uploads\/2024\/02\/CAV.png\" alt=\"\" class=\"wp-image-128685\" style=\"width:477px;height:auto\"\/><\/a><\/figure>\n<\/div>\n\n\n<p>   Desde hace meses, los vecinos de Avellaneda vienen pidiendo al municipio que se ocupe del descontrol que ocurre en varios barrios donde grupos de j\u00f3venes ingresan a domicilios sin ocupantes para realizar fiestas clandestinas que duran d\u00edas o bien, toman las calles para realizar picadas de autos y motos.<\/p>\n\n\n\n<p>En ambos casos el com\u00fan denominador es la m\u00fasica y los ruidos molestos producto de gritos y explosiones de los motores al acelerar, esto ocurre en barrios menos poblados y en el centro, especialmente en el <strong>Polo Gastron\u00f3mico<\/strong> con el boliche <strong>Harlem<\/strong> <strong>Hood<\/strong>, de la calle <strong>Juan Bautista Pala\u00e1 501 <\/strong>de Avellaneda, con sus fiestas en la terraza que exceden los decibeles para el descanso de los vecinos linderos.<\/p>\n\n\n\n<p>Los vecinos de <strong>Villa Corina<\/strong>, hace a\u00f1os conviven con encuentros ruidosos que no siempre terminan bien, en dos oportunidades estos terminaron con heridos de gravedad por disparos que comenzaron sin un motivo, a pesar de la gravedad de los hechos, los encuentros continuaron.<\/p>\n\n\n\n<p>Lo ins\u00f3lito, es que seg\u00fan una de las supervisoras del <strong>C.A.V<\/strong> (Centro de Atenci\u00f3n al Vecino de Avellaneda) <strong>Samanta Fleitas<\/strong>, ellos no pueden tomar los reclamos por ruidos molestos y que deber\u00edan ocuparse la polic\u00eda, ahora bien, seg\u00fan la polic\u00eda, ellos no pueden intervenir, porque no es delito los ruidos molestos, ni los disturbios y que solo pueden actuar cuando cometan un delito, es decir, no existe prevenci\u00f3n alguna, cuando se emborrachan y se drogan como si de esa mezcla algo bueno pudiera salir bien.<\/p>\n\n\n\n<p>Por el lado de <strong>Gerli<\/strong>, hay un domicilio donde los fines de semana las fiestas duran m\u00e1s de 24 horas con gritos, motos acelerando, m\u00fasica a un volumen que impide al resto descansar y consumo de todo lo que se les pueda ocurrir, los vecinos dicen que llaman al 911, pero las patrullas solo pasan por el lugar sin detenerse y todo sigue igual, el domicilio se\u00f1alado es <strong>Tres Sargentos 1497<\/strong> y no solo se dedican a la fiesta sino que han llegado a inventar motivos para amenazar a algunos vecinos que se quejaron por el descontrol, lo curioso es que el d\u00eda que los vecinos llamaron a la polic\u00eda, los revoltosos se abrazaban y besaban con los polic\u00edas que llegaron. <\/p>\n\n\n\n<p>La conclusi\u00f3n es que en Avellaneda, al que trabaja no lo cuida ni el municipio, ni la polic\u00eda, todo lo contrario, se fomenta el consumo de bebidas, drogas y el descontrol, NO HAY PREVENCI\u00d3N y una vez que ocurren los problemas nadie se hace cargo de las consecuencias, entonces \u00bfqu\u00e9 pueden hacer los vecinos de bien?<\/p>\n\n\n\n<figure class=\"wp-block-embed is-type-video is-provider-youtube wp-block-embed-youtube wp-embed-aspect-16-9 wp-has-aspect-ratio\"><div class=\"wp-block-embed__wrapper\">\n<iframe loading=\"lazy\" title=\"Avellaneda, descontrol y falta de prevenci\u00f3n nadie cuida a los vecinos\" width=\"700\" height=\"394\" src=\"https:\/\/www.youtube.com\/embed\/RXc3LDl0wGk?feature=oembed\" frameborder=\"0\" allow=\"accelerometer; autoplay; clipboard-write; encrypted-media; gyroscope; picture-in-picture; web-share\" allowfullscreen><\/iframe>\n<\/div><\/figure>\n\n\n\n<p>Por Marcelo Ricardo Hawrylciw<\/p>\n\n\n\n<p><\/p>\n","protected":false},"excerpt":{"rendered":"<p>Desde hace meses, los vecinos de Avellaneda vienen pidiendo al municipio que se ocupe del descontrol que ocurre en varios barrios donde grupos de j\u00f3venes ingresan a domicilios sin ocupantes para realizar fiestas clandestinas que duran d\u00edas o bien, toman las calles para realizar picadas de autos y motos. En ambos casos el com\u00fan denominador&hellip;<\/p>\n","protected":false},"author":1,"featured_media":128685,"comment_status":"open","ping_status":"open","sticky":false,"template":"","format":"standard","meta":{"footnotes":""},"categories":[6],"tags":[29966,2450,1662,34295,17388,32088,40406,39303,2818],"class_list":["post-128682","post","type-post","status-publish","format-standard","has-post-thumbnail","hentry","category-denuncias","tag-cav","tag-diario-el-sindical","tag-gerli","tag-harlem","tag-municipalidad-de-avellaneda","tag-polo-gastronomico","tag-ruidos-molestos","tag-tres-sargentos-1497","tag-villa-corina"],"_links":{"self":[{"href":"https:\/\/www.elsindical.com.ar\/notas\/wp-json\/wp\/v2\/posts\/128682","targetHints":{"allow":["GET"]}}],"collection":[{"href":"https:\/\/www.elsindical.com.ar\/notas\/wp-json\/wp\/v2\/posts"}],"about":[{"href":"https:\/\/www.elsindical.com.ar\/notas\/wp-json\/wp\/v2\/types\/post"}],"author":[{"embeddable":true,"href":"https:\/\/www.elsindical.com.ar\/notas\/wp-json\/wp\/v2\/users\/1"}],"replies":[{"embeddable":true,"href":"https:\/\/www.elsindical.com.ar\/notas\/wp-json\/wp\/v2\/comments?post=128682"}],"version-history":[{"count":4,"href":"https:\/\/www.elsindical.com.ar\/notas\/wp-json\/wp\/v2\/posts\/128682\/revisions"}],"predecessor-version":[{"id":128687,"href":"https:\/\/www.elsindical.com.ar\/notas\/wp-json\/wp\/v2\/posts\/128682\/revisions\/128687"}],"wp:featuredmedia":[{"embeddable":true,"href":"https:\/\/www.elsindical.com.ar\/notas\/wp-json\/wp\/v2\/media\/128685"}],"wp:attachment":[{"href":"https:\/\/www.elsindical.com.ar\/notas\/wp-json\/wp\/v2\/media?parent=128682"}],"wp:term":[{"taxonomy":"category","embeddable":true,"href":"https:\/\/www.elsindical.com.ar\/notas\/wp-json\/wp\/v2\/categories?post=128682"},{"taxonomy":"post_tag","embeddable":true,"href":"https:\/\/www.elsindical.com.ar\/notas\/wp-json\/wp\/v2\/tags?post=128682"}],"curies":[{"name":"wp","href":"https:\/\/api.w.org\/{rel}","templated":true}]}}