{"id":128677,"date":"2024-02-12T17:50:25","date_gmt":"2024-02-12T20:50:25","guid":{"rendered":"https:\/\/www.elsindical.com.ar\/notas\/?p=128677"},"modified":"2024-02-12T17:50:32","modified_gmt":"2024-02-12T20:50:32","slug":"casacion-rechazo-un-planteo-de-rodrigo-eguillor-el-cheto-de-banfield-en-una-causa-por-abuso-sexual","status":"publish","type":"post","link":"https:\/\/www.elsindical.com.ar\/notas\/casacion-rechazo-un-planteo-de-rodrigo-eguillor-el-cheto-de-banfield-en-una-causa-por-abuso-sexual\/","title":{"rendered":"Casaci\u00f3n: Rechazo un planteo de Rodrigo Eguillor, \u201cel cheto de Banfield\u201d, en una causa por abuso sexual"},"content":{"rendered":"\n<figure class=\"wp-block-image size-full\"><a href=\"https:\/\/www.elsindical.com.ar\/notas\/var\/www\/html\/notas\/wp-content\/uploads\/2020\/06\/Rodrigo-Eguillor-violador.jpg\"><img loading=\"lazy\" decoding=\"async\" width=\"800\" height=\"1000\" src=\"https:\/\/www.elsindical.com.ar\/notas\/var\/www\/html\/notas\/wp-content\/uploads\/2020\/06\/Rodrigo-Eguillor-violador.jpg\" alt=\"\" class=\"wp-image-96430\" srcset=\"https:\/\/www.elsindical.com.ar\/notas\/var\/www\/html\/notas\/wp-content\/uploads\/2020\/06\/Rodrigo-Eguillor-violador.jpg 800w, https:\/\/www.elsindical.com.ar\/notas\/var\/www\/html\/notas\/wp-content\/uploads\/2020\/06\/Rodrigo-Eguillor-violador-240x300.jpg 240w, https:\/\/www.elsindical.com.ar\/notas\/var\/www\/html\/notas\/wp-content\/uploads\/2020\/06\/Rodrigo-Eguillor-violador-768x960.jpg 768w\" sizes=\"auto, (max-width: 800px) 100vw, 800px\" \/><\/a><\/figure>\n\n\n\n<p>Sigue imputado pero no ir\u00e1 a juicio hasta tanto no evolucione de su cuadro psiqui\u00e1trico.<\/p>\n\n\n\n<p>La C\u00e1mara de Casaci\u00f3n porte\u00f1a rechaz\u00f3 un planteo de\u00a0<strong>Rodrigo Eguillor, conocido medi\u00e1ticamente como \u201cel cheto de Banfield\u201d<\/strong>\u00a0e hijo de una fiscal de Lomas de Zamora, contra un fallo que decidi\u00f3 reabrir la causa en su contra pero mantenerla en espera a la evoluci\u00f3n de su cuadro psiqui\u00e1trico.<\/p>\n\n\n\n<p>Eguillor est\u00e1 acusado de \u201c<strong>abuso sexual agravado por el acceso carnal, privaci\u00f3n ilegal de la libertad agravada<\/strong>&nbsp;por mediar violencia y amenazas\u201d pero no fue a juicio oral porque evaluaciones m\u00e9dicas detectaron trastornos psiqui\u00e1tricos que le imped\u00edan afrontar esa instancia.<\/p>\n\n\n\n<p>Un tribunal oral hab\u00eda resuelto en junio de 2023 dictar su sobreseimiento por&nbsp;<strong>\u201cincapacidad mental sobreviniente\u201d,<\/strong>&nbsp;ya que peritajes m\u00e9dicos detectaron \u201cun trastorno psic\u00f3tico cr\u00f3nico no especificado, un trastorno de la personalidad de caracter\u00edsticas cr\u00f3nicas y antecedentes de trastorno por uso de sustancias cuya previsi\u00f3n es que requerir\u00e1 tratamiento psiqui\u00e1trico y psicol\u00f3gico de por vida\u201d.<\/p>\n\n\n\n<p>De esa manera, Eguillor quedaba excluido de la posibilidad de ser sometido a juicio por los cargos que se le imputan: \u201cabuso sexual agravado por el acceso carnal, privaci\u00f3n ilegal de la libertad agravada por mediar violencia y amenazas, lesiones leves dolosas agravadas por mediar violencia de g\u00e9nero y amenazas, y amenazas coactivas agravadas\u201d.<\/p>\n\n\n\n<p>La C\u00e1mara de Casaci\u00f3n porte\u00f1a&nbsp;<strong>revoc\u00f3 el sobreseimiento, revivi\u00f3 la imputaci\u00f3n en su contra pero mantuvo \u201csuspendido el proceso\u201d<\/strong>, a resultas del \u201cseguimiento del estado de salud del imputado\u201d.<\/p>\n\n\n\n<p>\u201cResulta prematuro clausurar el procedimiento bajo el argumento de que su duraci\u00f3n no debe ser irrazonable, con mayor raz\u00f3n si se recuerda que el acusado -aunque estuvo inicialmente detenido- recuper\u00f3 su libertad el 28 de junio de 2021 y que, en definitiva, la demora que aqu\u00ed se ha venido produciendo obedeci\u00f3, precisamente, a la necesidad de resguardar su derecho a la defensa en juicio, que se ver\u00eda menoscabado de llevarse adelante un debate para cuyo desarrollo aqu\u00e9l carece de la capacidad mental requerida\u201d, sostuvo el tribunal entonces.<\/p>\n\n\n\n<p>Le defensa de Eguillor apel\u00f3 la medida y el mismo tribunal, con las firmas de&nbsp;<strong>los jueces Mauro Divito y Gustavo Bruzzone, declar\u00f3 inadmisible el recurso.<\/strong><\/p>\n\n\n\n<p>Eguillor es &nbsp;hijo de la fiscal de ejecuci\u00f3n Penal del Departamento Judicial de Lomas de Zamora Paula Mart\u00ednez Castro.<\/p>\n\n\n\n<p>En&nbsp;<strong>noviembre de 2018<\/strong>&nbsp;fue detenido \u2013cuando intentaba salir del pa\u00eds rumbo a Espa\u00f1a- por un caso de agresi\u00f3n sexual denunciado por una joven que intent\u00f3 escaparse del lugar de los hechos saltando por el balc\u00f3n del departamento del imputado.<\/p>\n\n\n\n<p>Eguillor enfrenta tambi\u00e9n una segunda denuncia por un delito similar.<\/p>\n","protected":false},"excerpt":{"rendered":"<p>Sigue imputado pero no ir\u00e1 a juicio hasta tanto no evolucione de su cuadro psiqui\u00e1trico. La C\u00e1mara de Casaci\u00f3n porte\u00f1a rechaz\u00f3 un planteo de\u00a0Rodrigo Eguillor, conocido medi\u00e1ticamente como \u201cel cheto de Banfield\u201d\u00a0e hijo de una fiscal de Lomas de Zamora, contra un fallo que decidi\u00f3 reabrir la causa en su contra pero mantenerla en espera&hellip;<\/p>\n","protected":false},"author":1,"featured_media":96430,"comment_status":"open","ping_status":"open","sticky":false,"template":"","format":"standard","meta":{"footnotes":""},"categories":[20],"tags":[783,35694,2450,40482,42251,30019],"class_list":["post-128677","post","type-post","status-publish","format-standard","has-post-thumbnail","hentry","category-judiciales","tag-abuso-sexual","tag-camara-de-casacion-portena","tag-diario-el-sindical","tag-el-cheto-de-banfield","tag-paula-martinez-castro","tag-rodrigo-eguillor"],"_links":{"self":[{"href":"https:\/\/www.elsindical.com.ar\/notas\/wp-json\/wp\/v2\/posts\/128677","targetHints":{"allow":["GET"]}}],"collection":[{"href":"https:\/\/www.elsindical.com.ar\/notas\/wp-json\/wp\/v2\/posts"}],"about":[{"href":"https:\/\/www.elsindical.com.ar\/notas\/wp-json\/wp\/v2\/types\/post"}],"author":[{"embeddable":true,"href":"https:\/\/www.elsindical.com.ar\/notas\/wp-json\/wp\/v2\/users\/1"}],"replies":[{"embeddable":true,"href":"https:\/\/www.elsindical.com.ar\/notas\/wp-json\/wp\/v2\/comments?post=128677"}],"version-history":[{"count":1,"href":"https:\/\/www.elsindical.com.ar\/notas\/wp-json\/wp\/v2\/posts\/128677\/revisions"}],"predecessor-version":[{"id":128678,"href":"https:\/\/www.elsindical.com.ar\/notas\/wp-json\/wp\/v2\/posts\/128677\/revisions\/128678"}],"wp:featuredmedia":[{"embeddable":true,"href":"https:\/\/www.elsindical.com.ar\/notas\/wp-json\/wp\/v2\/media\/96430"}],"wp:attachment":[{"href":"https:\/\/www.elsindical.com.ar\/notas\/wp-json\/wp\/v2\/media?parent=128677"}],"wp:term":[{"taxonomy":"category","embeddable":true,"href":"https:\/\/www.elsindical.com.ar\/notas\/wp-json\/wp\/v2\/categories?post=128677"},{"taxonomy":"post_tag","embeddable":true,"href":"https:\/\/www.elsindical.com.ar\/notas\/wp-json\/wp\/v2\/tags?post=128677"}],"curies":[{"name":"wp","href":"https:\/\/api.w.org\/{rel}","templated":true}]}}