{"id":128675,"date":"2024-02-12T13:32:01","date_gmt":"2024-02-12T16:32:01","guid":{"rendered":"https:\/\/www.elsindical.com.ar\/notas\/?p=128675"},"modified":"2024-02-12T13:32:08","modified_gmt":"2024-02-12T16:32:08","slug":"tarjeta-sube-quienes-no-podran-acceder-a-la-tarifa-social-para-pagar-los-boletos-con-descuento","status":"publish","type":"post","link":"https:\/\/www.elsindical.com.ar\/notas\/tarjeta-sube-quienes-no-podran-acceder-a-la-tarifa-social-para-pagar-los-boletos-con-descuento\/","title":{"rendered":"Tarjeta SUBE: qui\u00e9nes no podr\u00e1n acceder a la tarifa social para pagar los boletos con descuento"},"content":{"rendered":"\n<figure class=\"wp-block-image size-full\"><a href=\"https:\/\/www.elsindical.com.ar\/notas\/var\/www\/html\/notas\/wp-content\/uploads\/2020\/04\/terminal-SUBE.jpg\"><img loading=\"lazy\" decoding=\"async\" width=\"875\" height=\"490\" src=\"https:\/\/www.elsindical.com.ar\/notas\/var\/www\/html\/notas\/wp-content\/uploads\/2020\/04\/terminal-SUBE.jpg\" alt=\"\" class=\"wp-image-94688\" srcset=\"https:\/\/www.elsindical.com.ar\/notas\/var\/www\/html\/notas\/wp-content\/uploads\/2020\/04\/terminal-SUBE.jpg 875w, https:\/\/www.elsindical.com.ar\/notas\/var\/www\/html\/notas\/wp-content\/uploads\/2020\/04\/terminal-SUBE-300x168.jpg 300w, https:\/\/www.elsindical.com.ar\/notas\/var\/www\/html\/notas\/wp-content\/uploads\/2020\/04\/terminal-SUBE-768x430.jpg 768w, https:\/\/www.elsindical.com.ar\/notas\/var\/www\/html\/notas\/wp-content\/uploads\/2020\/04\/terminal-SUBE-500x280.jpg 500w\" sizes=\"auto, (max-width: 875px) 100vw, 875px\" \/><\/a><\/figure>\n\n\n\n<p>La eliminaci\u00f3n del subsidio al transporte y la dependencia de la tarjeta SUBE para acceder a la tarifa social plantean desaf\u00edos particulares para los usuarios en ciertas provincias.<\/p>\n\n\n\n<p>El reciente anuncio del gobierno nacional sobre la<strong> eliminaci\u00f3n del subsidio al transporte <\/strong>desencaden\u00f3 un aumento significativo en los costos de los boletos en todo el pa\u00eds, dejando a los usuarios en b\u00fasqueda de alternativas para mitigar el impacto econ\u00f3mico.<\/p>\n\n\n\n<p>Entre estas alternativas, la<strong> tarifa social <\/strong>de la <strong>tarjeta SUBE <\/strong>surgi\u00f3 como una opci\u00f3n clave, ofreciendo un descuento del 55% en el precio del pasaje. Sin embargo, esta medida <strong>no es equitativa<\/strong> en todas las regiones del pa\u00eds.<\/p>\n\n\n\n<h2 class=\"wp-block-heading\">Cu\u00e1les son las provincias que no podr\u00e1n acceder a la tarifa social de la tarjeta SUBE<\/h2>\n\n\n\n<p>La limitaci\u00f3n radica en aquellas provincias donde la esta tarjeta no es un m\u00e9todo de pago com\u00fan para el transporte p\u00fablico. <strong>La Rioja<\/strong>, <strong>Misiones<\/strong>, <strong>Salta<\/strong> y <strong>Tucum\u00e1n<\/strong> se encuentran entre las afectadas, ya que sus residentes no pueden acceder al beneficio de la tarifa social debido a la <strong>inexistencia de la tarjeta SUBE <\/strong>como opci\u00f3n de pago.<\/p>\n\n\n\n<p>La eliminaci\u00f3n del <strong>Fondo Compensador<\/strong> al Interior dej\u00f3 a las provincias sin m\u00e1s opci\u00f3n que considerar <strong>aumentos <\/strong>sustanciales en las tarifas de transporte o subsidiar una parte de estos costos con recursos propios.<\/p>\n\n\n\n<p>En contraste, la<strong> Provincia de Buenos Aires<\/strong> destaca por tener la mayor cobertura en el sistema SUBE, permitiendo a sus residentes beneficiarse de la tarifa social en mayor medida.<\/p>\n\n\n\n<p>Para aquellos usuarios que deseen acceder a la tarifa social y no cuenten con una tarjeta SUBE, obtener el<strong> PIN<\/strong> correspondiente es un paso fundamental. Este c\u00f3digo, esencial para activar el beneficio, puede ser adquirido a trav\u00e9s de la <strong>p\u00e1gina oficial de ANSES<\/strong> o la aplicaci\u00f3n <strong>Mi Anses<\/strong>.&nbsp;<\/p>\n\n\n\n<p>Adem\u00e1s, existe la opci\u00f3n de obtener el PIN de manera presencial, sin necesidad de turno, en un <strong>Centro de Atenci\u00f3n SUBE <\/strong>o en una <strong>oficina de ANSES<\/strong>, presentando el DNI y la tarjeta SUBE del solicitante.<\/p>\n","protected":false},"excerpt":{"rendered":"<p>La eliminaci\u00f3n del subsidio al transporte y la dependencia de la tarjeta SUBE para acceder a la tarifa social plantean desaf\u00edos particulares para los usuarios en ciertas provincias. El reciente anuncio del gobierno nacional sobre la eliminaci\u00f3n del subsidio al transporte desencaden\u00f3 un aumento significativo en los costos de los boletos en todo el pa\u00eds,&hellip;<\/p>\n","protected":false},"author":1,"featured_media":94688,"comment_status":"open","ping_status":"open","sticky":false,"template":"","format":"standard","meta":{"footnotes":""},"categories":[9],"tags":[4830,2450,22023,3780,8186,17353],"class_list":["post-128675","post","type-post","status-publish","format-standard","has-post-thumbnail","hentry","category-economia","tag-descuento","tag-diario-el-sindical","tag-economia","tag-provincias","tag-sube","tag-tarifa-social"],"_links":{"self":[{"href":"https:\/\/www.elsindical.com.ar\/notas\/wp-json\/wp\/v2\/posts\/128675","targetHints":{"allow":["GET"]}}],"collection":[{"href":"https:\/\/www.elsindical.com.ar\/notas\/wp-json\/wp\/v2\/posts"}],"about":[{"href":"https:\/\/www.elsindical.com.ar\/notas\/wp-json\/wp\/v2\/types\/post"}],"author":[{"embeddable":true,"href":"https:\/\/www.elsindical.com.ar\/notas\/wp-json\/wp\/v2\/users\/1"}],"replies":[{"embeddable":true,"href":"https:\/\/www.elsindical.com.ar\/notas\/wp-json\/wp\/v2\/comments?post=128675"}],"version-history":[{"count":1,"href":"https:\/\/www.elsindical.com.ar\/notas\/wp-json\/wp\/v2\/posts\/128675\/revisions"}],"predecessor-version":[{"id":128676,"href":"https:\/\/www.elsindical.com.ar\/notas\/wp-json\/wp\/v2\/posts\/128675\/revisions\/128676"}],"wp:featuredmedia":[{"embeddable":true,"href":"https:\/\/www.elsindical.com.ar\/notas\/wp-json\/wp\/v2\/media\/94688"}],"wp:attachment":[{"href":"https:\/\/www.elsindical.com.ar\/notas\/wp-json\/wp\/v2\/media?parent=128675"}],"wp:term":[{"taxonomy":"category","embeddable":true,"href":"https:\/\/www.elsindical.com.ar\/notas\/wp-json\/wp\/v2\/categories?post=128675"},{"taxonomy":"post_tag","embeddable":true,"href":"https:\/\/www.elsindical.com.ar\/notas\/wp-json\/wp\/v2\/tags?post=128675"}],"curies":[{"name":"wp","href":"https:\/\/api.w.org\/{rel}","templated":true}]}}