{"id":128658,"date":"2024-02-10T21:08:03","date_gmt":"2024-02-11T00:08:03","guid":{"rendered":"https:\/\/www.elsindical.com.ar\/notas\/?p=128658"},"modified":"2024-02-10T21:08:49","modified_gmt":"2024-02-11T00:08:49","slug":"lanus-dos-menores-aprehendidos-por-robo-calificado-por-el-uso-de-arma-uno-con-captura-por-homicidio","status":"publish","type":"post","link":"https:\/\/www.elsindical.com.ar\/notas\/lanus-dos-menores-aprehendidos-por-robo-calificado-por-el-uso-de-arma-uno-con-captura-por-homicidio\/","title":{"rendered":"Lan\u00fas: Dos menores aprehendidos por robo calificado por el uso de arma, uno con captura por homicidio"},"content":{"rendered":"<div class=\"wp-block-image\">\n<figure class=\"aligncenter size-large\"><a href=\"https:\/\/www.elsindical.com.ar\/notas\/var\/www\/html\/notas\/wp-content\/uploads\/2024\/02\/arma-menor-asesino-Lanus.jpeg\"><img loading=\"lazy\" decoding=\"async\" width=\"576\" height=\"1024\" src=\"https:\/\/www.elsindical.com.ar\/notas\/var\/www\/html\/notas\/wp-content\/uploads\/2024\/02\/arma-menor-asesino-Lanus-576x1024.jpeg\" alt=\"\" class=\"wp-image-128659\" srcset=\"https:\/\/www.elsindical.com.ar\/notas\/var\/www\/html\/notas\/wp-content\/uploads\/2024\/02\/arma-menor-asesino-Lanus-576x1024.jpeg 576w, https:\/\/www.elsindical.com.ar\/notas\/var\/www\/html\/notas\/wp-content\/uploads\/2024\/02\/arma-menor-asesino-Lanus-169x300.jpeg 169w, https:\/\/www.elsindical.com.ar\/notas\/var\/www\/html\/notas\/wp-content\/uploads\/2024\/02\/arma-menor-asesino-Lanus-768x1365.jpeg 768w, https:\/\/www.elsindical.com.ar\/notas\/var\/www\/html\/notas\/wp-content\/uploads\/2024\/02\/arma-menor-asesino-Lanus-864x1536.jpeg 864w, https:\/\/www.elsindical.com.ar\/notas\/var\/www\/html\/notas\/wp-content\/uploads\/2024\/02\/arma-menor-asesino-Lanus.jpeg 900w\" sizes=\"auto, (max-width: 576px) 100vw, 576px\" \/><\/a><\/figure>\n<\/div>\n\n\n<p><em>Personal del C.P. Lan\u00fas (C18) son comisionados por 911 a las calles Rondeau y Ach\u00e1val, donde 2 N.N en moto estaban cometiendo il\u00edcito. Al arribo, son visualizados los N.N armados en calles Chorroarin y Roma, a bordo de moto Zanella 110cc, negra, quienes intentan sustraer moto Rouser pte. A180GXJ, propiedad de MARIO S. (53), logr\u00e1ndose la aprehensi\u00f3n de Jerem\u00edas A. (15), a quien se le incauta r\u00e9plica de arma de fuego, mientras que el restante en su huida mantiene enfrentamiento con personal policial, logr\u00e1ndose su aprehensi\u00f3n en Kloosterman y Aguilar identific\u00e1ndose en primer instancia como Patricio E (17)<\/em>, quien descarta el arma. Personal Policial Ileso.<\/p>\n\n\n\n<p>Tras tareas realizadas se establece que PATRICIO resulta ser MARTIN NICOL\u00c1S A. sobre quien pesa Orden de Detenci\u00f3n con motivo de Homicidio Vma LARA FERN\u00c1NDEZ de fecha 1-01-22 prev. Fiscalia de Resp. Juvenil Nro 2 del Dpto. Jud. L. Zamora y Captura en HOMICIDIO CALIF. TVA prev. Juzg. Respons. Penal Juvenil Nro. 1 San Isidro de fecha 09-01-24. Menor se hab\u00eda fugado con fecha 5\/01\/24 del Instituto de Menores La Plata. Mantenida comunicaci\u00f3n Fiscal\u00eda de Menores Nro 5 en turno, y Juzg. Joven nro. 1 ambos de Dpto. Jud. L. Zamora, avalo lo actuado, caratula de ep\u00edgrafe, armamento policial incautado, dem\u00e1s recaudos legales. En relaci\u00f3n a MART\u00cdN A. ser\u00e1 traslado a Centro Recepci\u00f3n Menores La Plata.- Se inicia copia Sumario Administ. con interv. de AGAI.<\/p>\n\n\n\n<p>El menor aprehendido fue varias veces motivo de notas period\u00edsticas por su peligrosidad y sus fugas de los institutos donde fuera alojado.<\/p>\n\n\n\n<figure class=\"wp-block-image size-full\"><a href=\"https:\/\/www.elsindical.com.ar\/notas\/var\/www\/html\/notas\/wp-content\/uploads\/2024\/02\/Lara-Fernandez-y-su-madre.jpeg\"><img loading=\"lazy\" decoding=\"async\" width=\"768\" height=\"432\" src=\"https:\/\/www.elsindical.com.ar\/notas\/var\/www\/html\/notas\/wp-content\/uploads\/2024\/02\/Lara-Fernandez-y-su-madre.jpeg\" alt=\"\" class=\"wp-image-128660\" srcset=\"https:\/\/www.elsindical.com.ar\/notas\/var\/www\/html\/notas\/wp-content\/uploads\/2024\/02\/Lara-Fernandez-y-su-madre.jpeg 768w, https:\/\/www.elsindical.com.ar\/notas\/var\/www\/html\/notas\/wp-content\/uploads\/2024\/02\/Lara-Fernandez-y-su-madre-300x169.jpeg 300w, https:\/\/www.elsindical.com.ar\/notas\/var\/www\/html\/notas\/wp-content\/uploads\/2024\/02\/Lara-Fernandez-y-su-madre-500x281.jpeg 500w, https:\/\/www.elsindical.com.ar\/notas\/var\/www\/html\/notas\/wp-content\/uploads\/2024\/02\/Lara-Fernandez-y-su-madre-460x260.jpeg 460w\" sizes=\"auto, (max-width: 768px) 100vw, 768px\" \/><\/a><\/figure>\n\n\n\n<p>Fuente: Los Bonaerenses<\/p>\n","protected":false},"excerpt":{"rendered":"<p>Personal del C.P. Lan\u00fas (C18) son comisionados por 911 a las calles Rondeau y Ach\u00e1val, donde 2 N.N en moto estaban cometiendo il\u00edcito. Al arribo, son visualizados los N.N armados en calles Chorroarin y Roma, a bordo de moto Zanella 110cc, negra, quienes intentan sustraer moto Rouser pte. A180GXJ, propiedad de MARIO S. (53), logr\u00e1ndose&hellip;<\/p>\n","protected":false},"author":1,"featured_media":128659,"comment_status":"open","ping_status":"open","sticky":false,"template":"","format":"standard","meta":{"footnotes":""},"categories":[22],"tags":[36407,2450,2329,33318,209,36294,42198,252,16396,613],"class_list":["post-128658","post","type-post","status-publish","format-standard","has-post-thumbnail","hentry","category-policiales","tag-comisario-general-javier-carlos-villar","tag-diario-el-sindical","tag-homicidio","tag-javier-alonso","tag-lanus","tag-lara-fernandez","tag-los-bonaerenses","tag-menores","tag-pba","tag-seguridad"],"_links":{"self":[{"href":"https:\/\/www.elsindical.com.ar\/notas\/wp-json\/wp\/v2\/posts\/128658","targetHints":{"allow":["GET"]}}],"collection":[{"href":"https:\/\/www.elsindical.com.ar\/notas\/wp-json\/wp\/v2\/posts"}],"about":[{"href":"https:\/\/www.elsindical.com.ar\/notas\/wp-json\/wp\/v2\/types\/post"}],"author":[{"embeddable":true,"href":"https:\/\/www.elsindical.com.ar\/notas\/wp-json\/wp\/v2\/users\/1"}],"replies":[{"embeddable":true,"href":"https:\/\/www.elsindical.com.ar\/notas\/wp-json\/wp\/v2\/comments?post=128658"}],"version-history":[{"count":1,"href":"https:\/\/www.elsindical.com.ar\/notas\/wp-json\/wp\/v2\/posts\/128658\/revisions"}],"predecessor-version":[{"id":128661,"href":"https:\/\/www.elsindical.com.ar\/notas\/wp-json\/wp\/v2\/posts\/128658\/revisions\/128661"}],"wp:featuredmedia":[{"embeddable":true,"href":"https:\/\/www.elsindical.com.ar\/notas\/wp-json\/wp\/v2\/media\/128659"}],"wp:attachment":[{"href":"https:\/\/www.elsindical.com.ar\/notas\/wp-json\/wp\/v2\/media?parent=128658"}],"wp:term":[{"taxonomy":"category","embeddable":true,"href":"https:\/\/www.elsindical.com.ar\/notas\/wp-json\/wp\/v2\/categories?post=128658"},{"taxonomy":"post_tag","embeddable":true,"href":"https:\/\/www.elsindical.com.ar\/notas\/wp-json\/wp\/v2\/tags?post=128658"}],"curies":[{"name":"wp","href":"https:\/\/api.w.org\/{rel}","templated":true}]}}