{"id":128645,"date":"2024-02-10T12:51:32","date_gmt":"2024-02-10T15:51:32","guid":{"rendered":"https:\/\/www.elsindical.com.ar\/notas\/?p=128645"},"modified":"2024-02-10T12:51:37","modified_gmt":"2024-02-10T15:51:37","slug":"desde-roma-y-sin-dar-nombres-milei-insistio-en-hablar-de-coima-sobres-y-parasitos","status":"publish","type":"post","link":"https:\/\/www.elsindical.com.ar\/notas\/desde-roma-y-sin-dar-nombres-milei-insistio-en-hablar-de-coima-sobres-y-parasitos\/","title":{"rendered":"Desde Roma y sin dar nombres, Milei insisti\u00f3 en hablar de \u201ccoima\u201d, \u201csobres\u201d y \u201cpar\u00e1sitos\u201d"},"content":{"rendered":"\n<figure class=\"wp-block-image size-large\"><a href=\"https:\/\/www.elsindical.com.ar\/notas\/var\/www\/html\/notas\/wp-content\/uploads\/2024\/02\/Milei-y-Karina-en-Roma.jpg\"><img loading=\"lazy\" decoding=\"async\" width=\"1024\" height=\"576\" src=\"https:\/\/www.elsindical.com.ar\/notas\/var\/www\/html\/notas\/wp-content\/uploads\/2024\/02\/Milei-y-Karina-en-Roma-1024x576.jpg\" alt=\"\" class=\"wp-image-128646\" srcset=\"https:\/\/www.elsindical.com.ar\/notas\/var\/www\/html\/notas\/wp-content\/uploads\/2024\/02\/Milei-y-Karina-en-Roma-1024x576.jpg 1024w, https:\/\/www.elsindical.com.ar\/notas\/var\/www\/html\/notas\/wp-content\/uploads\/2024\/02\/Milei-y-Karina-en-Roma-300x169.jpg 300w, https:\/\/www.elsindical.com.ar\/notas\/var\/www\/html\/notas\/wp-content\/uploads\/2024\/02\/Milei-y-Karina-en-Roma-768x432.jpg 768w, https:\/\/www.elsindical.com.ar\/notas\/var\/www\/html\/notas\/wp-content\/uploads\/2024\/02\/Milei-y-Karina-en-Roma-500x281.jpg 500w, https:\/\/www.elsindical.com.ar\/notas\/var\/www\/html\/notas\/wp-content\/uploads\/2024\/02\/Milei-y-Karina-en-Roma-460x260.jpg 460w, https:\/\/www.elsindical.com.ar\/notas\/var\/www\/html\/notas\/wp-content\/uploads\/2024\/02\/Milei-y-Karina-en-Roma.jpg 1200w\" sizes=\"auto, (max-width: 1024px) 100vw, 1024px\" \/><\/a><\/figure>\n\n\n\n<p>El presidente critic\u00f3 a los legisladores que votaron contra la ley Bases y asegur\u00f3 que dise\u00f1\u00f3 \u00abun programa econ\u00f3mico para exterminar la inflaci\u00f3n sin necesidad del Congreso\u00bb.<\/p>\n\n\n\n<p>El presidente Javier Milei afirm\u00f3 hoy <strong>mientras paseaba y se fotografiaba junto con su hermana y secretaria General de la Presidencia por Roma <\/strong>que la ley Bases refleja \u201cel proyecto de pa\u00eds\u201d que pretende el Gobierno, que <strong>\u201cm\u00e1s tarde o m\u00e1s temprano\u201d dispondr\u00e1 de las normativas que necesitan \u201clos argentinos\u201d,<\/strong> y advirti\u00f3 que su Gobierno no va a ser c\u00f3mplice \u201cdel juego de los mismos par\u00e1sitos de siempre que viven a costa de los argentinos\u201d.<\/p>\n\n\n\n<p>En un extenso posteo en su cuenta de X, al que titul\u00f3 Cambio de Reglas, mientras <strong>espera al domingo para asistir a la canonizaci\u00f3n de Mama Antula<\/strong>, Milei critic\u00f3 a los diputados que votaron en contra de algunos art\u00edculos de la ley que volvi\u00f3 a comisi\u00f3n y consider\u00f3 que lo que se vio en el Congreso fue <strong>\u201cun conjunto de pol\u00edticos que van a hacer lo imposible para mantener sus privilegios\u201d<\/strong>.<\/p>\n\n\n\n<p>\u201cDijimos que nosotros \u00edbamos a enviar nuestros proyectos al Congreso y los pol\u00edticos iban a tener que decidir de qu\u00e9 lado de la Historia quer\u00edan estar, si quer\u00edan ser parte del cambio o quer\u00edan seguir manteniendo sus privilegios\u201d y \u201ctambi\u00e9n dijimos que si no acompa\u00f1aban los cambios, <strong>los \u00edbamos a exponer frente a la sociedad para que sus negociados, privilegios y corrupci\u00f3n quedaran expuestos<\/strong>\u201c, subray\u00f3.<\/p>\n\n\n\n<p>Y agreg\u00f3 que \u201ceso es lo que vamos a hacer\u201d.<\/p>\n\n\n\n<p>\u201cNo vamos a ser c\u00f3mplices de los negocios de algunos con la industria pesquera, con el Se\u00f1or del tabaco, con las empresas petroleras o con cualquiera de los otros intereses especiales que hacen lobby y \u2018persuaden\u2019 pol\u00edticos para defender sus intereses\u201d, <strong>remarc\u00f3 el Presidente que llen\u00f3 su gobierno de funcionarios de OSDE y del Grupo Am\u00e9rica, entre otros.<\/strong><\/p>\n\n\n\n<p>Adem\u00e1s, sostuvo, sin dar nombres, que \u201cdurante muchos a\u00f1os hubo en Argentina un grupo de pol\u00edticos que dice representar la moderaci\u00f3n, el di\u00e1logo, el consenso y la sensatez\u201d, que <strong>\u201clo \u00fanico que hacen es garantizar el statu quo a cambio de negocios personales\u201d, <\/strong>tras lo cual cit\u00f3 los casos de los \u201cregistros automotores, concesiones de litio, repartija de sobres a periodistas y muchos otros negocios que algunos pol\u00edticos hacen mientras \u2018defienden la Rep\u00fablica\u2019 en la televisi\u00f3n\u201d.<\/p>\n\n\n\n<p>\u201cTodo eso se acab\u00f3 con nosotros\u201d, asegur\u00f3 Milei y agreg\u00f3 que \u201csi tienen un problema con que expongamos lo que hacen, c\u00f3mo votan y a qui\u00e9n responden, es porque <strong>no est\u00e1n defendiendo los intereses de la Naci\u00f3n, sino los propios\u201d.<\/strong><\/p>\n\n\n\n<p>Parafraseando a <strong>Daenerys Stormborn Targaryen, la reina demente de Juego de Tronos <\/strong>y que era la personaje preferida de de la ex mandataria Cristina Kirchner agreg\u00f3: \u201cNo vinimos a continuar con la rueda del juego de la pol\u00edtica de siempre. Vinimos a romperla\u201d.<\/p>\n\n\n\n<p>\u201cNo nos importan las operaciones, las difamaciones, los t\u00edtulos de los diarios. No nos importan las presiones de quienes destruyeron este pa\u00eds. <strong>No estamos jugando un juego. No nos importa pagar el costo pol\u00edtico de hacer lo que hay que hacer <\/strong>porque nuestro objetivo es solucionar los problemas de los argentinos y no perpetuarnos en el poder\u201d, sostuvo el jefe de Estado en su posteo.<\/p>\n\n\n\n<p>En el inicio de su posteo, el dirigente reaccionario record\u00f3 que \u201cel gobierno nacional <strong>asumi\u00f3 con la responsabilidad de arreglar tres problemas fundamentales que <\/strong>sufre nuestro pa\u00eds: la inflaci\u00f3n, la inseguridad y los privilegios de los pol\u00edticos\u201d.<\/p>\n\n\n\n<p>\u201cNosotros vinimos a plantear un modelo distinto al modelo empobrecedor de los \u00faltimos 100 a\u00f1os. Y vinimos a hacerlo de cara a los argentinos. <strong>Con la verdad en una mano y la libertad en la otra<\/strong>\u201c, sostuvo y destac\u00f3 que el Gobierno mand\u00f3 la ley Bases al Congreso \u201cpara devolverle la libertad a los Argentinos\u201d<\/p>\n\n\n\n<p>\u201cEn ese proyecto de ley est\u00e1 reflejado nuestro proyecto de pa\u00eds. Un pa\u00eds libre, donde los ciudadanos puedan vivir su vida <strong>sin depender de un bur\u00f3crata que pide una coima <\/strong>para liberar una importaci\u00f3n\u201d, subray\u00f3 y asegur\u00f3 que \u201c<strong>el gobierno no necesita la ley<\/strong>. Los argentinos la necesitan. Y la vamos a conseguir, m\u00e1s tarde o m\u00e1s temprano\u201d.<\/p>\n\n\n\n<p>En ese contexto, se\u00f1al\u00f3 que \u201clo que sucedi\u00f3 en el Congreso representa a la perfecci\u00f3n el problema al que nos estamos enfrentando\u201d y dijo que se trata de \u201cun conjunto de pol\u00edticos que van a hacer lo imposible para mantener sus privilegios. <strong>La casta. Lo venimos diciendo desde que nos metimos en pol\u00edtica<\/strong>. Sab\u00edamos que iba a pasar\u201d.<\/p>\n\n\n\n<p>\u201cPor eso dise\u00f1amos <strong>un programa econ\u00f3mico para exterminar la inflaci\u00f3n sin necesidad del Congreso <\/strong>ni de ninguno de todos aquellos que pretenden seguir viviendo como reyes a costa de los contribuyentes, agreg\u00f3 el mandatario.<\/p>\n\n\n\n<p>Con un peculiar uso de la may\u00fasculas agreg\u00f3: \u201cVenimos a cambiar este pa\u00eds. Con la misma convicci\u00f3n que ten\u00edan nuestros H\u00e9roes de Mayo (sic), venimos a defender La Causa de la Libertad\u201d, a\u00f1adi\u00f3, y se\u00f1al\u00f3 que \u201ctendr\u00e1n que elegir de qu\u00e9 lado est\u00e1n. <strong>Los argentinos ya saben de qu\u00e9 lado estamos nosotros <\/strong>y se los vamos a demandar\u201d.<\/p>\n\n\n\n<p>El posteo finaliz\u00f3 con su cl\u00e1sica expresi\u00f3n que evade todas las reglas de la gram\u00e1tica castellana: <strong>\u201cViva la libertad carajo\u201d<\/strong> (SIC).<\/p>\n","protected":false},"excerpt":{"rendered":"<p>El presidente critic\u00f3 a los legisladores que votaron contra la ley Bases y asegur\u00f3 que dise\u00f1\u00f3 \u00abun programa econ\u00f3mico para exterminar la inflaci\u00f3n sin necesidad del Congreso\u00bb. El presidente Javier Milei afirm\u00f3 hoy mientras paseaba y se fotografiaba junto con su hermana y secretaria General de la Presidencia por Roma que la ley Bases refleja&hellip;<\/p>\n","protected":false},"author":1,"featured_media":128646,"comment_status":"open","ping_status":"open","sticky":false,"template":"","format":"standard","meta":{"footnotes":""},"categories":[13],"tags":[622,175,2450,1005,28812,40428,42247,8911,23334],"class_list":["post-128645","post","type-post","status-publish","format-standard","has-post-thumbnail","hentry","category-politica","tag-coimas","tag-denuncia","tag-diario-el-sindical","tag-italia","tag-javier-milei","tag-karina-milei","tag-mama-antula","tag-roma","tag-sobres"],"_links":{"self":[{"href":"https:\/\/www.elsindical.com.ar\/notas\/wp-json\/wp\/v2\/posts\/128645","targetHints":{"allow":["GET"]}}],"collection":[{"href":"https:\/\/www.elsindical.com.ar\/notas\/wp-json\/wp\/v2\/posts"}],"about":[{"href":"https:\/\/www.elsindical.com.ar\/notas\/wp-json\/wp\/v2\/types\/post"}],"author":[{"embeddable":true,"href":"https:\/\/www.elsindical.com.ar\/notas\/wp-json\/wp\/v2\/users\/1"}],"replies":[{"embeddable":true,"href":"https:\/\/www.elsindical.com.ar\/notas\/wp-json\/wp\/v2\/comments?post=128645"}],"version-history":[{"count":1,"href":"https:\/\/www.elsindical.com.ar\/notas\/wp-json\/wp\/v2\/posts\/128645\/revisions"}],"predecessor-version":[{"id":128647,"href":"https:\/\/www.elsindical.com.ar\/notas\/wp-json\/wp\/v2\/posts\/128645\/revisions\/128647"}],"wp:featuredmedia":[{"embeddable":true,"href":"https:\/\/www.elsindical.com.ar\/notas\/wp-json\/wp\/v2\/media\/128646"}],"wp:attachment":[{"href":"https:\/\/www.elsindical.com.ar\/notas\/wp-json\/wp\/v2\/media?parent=128645"}],"wp:term":[{"taxonomy":"category","embeddable":true,"href":"https:\/\/www.elsindical.com.ar\/notas\/wp-json\/wp\/v2\/categories?post=128645"},{"taxonomy":"post_tag","embeddable":true,"href":"https:\/\/www.elsindical.com.ar\/notas\/wp-json\/wp\/v2\/tags?post=128645"}],"curies":[{"name":"wp","href":"https:\/\/api.w.org\/{rel}","templated":true}]}}