{"id":128585,"date":"2024-02-08T02:45:44","date_gmt":"2024-02-08T05:45:44","guid":{"rendered":"https:\/\/www.elsindical.com.ar\/notas\/?p=128585"},"modified":"2024-02-08T02:45:49","modified_gmt":"2024-02-08T05:45:49","slug":"largas-filas-y-malestar-de-los-usuarios-para-registrar-la-tarjeta-sube","status":"publish","type":"post","link":"https:\/\/www.elsindical.com.ar\/notas\/largas-filas-y-malestar-de-los-usuarios-para-registrar-la-tarjeta-sube\/","title":{"rendered":"Largas filas y malestar de los usuarios para registrar la tarjeta SUBE"},"content":{"rendered":"<div class=\"wp-block-image\">\n<figure class=\"aligncenter size-full\"><a href=\"https:\/\/www.elsindical.com.ar\/notas\/var\/www\/html\/notas\/wp-content\/uploads\/2024\/02\/colas-carga-SUBE.jpg\"><img loading=\"lazy\" decoding=\"async\" width=\"700\" height=\"447\" src=\"https:\/\/www.elsindical.com.ar\/notas\/var\/www\/html\/notas\/wp-content\/uploads\/2024\/02\/colas-carga-SUBE.jpg\" alt=\"\" class=\"wp-image-128586\" srcset=\"https:\/\/www.elsindical.com.ar\/notas\/var\/www\/html\/notas\/wp-content\/uploads\/2024\/02\/colas-carga-SUBE.jpg 700w, https:\/\/www.elsindical.com.ar\/notas\/var\/www\/html\/notas\/wp-content\/uploads\/2024\/02\/colas-carga-SUBE-300x192.jpg 300w, https:\/\/www.elsindical.com.ar\/notas\/var\/www\/html\/notas\/wp-content\/uploads\/2024\/02\/colas-carga-SUBE-470x300.jpg 470w\" sizes=\"auto, (max-width: 700px) 100vw, 700px\" \/><\/a><\/figure>\n<\/div>\n\n\n<p class=\"wp-block-paragraph\">La Secretar\u00eda de Transporte dispuso un operativo para gestionar la inscripci\u00f3n de manera presencial en la estaci\u00f3n de Once, tras la ca\u00edda del sistema; al menos tres horas de espera.<\/p>\n\n\n\n<p class=\"wp-block-paragraph\">Tras una <strong>nueva ca\u00edda del sistema online de tarjeta SUBE <\/strong>y los fuertes aumentos que comenzaron a regir ayer para trenes y colectivos del \u00c1rea Metropolitana de Buenos Aires (AMBA) , cientos de usuarios se acercaron a la estaci\u00f3n de Once esta ma\u00f1ana para registrar sus pl\u00e1sticos de manera presencial y, as\u00ed, evitar pagar una tarifa mayor a partir del 2 de abril.<\/p>\n\n\n\n<p class=\"wp-block-paragraph\">Hoy, <strong>el boleto m\u00ednimo de colectivo cuesta $270 y $130 el de tren.<\/strong> En este contexto, el Gobierno tambi\u00e9n anunci\u00f3 que <strong>aquellas personas que no cuenten con su tarjeta SUBE nominalizada, <\/strong>es decir, registrada a su nombre,<strong> deber\u00e1n pagar una tarifa de $430 y $260, respectivamente. <\/strong>Sin embargo, el tr\u00e1mite parece casi <strong>una misi\u00f3n imposible, tambi\u00e9n presencialmente:<\/strong> largas filas que ocupan un and\u00e9n completo y poco personal para atender son las trabas que complicaron a los pasajeros en las \u00faltimas horas.<\/p>\n\n\n\n<p class=\"wp-block-paragraph\">\u201cSoy de Lugano y vine a las 6 de la ma\u00f1ana, menos mal que justo hoy no tengo que trabajar, perd\u00e9s todo el d\u00eda. Me parece que este no es el modo, hay cualquier cantidad de gente y hace media hora que la fila no avanza\u201d, coment\u00f3 Francisco Blas, empleado de una f\u00e1brica de cart\u00f3n corrugado, de 57 a\u00f1os, agobiado por el calor.<\/p>\n\n\n\n<p class=\"wp-block-paragraph\">Francisco utiliza tres colectivos para llegar a su trabajo en Merlo, en la zona oeste del conurbano bonaerense. A pesar de que no est\u00e1 en desacuerdo con registrar la SUBE, le preocupa que el boleto contin\u00fae aumentando, mientras que los sueldos no. \u201cTendr\u00edan que evaluar hacer algo m\u00e1s accesible para la gente, no est\u00e1 f\u00e1cil la situaci\u00f3n\u201d, agreg\u00f3.<\/p>\n\n\n\n<p class=\"wp-block-paragraph\">Apenas unos metros atr\u00e1s, se encontraba Nadia Medina, vecina de Gregorio de Laferrere, La Matanza. Al igual que muchos en la fila, se acerc\u00f3 a Once a las 7 de la ma\u00f1ana ya que <strong>tanto la p\u00e1gina como la aplicaci\u00f3n de SUBE est\u00e1n colapsadas.<\/strong>\u201cYo trabajo en negro y no me pagan el vi\u00e1tico, as\u00ed que en total tengo que gastar $1400 o m\u00e1s por d\u00eda para viajar. Para el sueldo que yo tengo, es muy duro, as\u00ed que necesito registrar la tarjeta s\u00ed o s\u00ed\u201d<\/p>\n\n\n\n<p class=\"wp-block-paragraph\">Dada su situaci\u00f3n y los constantes aumentos, Nadia detall\u00f3 que est\u00e1 evaluando conseguir un segundo trabajo para solventar sus gastos. \u201cEst\u00e1 todo preparado para extinguir a la clase trabajadora. <strong>Si no te mor\u00eds de depresi\u00f3n, te mor\u00eds de un infarto o de hambre\u201d, <\/strong>sentenci\u00f3 angustiada.<\/p>\n\n\n\n<p class=\"wp-block-paragraph\">En medio de las quejas por la larga espera y las altas temperaturas, Cristian, vecino de Pontevedra, partido de Merlo, esperaba junto a su pareja poder concretar el tr\u00e1mite. En su caso, llegaron a las 9 de la ma\u00f1ana. \u201cLa p\u00e1gina est\u00e1 saturada hace d\u00edas, as\u00ed que no nos qued\u00f3 otra que venir ac\u00e1\u201d, expres\u00f3 Cristian cargado de paciencia.<\/p>\n\n\n\n<p class=\"wp-block-paragraph\">Seg\u00fan precis\u00f3, utiliza todos los d\u00edas el transporte p\u00fablico. Por los aumentos, con su pareja se ayudan entre ambos \u201cconstantemente\u201d. \u201cLos aumentos son necesarios y se sab\u00eda que eran necesarios, pero de a poco, no tan de golpe. Todo sube y los sueldos, no. <strong>Mientras se pueda pagar, se va a acompa\u00f1ar, pero no s\u00e9 qu\u00e9 va a pasar cuando la gente ya no pueda aguantar m\u00e1s<\/strong>\u201d, desliz\u00f3 con cierta preocupaci\u00f3n.<\/p>\n","protected":false},"excerpt":{"rendered":"<p>La Secretar\u00eda de Transporte dispuso un operativo para gestionar la inscripci\u00f3n de manera presencial en la estaci\u00f3n de Once, tras la ca\u00edda del sistema; al menos tres horas de espera. Tras una nueva ca\u00edda del sistema online de tarjeta SUBE y los fuertes aumentos que comenzaron a regir ayer para trenes y colectivos del \u00c1rea&hellip;<\/p>\n","protected":false},"author":1,"featured_media":128586,"comment_status":"open","ping_status":"open","sticky":false,"template":"","format":"standard","meta":{"footnotes":""},"categories":[25],"tags":[3468,2450,22023,761,42036,22032,8186],"class_list":["post-128585","post","type-post","status-publish","format-standard","has-post-thumbnail","hentry","category-sociedad","tag-amba","tag-diario-el-sindical","tag-economia","tag-gobierno-nacional","tag-registrar","tag-sociedad","tag-sube"],"_links":{"self":[{"href":"https:\/\/www.elsindical.com.ar\/notas\/wp-json\/wp\/v2\/posts\/128585","targetHints":{"allow":["GET"]}}],"collection":[{"href":"https:\/\/www.elsindical.com.ar\/notas\/wp-json\/wp\/v2\/posts"}],"about":[{"href":"https:\/\/www.elsindical.com.ar\/notas\/wp-json\/wp\/v2\/types\/post"}],"author":[{"embeddable":true,"href":"https:\/\/www.elsindical.com.ar\/notas\/wp-json\/wp\/v2\/users\/1"}],"replies":[{"embeddable":true,"href":"https:\/\/www.elsindical.com.ar\/notas\/wp-json\/wp\/v2\/comments?post=128585"}],"version-history":[{"count":1,"href":"https:\/\/www.elsindical.com.ar\/notas\/wp-json\/wp\/v2\/posts\/128585\/revisions"}],"predecessor-version":[{"id":128587,"href":"https:\/\/www.elsindical.com.ar\/notas\/wp-json\/wp\/v2\/posts\/128585\/revisions\/128587"}],"wp:featuredmedia":[{"embeddable":true,"href":"https:\/\/www.elsindical.com.ar\/notas\/wp-json\/wp\/v2\/media\/128586"}],"wp:attachment":[{"href":"https:\/\/www.elsindical.com.ar\/notas\/wp-json\/wp\/v2\/media?parent=128585"}],"wp:term":[{"taxonomy":"category","embeddable":true,"href":"https:\/\/www.elsindical.com.ar\/notas\/wp-json\/wp\/v2\/categories?post=128585"},{"taxonomy":"post_tag","embeddable":true,"href":"https:\/\/www.elsindical.com.ar\/notas\/wp-json\/wp\/v2\/tags?post=128585"}],"curies":[{"name":"wp","href":"https:\/\/api.w.org\/{rel}","templated":true}]}}