{"id":128571,"date":"2024-02-07T14:00:22","date_gmt":"2024-02-07T17:00:22","guid":{"rendered":"https:\/\/www.elsindical.com.ar\/notas\/?p=128571"},"modified":"2024-02-07T14:00:26","modified_gmt":"2024-02-07T17:00:26","slug":"la-ucr-le-respondio-a-milei-y-lo-acuso-de-incitar-a-la-violencia-contra-el-que-piensa-distinto","status":"publish","type":"post","link":"https:\/\/www.elsindical.com.ar\/notas\/la-ucr-le-respondio-a-milei-y-lo-acuso-de-incitar-a-la-violencia-contra-el-que-piensa-distinto\/","title":{"rendered":"La UCR le respondi\u00f3 a Milei y lo acus\u00f3 de incitar a la violencia \u00abcontra el que piensa distinto\u00bb"},"content":{"rendered":"<div class=\"wp-block-image\">\n<figure class=\"aligncenter size-full\"><a href=\"https:\/\/www.elsindical.com.ar\/notas\/var\/www\/html\/notas\/wp-content\/uploads\/2024\/02\/comunicado-UCR-7-Feb-24.jpg\"><img loading=\"lazy\" decoding=\"async\" width=\"500\" height=\"571\" src=\"https:\/\/www.elsindical.com.ar\/notas\/var\/www\/html\/notas\/wp-content\/uploads\/2024\/02\/comunicado-UCR-7-Feb-24.jpg\" alt=\"\" class=\"wp-image-128572\" srcset=\"https:\/\/www.elsindical.com.ar\/notas\/var\/www\/html\/notas\/wp-content\/uploads\/2024\/02\/comunicado-UCR-7-Feb-24.jpg 500w, https:\/\/www.elsindical.com.ar\/notas\/var\/www\/html\/notas\/wp-content\/uploads\/2024\/02\/comunicado-UCR-7-Feb-24-263x300.jpg 263w\" sizes=\"auto, (max-width: 500px) 100vw, 500px\" \/><\/a><\/figure>\n<\/div>\n\n\n<p>La UCR le respondi\u00f3 a Javier Milei y lo acus\u00f3 de incitar a la violencia \u00abcontra el que piensa distinto\u00bb (Foto: X @UCRNacional).<\/p>\n\n\n\n<p>Desde la UCR salieron a responderle al presidente,&nbsp;<strong>Javier Milei,&nbsp;<\/strong>al que le reclamaron que termine con lo que advirtieron que es \u00abla&nbsp;<strong>incitaci\u00f3n a la violencia<\/strong>&nbsp;contra el que piensa distinto\u00bb, tras los fuertes cuestionamientos y acusaciones del mandatario a los legisladores que votaron contra la&nbsp;<strong>Ley \u00d3mnibus&nbsp;<\/strong>en particular, entre ellos legisladores del radicalismo, y que deriv\u00f3 en la vuelta del proyecto a comisi\u00f3n por falta de respaldo parlamentario.<\/p>\n\n\n\n<ul class=\"wp-block-list\">\n<li>Desde el partido plantearon en un comunicado: \u00abEl Presidente se puso al frente de un operativo cargado de&nbsp;<strong>descalificaciones y agravios<\/strong>&nbsp;a los diputados y diputadas que no acompa\u00f1aron algunos art\u00edculos de la votaci\u00f3n en particular en el tratamiento &nbsp;de la Ley \u00d3mnibus\u00bb.<\/li>\n\n\n\n<li>Advirtieron que \u00abluego, en una conferencia de prensa en el exterior, los calific\u00f3 como un<strong>&nbsp;&#8216;conjunto de delincuentes'\u00bb,&nbsp;<\/strong>por lo que&nbsp;consideraron que \u00abhay una incitaci\u00f3n generalizada a la violencia contra el que piensa distinto que debe terminar\u00bb.&nbsp;<\/li>\n\n\n\n<li>Manifestaron que \u00abtener coraje para emprender reformas no implica insultar, gritar y pensar que s\u00f3lo uno tiene raz\u00f3n, tampoco es ensa\u00f1arse con insultos contra los que expresan opiniones diferentes\u00bb, y que \u00abnada de esto es lo que ense\u00f1\u00f3<strong>&nbsp;Ra\u00fal Alfons\u00edn<\/strong>&nbsp;cuando refund\u00f3 la democracia\u00bb.<\/li>\n\n\n\n<li>Plantearon que el pa\u00eds \u00abnecesita<strong>&nbsp;templanza y equilibrio<\/strong>&nbsp;para lograr consensos que sobrevivan en el tiempo y resuelvan de manera definitiva los problemas que arrastramos\u00bb y que \u00abese es el camino para salir de la crisis\u00bb.<\/li>\n\n\n\n<li>El fuerte comunicado de la UCR fue despu\u00e9s de que el Gobierno publicara la lista de los diputados que votaron a favor y contra de la Ley \u00d3mnibus, entre estos \u00faltimos legisladores del radicalismo, y que Milei planteara desde Israel, donde realiza una gira: \u00abLa Ley de Bases les sac\u00f3 la careta a los&nbsp;<strong>delincuentes&nbsp;<\/strong>que arruinan al pa\u00eds\u00bb.<\/li>\n<\/ul>\n","protected":false},"excerpt":{"rendered":"<p>La UCR le respondi\u00f3 a Javier Milei y lo acus\u00f3 de incitar a la violencia \u00abcontra el que piensa distinto\u00bb (Foto: X @UCRNacional). Desde la UCR salieron a responderle al presidente,&nbsp;Javier Milei,&nbsp;al que le reclamaron que termine con lo que advirtieron que es \u00abla&nbsp;incitaci\u00f3n a la violencia&nbsp;contra el que piensa distinto\u00bb, tras los fuertes cuestionamientos&hellip;<\/p>\n","protected":false},"author":1,"featured_media":128572,"comment_status":"open","ping_status":"open","sticky":false,"template":"","format":"standard","meta":{"footnotes":""},"categories":[13],"tags":[2123,2450,42217,28812,1826],"class_list":["post-128571","post","type-post","status-publish","format-standard","has-post-thumbnail","hentry","category-politica","tag-comunicado","tag-diario-el-sindical","tag-incitar-a-la-violencia","tag-javier-milei","tag-ucr"],"_links":{"self":[{"href":"https:\/\/www.elsindical.com.ar\/notas\/wp-json\/wp\/v2\/posts\/128571","targetHints":{"allow":["GET"]}}],"collection":[{"href":"https:\/\/www.elsindical.com.ar\/notas\/wp-json\/wp\/v2\/posts"}],"about":[{"href":"https:\/\/www.elsindical.com.ar\/notas\/wp-json\/wp\/v2\/types\/post"}],"author":[{"embeddable":true,"href":"https:\/\/www.elsindical.com.ar\/notas\/wp-json\/wp\/v2\/users\/1"}],"replies":[{"embeddable":true,"href":"https:\/\/www.elsindical.com.ar\/notas\/wp-json\/wp\/v2\/comments?post=128571"}],"version-history":[{"count":1,"href":"https:\/\/www.elsindical.com.ar\/notas\/wp-json\/wp\/v2\/posts\/128571\/revisions"}],"predecessor-version":[{"id":128573,"href":"https:\/\/www.elsindical.com.ar\/notas\/wp-json\/wp\/v2\/posts\/128571\/revisions\/128573"}],"wp:featuredmedia":[{"embeddable":true,"href":"https:\/\/www.elsindical.com.ar\/notas\/wp-json\/wp\/v2\/media\/128572"}],"wp:attachment":[{"href":"https:\/\/www.elsindical.com.ar\/notas\/wp-json\/wp\/v2\/media?parent=128571"}],"wp:term":[{"taxonomy":"category","embeddable":true,"href":"https:\/\/www.elsindical.com.ar\/notas\/wp-json\/wp\/v2\/categories?post=128571"},{"taxonomy":"post_tag","embeddable":true,"href":"https:\/\/www.elsindical.com.ar\/notas\/wp-json\/wp\/v2\/tags?post=128571"}],"curies":[{"name":"wp","href":"https:\/\/api.w.org\/{rel}","templated":true}]}}