{"id":128569,"date":"2024-02-07T12:46:12","date_gmt":"2024-02-07T15:46:12","guid":{"rendered":"https:\/\/www.elsindical.com.ar\/notas\/?p=128569"},"modified":"2024-02-07T12:46:15","modified_gmt":"2024-02-07T15:46:15","slug":"subsidios-a-la-luz-y-el-gas-que-ingresos-debe-tener-una-familia-para-pedirlos","status":"publish","type":"post","link":"https:\/\/www.elsindical.com.ar\/notas\/subsidios-a-la-luz-y-el-gas-que-ingresos-debe-tener-una-familia-para-pedirlos\/","title":{"rendered":"Subsidios a la luz y el gas: qu\u00e9 ingresos debe tener una familia para pedirlos"},"content":{"rendered":"<div class=\"wp-block-image\">\n<figure class=\"aligncenter size-full is-resized\"><a href=\"https:\/\/www.elsindical.com.ar\/notas\/var\/www\/html\/notas\/wp-content\/uploads\/2022\/06\/tarifas-subsidios.jpg\"><img loading=\"lazy\" decoding=\"async\" width=\"767\" height=\"430\" src=\"https:\/\/www.elsindical.com.ar\/notas\/var\/www\/html\/notas\/wp-content\/uploads\/2022\/06\/tarifas-subsidios.jpg\" alt=\"\" class=\"wp-image-114370\" style=\"width:837px;height:auto\" srcset=\"https:\/\/www.elsindical.com.ar\/notas\/var\/www\/html\/notas\/wp-content\/uploads\/2022\/06\/tarifas-subsidios.jpg 767w, https:\/\/www.elsindical.com.ar\/notas\/var\/www\/html\/notas\/wp-content\/uploads\/2022\/06\/tarifas-subsidios-300x168.jpg 300w, https:\/\/www.elsindical.com.ar\/notas\/var\/www\/html\/notas\/wp-content\/uploads\/2022\/06\/tarifas-subsidios-500x280.jpg 500w\" sizes=\"auto, (max-width: 767px) 100vw, 767px\" \/><\/a><\/figure>\n<\/div>\n\n\n<p>El Registro de Acceso a los Subsidios de Energ\u00eda (RASE) contin\u00faa disponible. C\u00f3mo se hace el tr\u00e1mite.<\/p>\n\n\n\n<p>El avance imparable de la inflaci\u00f3n gener\u00f3 que el umbral de ingresos a partir del que no se pueden pedir subsidios\u00a0a los consumos de servicios p\u00fablicos trepara por\u00a0<strong>encima de los $1.700.000 mensuales<\/strong>\u00a0por familia.\u00a0<\/p>\n\n\n\n<p>Esto hace que cada vez m\u00e1s usuarios que estaban calificados como N1, de<strong>&nbsp;\u201caltos ingresos\u201d,<\/strong>&nbsp;ahora califiquen para pagar tarifas parcialmente subsidiadas. El&nbsp;Registro de Acceso a los Subsidios de Energ\u00eda (RASE) est\u00e1 disponible y permite nuevas incorporaciones.<\/p>\n\n\n\n<p>El Gobierno fij\u00f3 un nuevo incremento para la tarifa el\u00e9ctrica que rige en forma retroactiva para los consumos que tuvieron lugar desde el 1\u00b0 de febrero y que estar\u00e1 vigente hasta abril.&nbsp;<\/p>\n\n\n\n<p>La suba,&nbsp;<strong>de m\u00e1s del 100%<\/strong>, afecta solamente<strong>&nbsp;a los usuarios de mayores ingresos o a los que renunciaron a subsidios por el hecho de no pedirlos.<\/strong><\/p>\n\n\n\n<p>Mientras tanto, est\u00e1 en marcha una&nbsp;quita gradual de subsidios a la boleta de gas&nbsp;natural&nbsp;que pondr\u00e1 aumentos tambi\u00e9n para esos consumos m\u00e1s adelante. La tarifa promedio para N1 pasar\u00e1 de $8.000 a $20.000 en febrero.<\/p>\n\n\n\n<p>En ese contexto, se estima que algo menos de un tercio de los usuarios residenciales est\u00e1n catalogados como N1 o de altos ingresos, ya sea porque sus ingresos mensuales superaron el m\u00e1ximo determinado por el Gobierno anterior cuando se cre\u00f3 el subsidio o porque directamente no pidieron quedar incluidos.<\/p>\n\n\n\n<p>Pero a medida que la inflaci\u00f3n crec\u00eda, ese umbral tambi\u00e9n fue subiendo en forma acelerada. La normativa vigente categorizar como N1 a las familias que cobran hasta 3,5 veces la canasta b\u00e1sica. Cuando se puso en marcha el<strong>&nbsp;RASE<\/strong>ese nivel de altos ingresos equival\u00eda a $348.869 mensuales de ingreso familiar. Pero el violento avance de los precios desde ese entonces cambi\u00f3 mucho ese nivel.<\/p>\n\n\n\n<h3 class=\"wp-block-heading\">\u00bfC\u00f3mo inscribirse para recibir subsidios?<\/h3>\n\n\n\n<p>El Gobierno mantiene abierta la inscripci\u00f3n del registro en el que se puede pedir el mantenimiento de los&nbsp;<strong>subsidios<\/strong>a la&nbsp;<strong>luz<\/strong>&nbsp;y el&nbsp;<strong>gas natural<\/strong>, cuya inscripci\u00f3n es obligatoria en caso de que se desee continuar con el beneficio.<\/p>\n\n\n\n<p>Los interesados deber\u00e1n ingresar al siguiente sitio Web:<a href=\"https:\/\/www.argentina.gob.ar\/subsidios\" target=\"_blank\" rel=\"noreferrer noopener\">&nbsp;www.argentina.gob.ar\/subsidios<\/a>&nbsp;y hacer un tr\u00e1mite.<\/p>\n\n\n\n<p>La Secretar\u00eda de Energ\u00eda recomienda tener lo siguiente antes de iniciar con el tr\u00e1mite:<\/p>\n\n\n\n<ul class=\"wp-block-list\">\n<li>El n\u00famero de medidor y el n\u00famero de Cliente\/Servicio\/Cuenta\/Contrato o NIS que est\u00e1n en tu factura de energ\u00eda el\u00e9ctrica y gas natural por red. Se puede ingresar al siguiente enlace: https:\/\/www.argentina.gob.ar\/subsidios\/facturas<\/li>\n\n\n\n<li>El \u00faltimo ejemplar de tu DNI.<\/li>\n\n\n\n<li>El n\u00famero de CUIL de cada integrante del hogar mayor de 18 a\u00f1os.<\/li>\n\n\n\n<li>Los ingresos de bolsillo de cada integrante del hogar mayor de 18 a\u00f1os.<\/li>\n\n\n\n<li>Una direcci\u00f3n de correo electr\u00f3nico.<\/li>\n\n\n\n<li>Si en el domicilio de los servicios funciona un comedor o merendero comunitario registrado en el ReNaCOM, ten\u00e9 a mano el n\u00famero de registro.<\/li>\n<\/ul>\n\n\n\n<h3 class=\"wp-block-heading\">\u00bfC\u00f3mo es la segmentaci\u00f3n?<\/h3>\n\n\n\n<p>La segmentaci\u00f3n est\u00e1 organizada en tres niveles.<\/p>\n\n\n\n<p><strong>Segmento de ingresos altos (N1)<\/strong><\/p>\n\n\n\n<ul class=\"wp-block-list\">\n<li>Son hogares que declaran reunir alguna de las siguientes condiciones, considerando a todas y todos los convivientes:<\/li>\n\n\n\n<li>Ingresos mensuales totales del hogar equivalentes o superiores a $1.735.294,11 (3,5 canastas b\u00e1sicas para un hogar tipo 2 seg\u00fan el INDEC). Excepci\u00f3n: para aquellos hogares ubicados en el partido de Patagones (Buenos Aires), Chubut, La Pampa, Neuqu\u00e9n, R\u00edo Negro, Santa Cruz o Tierra del Fuego, A. e IAS, los ingresos mensuales totales para pertenecer al segmento de mayores ingresos deber\u00e1n ser equivalentes o superiores a $2.117.058,82.<\/li>\n\n\n\n<li>Tener 3 o m\u00e1s veh\u00edculos con una antig\u00fcedad menor a 5 a\u00f1os.<\/li>\n\n\n\n<li>Tener 3 o m\u00e1s inmuebles.<\/li>\n\n\n\n<li>Poseer una embarcaci\u00f3n, una aeronave de lujo o ser titular de activos societarios que demuestren capacidad econ\u00f3mica plena.<\/li>\n<\/ul>\n\n\n\n<p><strong>Segmento de ingresos medios (N3)<\/strong><\/p>\n\n\n\n<ul class=\"wp-block-list\">\n<li>Son aquellos hogares que no se encuentran dentro del segmento de mayores ingresos y cumplen alguna de las siguientes condiciones:<\/li>\n\n\n\n<li>Ingresos mensuales totales entre $495.798,32 y $1.735.294,11 (entre 1 y 3,5 canasta b\u00e1sicas para un hogar tipo 2 seg\u00fan INDEC). Excepci\u00f3n: para hogares con una o un conviviente con Certificado \u00danico de Discapacidad (CUD), los ingresos mensuales totales para formar parte de este segmento pueden variar entre $743.697,48 y $1.735.294,11 (entre 1,5 y 3,5 canastas b\u00e1sicas para un hogar tipo 2 seg\u00fan INDEC).<\/li>\n\n\n\n<li>Poseer hasta 2 inmuebles.<\/li>\n\n\n\n<li>Poseer hasta 1 veh\u00edculo con menos de 3 a\u00f1os de antig\u00fcedad. Excepci\u00f3n: los hogares con una o un conviviente con Certificado \u00danico de Discapacidad (CUD) pueden poseer hasta 1 veh\u00edculo con menos de 3 a\u00f1os de antig\u00fcedad para formar parte del segmento de ingresos medios.<\/li>\n<\/ul>\n\n\n\n<p><strong>Segmento de menores ingresos<\/strong><\/p>\n\n\n\n<p>Son hogares que, considerando en conjunto a las y los integrantes del hogar, cumplen las siguientes condiciones:<\/p>\n\n\n\n<ul class=\"wp-block-list\">\n<li>Ingresos netos menores a $495.798,32 (1 canasta b\u00e1sica total para un hogar tipo 2 seg\u00fan INDEC). Excepci\u00f3n: para hogares con una o un conviviente con Certificado \u00danico de Discapacidad (CUD), los ingresos mensuales totales para formar parte de este segmento deben ser menores a $743.697,48 (1,5 canastas b\u00e1sicas para un hogar tipo 2 seg\u00fan INDEC).<\/li>\n\n\n\n<li>Poseer hasta 1 inmueble.<\/li>\n\n\n\n<li>No poseer 1 veh\u00edculo con menos de 3 a\u00f1os de antig\u00fcedad. Excepci\u00f3n: los hogares con una o un conviviente con Certificado \u00danico de Discapacidad (CUD) pueden poseer hasta 1 veh\u00edculo con menos de 3 a\u00f1os de antig\u00fcedad para formar parte del segmento de menores ingresos.<\/li>\n<\/ul>\n\n\n\n<p>Ser\u00e1n incluidos dentro de este segmento los hogares que, adem\u00e1s de no cumplir las condiciones para formar parte del segmento de mayores ingresos, tengan:<\/p>\n\n\n\n<ul class=\"wp-block-list\">\n<li>Una o un integrante con Certificado de Vivienda expedido por el ReNaBaP.<\/li>\n\n\n\n<li>Una o un integrante del hogar posea Pensi\u00f3n Vitalicia a Veteranos de Guerra del Atl\u00e1ntico Sur.<\/li>\n\n\n\n<li>Una o un integrante con Certificado \u00danico de Discapacidad (CUD). Excepci\u00f3n: en el caso de que el hogar con CUD tenga ingresos mensuales totales del hogar que superen los $743.697,48 (1,5 canastas b\u00e1sicas para un hogar tipo 2 seg\u00fan INDEC) y\/o sean propietarios de 2 o m\u00e1s inmuebles, se lo ubicar\u00e1 en el segmento de ingresos medios.<\/li>\n\n\n\n<li>Domicilio en donde funcione un comedero o merendero comunitario registrado en el RENACOM. Excepci\u00f3n: en el caso de que en el hogar funcione un comedero o merendero comunitario registrado en RENACOM y que los ingresos sean mayores a $495.798,32 (1 canasta b\u00e1sica total para un hogar tipo 2 seg\u00fan INDEC) y\/o posean 2 o m\u00e1s inmuebles o 1 veh\u00edculo con menos de 3 a\u00f1os de antig\u00fcedad, se lo ubicar\u00e1 en el segmento de ingresos medios.<\/li>\n<\/ul>\n\n\n\n<h3 class=\"wp-block-heading\">\u00bfSi recibo un plan o soy jubilado me tengo que anotar?<\/h3>\n\n\n\n<p>S\u00ed, tienen que anotar todas las personas, incluyendo los<strong>&nbsp;jubilados, pensionados<\/strong>&nbsp;y\/o los beneficiarios de planes sociales tales como la<strong>&nbsp;Asignaci\u00f3n Universal por Hijo (AUH), Progresar y Potenciar Trabajo.<\/strong><\/p>\n","protected":false},"excerpt":{"rendered":"<p>El Registro de Acceso a los Subsidios de Energ\u00eda (RASE) contin\u00faa disponible. C\u00f3mo se hace el tr\u00e1mite. El avance imparable de la inflaci\u00f3n gener\u00f3 que el umbral de ingresos a partir del que no se pueden pedir subsidios\u00a0a los consumos de servicios p\u00fablicos trepara por\u00a0encima de los $1.700.000 mensuales\u00a0por familia.\u00a0 Esto hace que cada vez&hellip;<\/p>\n","protected":false},"author":1,"featured_media":114370,"comment_status":"open","ping_status":"open","sticky":false,"template":"","format":"standard","meta":{"footnotes":""},"categories":[9],"tags":[2450,3551,2032,37705,4016,373],"class_list":["post-128569","post","type-post","status-publish","format-standard","has-post-thumbnail","hentry","category-economia","tag-diario-el-sindical","tag-gas","tag-luz","tag-rase","tag-subsidios","tag-tarifas"],"_links":{"self":[{"href":"https:\/\/www.elsindical.com.ar\/notas\/wp-json\/wp\/v2\/posts\/128569","targetHints":{"allow":["GET"]}}],"collection":[{"href":"https:\/\/www.elsindical.com.ar\/notas\/wp-json\/wp\/v2\/posts"}],"about":[{"href":"https:\/\/www.elsindical.com.ar\/notas\/wp-json\/wp\/v2\/types\/post"}],"author":[{"embeddable":true,"href":"https:\/\/www.elsindical.com.ar\/notas\/wp-json\/wp\/v2\/users\/1"}],"replies":[{"embeddable":true,"href":"https:\/\/www.elsindical.com.ar\/notas\/wp-json\/wp\/v2\/comments?post=128569"}],"version-history":[{"count":1,"href":"https:\/\/www.elsindical.com.ar\/notas\/wp-json\/wp\/v2\/posts\/128569\/revisions"}],"predecessor-version":[{"id":128570,"href":"https:\/\/www.elsindical.com.ar\/notas\/wp-json\/wp\/v2\/posts\/128569\/revisions\/128570"}],"wp:featuredmedia":[{"embeddable":true,"href":"https:\/\/www.elsindical.com.ar\/notas\/wp-json\/wp\/v2\/media\/114370"}],"wp:attachment":[{"href":"https:\/\/www.elsindical.com.ar\/notas\/wp-json\/wp\/v2\/media?parent=128569"}],"wp:term":[{"taxonomy":"category","embeddable":true,"href":"https:\/\/www.elsindical.com.ar\/notas\/wp-json\/wp\/v2\/categories?post=128569"},{"taxonomy":"post_tag","embeddable":true,"href":"https:\/\/www.elsindical.com.ar\/notas\/wp-json\/wp\/v2\/tags?post=128569"}],"curies":[{"name":"wp","href":"https:\/\/api.w.org\/{rel}","templated":true}]}}