{"id":128566,"date":"2024-02-07T09:45:37","date_gmt":"2024-02-07T12:45:37","guid":{"rendered":"https:\/\/www.elsindical.com.ar\/notas\/?p=128566"},"modified":"2024-02-07T09:45:42","modified_gmt":"2024-02-07T12:45:42","slug":"avellaneda-ahorremos-en-el-barrio-sigue-en-febrero-donde-estara","status":"publish","type":"post","link":"https:\/\/www.elsindical.com.ar\/notas\/avellaneda-ahorremos-en-el-barrio-sigue-en-febrero-donde-estara\/","title":{"rendered":"Avellaneda: \u201cAhorremos en el Barrio\u201d sigue en febrero \u00bfD\u00f3nde estar\u00e1?"},"content":{"rendered":"\n<figure class=\"wp-block-image size-large\"><a href=\"https:\/\/www.elsindical.com.ar\/notas\/var\/www\/html\/notas\/wp-content\/uploads\/2024\/02\/Ahorremos-en-el-barrio.jpg\"><img loading=\"lazy\" decoding=\"async\" width=\"1024\" height=\"576\" src=\"https:\/\/www.elsindical.com.ar\/notas\/var\/www\/html\/notas\/wp-content\/uploads\/2024\/02\/Ahorremos-en-el-barrio-1024x576.jpg\" alt=\"\" class=\"wp-image-128567\" srcset=\"https:\/\/www.elsindical.com.ar\/notas\/var\/www\/html\/notas\/wp-content\/uploads\/2024\/02\/Ahorremos-en-el-barrio-1024x576.jpg 1024w, https:\/\/www.elsindical.com.ar\/notas\/var\/www\/html\/notas\/wp-content\/uploads\/2024\/02\/Ahorremos-en-el-barrio-300x169.jpg 300w, https:\/\/www.elsindical.com.ar\/notas\/var\/www\/html\/notas\/wp-content\/uploads\/2024\/02\/Ahorremos-en-el-barrio-768x432.jpg 768w, https:\/\/www.elsindical.com.ar\/notas\/var\/www\/html\/notas\/wp-content\/uploads\/2024\/02\/Ahorremos-en-el-barrio-500x281.jpg 500w, https:\/\/www.elsindical.com.ar\/notas\/var\/www\/html\/notas\/wp-content\/uploads\/2024\/02\/Ahorremos-en-el-barrio-460x260.jpg 460w, https:\/\/www.elsindical.com.ar\/notas\/var\/www\/html\/notas\/wp-content\/uploads\/2024\/02\/Ahorremos-en-el-barrio.jpg 1200w\" sizes=\"auto, (max-width: 1024px) 100vw, 1024px\" \/><\/a><\/figure>\n\n\n\n<p><strong>Ahorremos en el Barrio<\/strong>\u00a0es el programa de econom\u00eda popular lanzado por el municipio de Avellaneda que recorre los barrios de Avellaneda para acercar productos de la canasta b\u00e1sica a precios justos, e<strong>n el mes del arranque de las clases, tambi\u00e9n se puede acceder a los art\u00edculos escolares.<\/strong><\/p>\n\n\n\n<p>Los alimentos que se pueden encontrar son frutas<strong>, verduras, l\u00e1cteos, productos de limpieza, panificados, pescados y mariscos y productos de emprendimientos locales.<\/strong><\/p>\n\n\n\n<p>Por el lado de los <strong>art\u00edculos esoclares<\/strong> se pueden encontrarson: Mochilas, zapatillas, guardapolvos, cartucheras, kit escolar, entre otros elementos para el arranque de las clases.<\/p>\n\n\n\n<p>Este mes la feria recorrer\u00e1 los barrios de:<strong>&nbsp;Sarand\u00ed, Wilde Oeste y Wilde Este<\/strong>&nbsp;para ofrecer a los vecinos los productos de la canasta b\u00e1sica a precios justos.<\/p>\n\n\n\n<h2 class=\"wp-block-heading\">CRONOGRAMA DE AHORREMOS EN EL BARRIO AVELLANEDA<\/h2>\n\n\n\n<p>Esta semana recorrer\u00e1&nbsp;<strong>Sarand\u00ed&nbsp;<\/strong>en los d\u00edas<strong>&nbsp;jueves 8 y viernes 9<\/strong>&nbsp;en el horario de 10 a 13 en la<strong>&nbsp;Plaza Romano<\/strong>&nbsp;ubicada en la avenida Belgrano y la calle Supisiche.<\/p>\n\n\n\n<p>La pr\u00f3xima semana estar\u00e1 en&nbsp;<strong>Wilde Oeste<\/strong>&nbsp;los d\u00edas <strong>15 y 16 de 10 a 13 en la Plaza Fiorentino<\/strong>&nbsp;ubicada en la calle Cruz Varella al 6200.<\/p>\n\n\n\n<p>En<strong> Wilde Este estar\u00e1 los d\u00edas 22 y 23, en el mismo horario en las calles Pino y Flores.<\/strong><\/p>\n","protected":false},"excerpt":{"rendered":"<p>Ahorremos en el Barrio\u00a0es el programa de econom\u00eda popular lanzado por el municipio de Avellaneda que recorre los barrios de Avellaneda para acercar productos de la canasta b\u00e1sica a precios justos, en el mes del arranque de las clases, tambi\u00e9n se puede acceder a los art\u00edculos escolares. Los alimentos que se pueden encontrar son frutas,&hellip;<\/p>\n","protected":false},"author":1,"featured_media":128567,"comment_status":"open","ping_status":"open","sticky":false,"template":"","format":"standard","meta":{"footnotes":""},"categories":[25],"tags":[42216,461,2450,2330,882],"class_list":["post-128566","post","type-post","status-publish","format-standard","has-post-thumbnail","hentry","category-sociedad","tag-ahorremos-en-el-barrio","tag-avellaneda","tag-diario-el-sindical","tag-sarandi","tag-wilde"],"_links":{"self":[{"href":"https:\/\/www.elsindical.com.ar\/notas\/wp-json\/wp\/v2\/posts\/128566","targetHints":{"allow":["GET"]}}],"collection":[{"href":"https:\/\/www.elsindical.com.ar\/notas\/wp-json\/wp\/v2\/posts"}],"about":[{"href":"https:\/\/www.elsindical.com.ar\/notas\/wp-json\/wp\/v2\/types\/post"}],"author":[{"embeddable":true,"href":"https:\/\/www.elsindical.com.ar\/notas\/wp-json\/wp\/v2\/users\/1"}],"replies":[{"embeddable":true,"href":"https:\/\/www.elsindical.com.ar\/notas\/wp-json\/wp\/v2\/comments?post=128566"}],"version-history":[{"count":1,"href":"https:\/\/www.elsindical.com.ar\/notas\/wp-json\/wp\/v2\/posts\/128566\/revisions"}],"predecessor-version":[{"id":128568,"href":"https:\/\/www.elsindical.com.ar\/notas\/wp-json\/wp\/v2\/posts\/128566\/revisions\/128568"}],"wp:featuredmedia":[{"embeddable":true,"href":"https:\/\/www.elsindical.com.ar\/notas\/wp-json\/wp\/v2\/media\/128567"}],"wp:attachment":[{"href":"https:\/\/www.elsindical.com.ar\/notas\/wp-json\/wp\/v2\/media?parent=128566"}],"wp:term":[{"taxonomy":"category","embeddable":true,"href":"https:\/\/www.elsindical.com.ar\/notas\/wp-json\/wp\/v2\/categories?post=128566"},{"taxonomy":"post_tag","embeddable":true,"href":"https:\/\/www.elsindical.com.ar\/notas\/wp-json\/wp\/v2\/tags?post=128566"}],"curies":[{"name":"wp","href":"https:\/\/api.w.org\/{rel}","templated":true}]}}