{"id":128553,"date":"2024-02-06T15:40:27","date_gmt":"2024-02-06T18:40:27","guid":{"rendered":"https:\/\/www.elsindical.com.ar\/notas\/?p=128553"},"modified":"2024-02-06T15:40:32","modified_gmt":"2024-02-06T18:40:32","slug":"milei-con-la-nuestra-le-devuelve-en-millones-de-pesos-el-apoyo-a-una-asociacion-de-iglesias-evangelicas","status":"publish","type":"post","link":"https:\/\/www.elsindical.com.ar\/notas\/milei-con-la-nuestra-le-devuelve-en-millones-de-pesos-el-apoyo-a-una-asociacion-de-iglesias-evangelicas\/","title":{"rendered":"Milei con la nuestra le devuelve en millones de pesos, el apoyo a una Asociaci\u00f3n de iglesias evang\u00e9licas"},"content":{"rendered":"<div class=\"wp-block-image\">\n<figure class=\"aligncenter size-full is-resized\"><a href=\"https:\/\/www.elsindical.com.ar\/notas\/var\/www\/html\/notas\/wp-content\/uploads\/2024\/02\/Milei-y-evangelistas.jpg\"><img loading=\"lazy\" decoding=\"async\" width=\"738\" height=\"507\" src=\"https:\/\/www.elsindical.com.ar\/notas\/var\/www\/html\/notas\/wp-content\/uploads\/2024\/02\/Milei-y-evangelistas.jpg\" alt=\"\" class=\"wp-image-128554\" style=\"width:796px;height:auto\" srcset=\"https:\/\/www.elsindical.com.ar\/notas\/var\/www\/html\/notas\/wp-content\/uploads\/2024\/02\/Milei-y-evangelistas.jpg 738w, https:\/\/www.elsindical.com.ar\/notas\/var\/www\/html\/notas\/wp-content\/uploads\/2024\/02\/Milei-y-evangelistas-300x206.jpg 300w, https:\/\/www.elsindical.com.ar\/notas\/var\/www\/html\/notas\/wp-content\/uploads\/2024\/02\/Milei-y-evangelistas-437x300.jpg 437w\" sizes=\"auto, (max-width: 738px) 100vw, 738px\" \/><\/a><\/figure>\n<\/div>\n\n\n<p class=\"wp-block-paragraph\">   El presidente que repite <strong>NO HAY PLATA<\/strong>, no para de beneficiar con millones de pesos a sus \u00abamigos\u00bb y aliados, mientras insiste en reducir subsidios, promueve los aumentos y hace lo que \u00e9l mismo criticaba, sacarles a unos para darles a otros, la diferencia es que nunca la clase media se perjudic\u00f3 de tal manera como ahora donde pasar\u00e1 en d\u00edas a ser pobres.<\/p>\n\n\n\n<figure class=\"wp-block-image size-full\"><a href=\"https:\/\/www.elsindical.com.ar\/notas\/var\/www\/html\/notas\/wp-content\/uploads\/2024\/02\/Hugo-y-Nadia-Marquez.jpg\"><img loading=\"lazy\" decoding=\"async\" width=\"960\" height=\"640\" src=\"https:\/\/www.elsindical.com.ar\/notas\/var\/www\/html\/notas\/wp-content\/uploads\/2024\/02\/Hugo-y-Nadia-Marquez.jpg\" alt=\"\" class=\"wp-image-128556\" srcset=\"https:\/\/www.elsindical.com.ar\/notas\/var\/www\/html\/notas\/wp-content\/uploads\/2024\/02\/Hugo-y-Nadia-Marquez.jpg 960w, https:\/\/www.elsindical.com.ar\/notas\/var\/www\/html\/notas\/wp-content\/uploads\/2024\/02\/Hugo-y-Nadia-Marquez-300x200.jpg 300w, https:\/\/www.elsindical.com.ar\/notas\/var\/www\/html\/notas\/wp-content\/uploads\/2024\/02\/Hugo-y-Nadia-Marquez-768x512.jpg 768w, https:\/\/www.elsindical.com.ar\/notas\/var\/www\/html\/notas\/wp-content\/uploads\/2024\/02\/Hugo-y-Nadia-Marquez-450x300.jpg 450w\" sizes=\"auto, (max-width: 960px) 100vw, 960px\" \/><\/a><\/figure>\n\n\n\n<p class=\"wp-block-paragraph\">Luego de que la Conferencia Episcopal Argentina\u00a0advirtiera al gobierno de Milei que la comida \u00abno puede ser variable de ajuste\u00bb, la ministra <strong>Sandra Pettovello<\/strong> decidi\u00f3 tercerizar parte de la ayuda alimentaria con la <strong>Alianza Cristiana de Iglesias Evang\u00e9licas de la Argentina<\/strong> (<strong>Aciera<\/strong>), donde uno de los integrantes del Consejo Directivo Nacional es <strong>Hugo M\u00e1rquez<\/strong> ubic\u00f3 a su hija <strong>Nadia M\u00e1rquez<\/strong> en las listas de diputados del libertario.<\/p>\n\n\n<div class=\"wp-block-image\">\n<figure class=\"aligncenter size-full\"><a href=\"https:\/\/www.elsindical.com.ar\/notas\/var\/www\/html\/notas\/wp-content\/uploads\/2024\/02\/Millones-a-ACIERA.jpg\"><img loading=\"lazy\" decoding=\"async\" width=\"617\" height=\"860\" src=\"https:\/\/www.elsindical.com.ar\/notas\/var\/www\/html\/notas\/wp-content\/uploads\/2024\/02\/Millones-a-ACIERA.jpg\" alt=\"\" class=\"wp-image-128555\" srcset=\"https:\/\/www.elsindical.com.ar\/notas\/var\/www\/html\/notas\/wp-content\/uploads\/2024\/02\/Millones-a-ACIERA.jpg 617w, https:\/\/www.elsindical.com.ar\/notas\/var\/www\/html\/notas\/wp-content\/uploads\/2024\/02\/Millones-a-ACIERA-215x300.jpg 215w\" sizes=\"auto, (max-width: 617px) 100vw, 617px\" \/><\/a><\/figure>\n<\/div>\n\n\n<p class=\"wp-block-paragraph\">Este lunes con la firma de un convenio entre la ministra Pettovello y los l\u00edderes evang\u00e9licos en la Fundaci\u00f3n<strong> \u00abPromesa Eterna\u00bb<\/strong> en Jos\u00e9 C. Paz, por un primer desembolso de 177 millones para la compra de alimentos para los 723 comedores que declaran estos pastores tener distribuidos a lo largo del pa\u00eds. \u00abSe estima que se cubrir\u00e1 una demanda de poco m\u00e1s de 36 mil personas\u00bb, celebr\u00f3 el comunicado de Pettovello.<\/p>\n\n\n\n<p class=\"wp-block-paragraph\">De esta forma irresponsable, el gobierno traslada millones de pesos a una asociaci\u00f3n sin un censo previo o una m\u00ednima investigaci\u00f3n respecto de su funcionamiento y con el solo fin de afianzar una alianza pol\u00edtica.<\/p>\n\n\n\n<p class=\"wp-block-paragraph\">Incluso, son varios los diputados evangelistas que fueron electos por La Libertad Avanza, entre ellos Santiago Pauli (Tierra del Fuego), Lourdes Arrieta (Mendoza) y Nadia M\u00e1rquez (Neuqu\u00e9n).<\/p>\n\n\n\n<p class=\"wp-block-paragraph\">Uno de los fundadores de Aciera fue <strong>Arturo Hotton Risler<\/strong>, padre de la exdiputada <strong>Cynthia Hotton<\/strong>, quien, a pesar de haber puesto a disposici\u00f3n de Larreta una aceitada red de contactos evang\u00e9licos, fundamentalmente en el conurbano, en el ballotage expres\u00f3 p\u00fablicamente su apoyo a Milei y, tras la asunci\u00f3n del libertario, se sum\u00f3 al cuerpo diplom\u00e1tico de Canciller\u00eda.<\/p>\n\n\n\n<p class=\"wp-block-paragraph\">La canciller <strong>Diana Mondino<\/strong>, que tiene a su cargo la Secretar\u00eda de Culto, el viernes pasado recibi\u00f3 a los l\u00edderes evang\u00e9licos de <strong>Aciera<\/strong>, que le pidieron que acelere la reglamentaci\u00f3n de la personer\u00eda jur\u00eddica religiosa.<\/p>\n\n\n\n<p class=\"wp-block-paragraph\">Es decir, los \u00abPastores\u00bb est\u00e1n muy lejos de las cuestiones de la fe y aceleran buscando dinero del Estado y dejar de estar \u00abflojitos de papeles\u00bb para poder utilizar los beneficios de la personer\u00eda jur\u00eddica que est\u00e1n vinculados con la administraci\u00f3n y blanqueo de dinero, la realidad es esa, ya que para rezar no necesitan una protecci\u00f3n legal.<\/p>\n\n\n\n<p class=\"wp-block-paragraph\">Es evidente que nadie advierte que lo que hacen es rid\u00edculo por donde se lo mire, dicen que no van a recibir a los gerentes de la pobreza y los reemplazan por unos gerentes m\u00e1s diplom\u00e1ticos si se quiere pero m\u00e1s caros, si dec\u00eda el gobierno que las organizaciones les descontaban el 3% a los militantes, parece que nadie les aviso que los pastores reclaman a sus fieles el 10% el famoso y cuestionado diezmo, es decir, en la mano el hambriento pierde a\u00fan m\u00e1s.<\/p>\n\n\n\n<p class=\"wp-block-paragraph\">En conclusi\u00f3n, el gobierno encabezado por Javier Milei, sigue con un ajuste brutal a la clase media y despilfarrando millones con los que \u00abinviertieron\u00bb en \u00e9l y en lo \u00fanico que hoy est\u00e1 cumpliendo Milei es en devolver con intereses esos apoyos, eso s\u00ed, <strong>CON LA NUESTRA<\/strong>.<\/p>\n\n\n\n<p class=\"wp-block-paragraph\">Por Marcelo Ricardo Hawrylciw<\/p>\n\n\n\n<p class=\"wp-block-paragraph\"><\/p>\n","protected":false},"excerpt":{"rendered":"<p>El presidente que repite NO HAY PLATA, no para de beneficiar con millones de pesos a sus \u00abamigos\u00bb y aliados, mientras insiste en reducir subsidios, promueve los aumentos y hace lo que \u00e9l mismo criticaba, sacarles a unos para darles a otros, la diferencia es que nunca la clase media se perjudic\u00f3 de tal manera&hellip;<\/p>\n","protected":false},"author":1,"featured_media":128554,"comment_status":"open","ping_status":"open","sticky":false,"template":"","format":"standard","meta":{"footnotes":""},"categories":[10],"tags":[42212,42214,3230,2450,42213,42210,28812,7169,42202,42211,41810],"class_list":["post-128553","post","type-post","status-publish","format-standard","has-post-thumbnail","hentry","category-editorial","tag-aciera","tag-arturo-hotton-risler","tag-cynthia-hotton","tag-diario-el-sindical","tag-fundacion-promesa-eterna","tag-hugo-marquez","tag-javier-milei","tag-millones-de-pesos","tag-ministerio-de-capital-humano","tag-nadia-marquez","tag-sandra-pettovello"],"_links":{"self":[{"href":"https:\/\/www.elsindical.com.ar\/notas\/wp-json\/wp\/v2\/posts\/128553","targetHints":{"allow":["GET"]}}],"collection":[{"href":"https:\/\/www.elsindical.com.ar\/notas\/wp-json\/wp\/v2\/posts"}],"about":[{"href":"https:\/\/www.elsindical.com.ar\/notas\/wp-json\/wp\/v2\/types\/post"}],"author":[{"embeddable":true,"href":"https:\/\/www.elsindical.com.ar\/notas\/wp-json\/wp\/v2\/users\/1"}],"replies":[{"embeddable":true,"href":"https:\/\/www.elsindical.com.ar\/notas\/wp-json\/wp\/v2\/comments?post=128553"}],"version-history":[{"count":1,"href":"https:\/\/www.elsindical.com.ar\/notas\/wp-json\/wp\/v2\/posts\/128553\/revisions"}],"predecessor-version":[{"id":128557,"href":"https:\/\/www.elsindical.com.ar\/notas\/wp-json\/wp\/v2\/posts\/128553\/revisions\/128557"}],"wp:featuredmedia":[{"embeddable":true,"href":"https:\/\/www.elsindical.com.ar\/notas\/wp-json\/wp\/v2\/media\/128554"}],"wp:attachment":[{"href":"https:\/\/www.elsindical.com.ar\/notas\/wp-json\/wp\/v2\/media?parent=128553"}],"wp:term":[{"taxonomy":"category","embeddable":true,"href":"https:\/\/www.elsindical.com.ar\/notas\/wp-json\/wp\/v2\/categories?post=128553"},{"taxonomy":"post_tag","embeddable":true,"href":"https:\/\/www.elsindical.com.ar\/notas\/wp-json\/wp\/v2\/tags?post=128553"}],"curies":[{"name":"wp","href":"https:\/\/api.w.org\/{rel}","templated":true}]}}