{"id":128551,"date":"2024-02-06T14:53:32","date_gmt":"2024-02-06T17:53:32","guid":{"rendered":"https:\/\/www.elsindical.com.ar\/notas\/?p=128551"},"modified":"2024-02-06T14:53:37","modified_gmt":"2024-02-06T17:53:37","slug":"las-prepagas-anuncian-otro-aumento-para-marzo-superior-al-20","status":"publish","type":"post","link":"https:\/\/www.elsindical.com.ar\/notas\/las-prepagas-anuncian-otro-aumento-para-marzo-superior-al-20\/","title":{"rendered":"Las prepagas anuncian otro aumento para marzo superior al 20%"},"content":{"rendered":"\n<figure class=\"wp-block-image size-large\"><a href=\"https:\/\/www.elsindical.com.ar\/notas\/var\/www\/html\/notas\/wp-content\/uploads\/2018\/04\/prepagas-salud.jpg\"><img loading=\"lazy\" decoding=\"async\" width=\"1024\" height=\"683\" src=\"https:\/\/www.elsindical.com.ar\/notas\/var\/www\/html\/notas\/wp-content\/uploads\/2018\/04\/prepagas-salud-1024x683.jpg\" alt=\"\" class=\"wp-image-77872\" srcset=\"https:\/\/www.elsindical.com.ar\/notas\/var\/www\/html\/notas\/wp-content\/uploads\/2018\/04\/prepagas-salud-1024x683.jpg 1024w, https:\/\/www.elsindical.com.ar\/notas\/var\/www\/html\/notas\/wp-content\/uploads\/2018\/04\/prepagas-salud-300x200.jpg 300w, https:\/\/www.elsindical.com.ar\/notas\/var\/www\/html\/notas\/wp-content\/uploads\/2018\/04\/prepagas-salud-768x512.jpg 768w, https:\/\/www.elsindical.com.ar\/notas\/var\/www\/html\/notas\/wp-content\/uploads\/2018\/04\/prepagas-salud-450x300.jpg 450w, https:\/\/www.elsindical.com.ar\/notas\/var\/www\/html\/notas\/wp-content\/uploads\/2018\/04\/prepagas-salud.jpg 1170w\" sizes=\"auto, (max-width: 1024px) 100vw, 1024px\" \/><\/a><\/figure>\n\n\n\n<p>Con la nueva actualizaci\u00f3n, las cuotas alcanzar\u00edan un incremento cercano al 100% en el primer trimestre del a\u00f1o.<\/p>\n\n\n\n<p>Las empresas de medicina prepaga anunciaron un\u00a0<strong>nuevo aumento para marzo<\/strong> <strong>que estar\u00e1 por encima del 20%<\/strong>\u00a0y al sumarse a las actualizaciones de enero y febrero, rondar\u00e1n una suba del 100% en el primer trimestre del a\u00f1o.<\/p>\n\n\n\n<p>Las distintas firmas empezaron a comunicarles a sus afiliados el nuevo incremento en la cuota, que ser\u00e1 el tercero del a\u00f1o, continuando con su objetivo de ajustar sus tarifas a los costos actuales tras el atraso que ven\u00edan evidenciando.&nbsp;<\/p>\n\n\n\n<p>En 2023, las prepagas&nbsp;<strong>aumentaron 134%&nbsp;<\/strong>frente a una inflaci\u00f3n que alcanz\u00f3 el 211,4%, por lo que luego de que el DNU 70 habilite el alza discrecional del valor de las cuotas, las subas no tardaron en llegar.&nbsp;<\/p>\n\n\n\n<p>As\u00ed lo hab\u00eda manifestado Claudio Belocopitt, titular de Swiss Medical y presidente de la Uni\u00f3n Argentina de Salud, cuando en diciembre anunci\u00f3 el primer ajuste, expresando que \u201cel atraso es mucho mayor, en febrero y marzo continuar\u00e1n los aumentos\u201d y argumentando que \u201chay que poner las cosas en orden durante los pr\u00f3ximos meses para que el sistema recupere valor y est\u00e9 a la altura de lo que tiene que hacer\u201d.<\/p>\n\n\n\n<p>Mientras en los tribunales tramitan amparos contra el DNU que habilit\u00f3 los aumentos y dos fallos frenaron la suba dispuesta a los demandantes, las prepagas actualizaron una vez m\u00e1s el valor de sus cuotas y, en lo que va del a\u00f1o,&nbsp;<strong>el incremento se acerca al 100%<\/strong>.&nbsp;<\/p>\n\n\n\n<h4 class=\"wp-block-heading\">Los aumentos de cada empresa para marzo<\/h4>\n\n\n\n<ul class=\"wp-block-list\">\n<li>Medife 23%<\/li>\n\n\n\n<li>Galeno 22,9%<\/li>\n\n\n\n<li>Medicus 21,85%<\/li>\n\n\n\n<li>Omint 21%<\/li>\n<\/ul>\n\n\n\n<p>A causa del notorio encarecimiento de la medicina prepaga, un relevamiento de la consultora D\u2019Alessio Irol arroj\u00f3 que&nbsp;<strong>el 70% de los afiliados contempla la posibilidad de realizar cambios en su cobertura de salud actual.<\/strong>&nbsp;Mientras que el 18% podr\u00eda abandonar directamente la prestaci\u00f3n.&nbsp;<\/p>\n\n\n\n<p>Adem\u00e1s, el informe revela que el 26% de los usuarios considera cambiar de prestadora, en tanto que un 10% eval\u00faa la posibilidad de migrar al sistema de salud p\u00fablica.&nbsp;<\/p>\n\n\n\n<p>Ante esto, las firmas analizan implementar planes low cost para evitar una masiva baja de afiliados.<\/p>\n","protected":false},"excerpt":{"rendered":"<p>Con la nueva actualizaci\u00f3n, las cuotas alcanzar\u00edan un incremento cercano al 100% en el primer trimestre del a\u00f1o. Las empresas de medicina prepaga anunciaron un\u00a0nuevo aumento para marzo que estar\u00e1 por encima del 20%\u00a0y al sumarse a las actualizaciones de enero y febrero, rondar\u00e1n una suba del 100% en el primer trimestre del a\u00f1o. Las&hellip;<\/p>\n","protected":false},"author":1,"featured_media":77872,"comment_status":"open","ping_status":"open","sticky":false,"template":"","format":"standard","meta":{"footnotes":""},"categories":[9,23],"tags":[1754,2450,22023,4530],"class_list":["post-128551","post","type-post","status-publish","format-standard","has-post-thumbnail","hentry","category-economia","category-salud","tag-aumentos","tag-diario-el-sindical","tag-economia","tag-prepagas"],"_links":{"self":[{"href":"https:\/\/www.elsindical.com.ar\/notas\/wp-json\/wp\/v2\/posts\/128551","targetHints":{"allow":["GET"]}}],"collection":[{"href":"https:\/\/www.elsindical.com.ar\/notas\/wp-json\/wp\/v2\/posts"}],"about":[{"href":"https:\/\/www.elsindical.com.ar\/notas\/wp-json\/wp\/v2\/types\/post"}],"author":[{"embeddable":true,"href":"https:\/\/www.elsindical.com.ar\/notas\/wp-json\/wp\/v2\/users\/1"}],"replies":[{"embeddable":true,"href":"https:\/\/www.elsindical.com.ar\/notas\/wp-json\/wp\/v2\/comments?post=128551"}],"version-history":[{"count":1,"href":"https:\/\/www.elsindical.com.ar\/notas\/wp-json\/wp\/v2\/posts\/128551\/revisions"}],"predecessor-version":[{"id":128552,"href":"https:\/\/www.elsindical.com.ar\/notas\/wp-json\/wp\/v2\/posts\/128551\/revisions\/128552"}],"wp:featuredmedia":[{"embeddable":true,"href":"https:\/\/www.elsindical.com.ar\/notas\/wp-json\/wp\/v2\/media\/77872"}],"wp:attachment":[{"href":"https:\/\/www.elsindical.com.ar\/notas\/wp-json\/wp\/v2\/media?parent=128551"}],"wp:term":[{"taxonomy":"category","embeddable":true,"href":"https:\/\/www.elsindical.com.ar\/notas\/wp-json\/wp\/v2\/categories?post=128551"},{"taxonomy":"post_tag","embeddable":true,"href":"https:\/\/www.elsindical.com.ar\/notas\/wp-json\/wp\/v2\/tags?post=128551"}],"curies":[{"name":"wp","href":"https:\/\/api.w.org\/{rel}","templated":true}]}}