{"id":128519,"date":"2024-02-05T10:58:43","date_gmt":"2024-02-05T13:58:43","guid":{"rendered":"https:\/\/www.elsindical.com.ar\/notas\/?p=128519"},"modified":"2024-02-05T10:58:49","modified_gmt":"2024-02-05T13:58:49","slug":"la-ocde-empeoro-sus-previsiones-para-la-argentina-inflacion-del-250-y-recesion-del-24","status":"publish","type":"post","link":"https:\/\/www.elsindical.com.ar\/notas\/la-ocde-empeoro-sus-previsiones-para-la-argentina-inflacion-del-250-y-recesion-del-24\/","title":{"rendered":"La OCDE empeor\u00f3 sus previsiones para la Argentina: inflaci\u00f3n del 250% y recesi\u00f3n del 2,4%"},"content":{"rendered":"<div class=\"wp-block-image\">\n<figure class=\"aligncenter size-full is-resized\"><a href=\"https:\/\/www.elsindical.com.ar\/notas\/var\/www\/html\/notas\/wp-content\/uploads\/2024\/02\/OCDE.jpg\"><img loading=\"lazy\" decoding=\"async\" width=\"677\" height=\"376\" src=\"https:\/\/www.elsindical.com.ar\/notas\/var\/www\/html\/notas\/wp-content\/uploads\/2024\/02\/OCDE.jpg\" alt=\"\" class=\"wp-image-128520\" style=\"width:763px;height:auto\" srcset=\"https:\/\/www.elsindical.com.ar\/notas\/var\/www\/html\/notas\/wp-content\/uploads\/2024\/02\/OCDE.jpg 677w, https:\/\/www.elsindical.com.ar\/notas\/var\/www\/html\/notas\/wp-content\/uploads\/2024\/02\/OCDE-300x167.jpg 300w, https:\/\/www.elsindical.com.ar\/notas\/var\/www\/html\/notas\/wp-content\/uploads\/2024\/02\/OCDE-500x278.jpg 500w\" sizes=\"auto, (max-width: 677px) 100vw, 677px\" \/><\/a><\/figure>\n<\/div>\n\n\n<p class=\"wp-block-paragraph\">Esto implica un fuerte salto respecto a su pron\u00f3stico anterior de noviembre, que la ubicaba en 157,1%.<\/p>\n\n\n\n<p class=\"wp-block-paragraph\">La <strong>Organizaci\u00f3n para la Cooperaci\u00f3n y Desarrollo Econ\u00f3mico<\/strong> (OCDE)<strong> empeor\u00f3 notoriamente sus previsiones de inflaci\u00f3n y recesi\u00f3n<\/strong><a href=\"https:\/\/www.canal26.com\/economia\/fmi-corrigio-la-prevision-para-argentina-y-espera-una-recesion-del-28-en-2024--363653\" target=\"_blank\" rel=\"noreferrer noopener\"> <\/a>para la Argentina en 2024.<\/p>\n\n\n\n<p class=\"wp-block-paragraph\">El organismo internacional proyecta que<strong> la inflaci\u00f3n trepar\u00e1 al 250,6% durante este a\u00f1o<\/strong>, lo que implica un fuerte salto respecto a su pron\u00f3stico anterior de noviembre, que la ubicaba en 157,1%.<\/p>\n\n\n\n<p class=\"wp-block-paragraph\">De esta manera, la suba del pron\u00f3stico sobre el <strong>aumento de precios es del 93,5% y significa un incremento del 116,1% frente al \u00edndice de 2023<\/strong>, que alcanz\u00f3 el 134,5%.<\/p>\n\n\n\n<p class=\"wp-block-paragraph\">As\u00ed qued\u00f3 reflejado en su <strong>informe Perspectivas<\/strong>, donde reflej\u00f3 que \u201cla inflaci\u00f3n general se aceler\u00f3 a finales de 2023, lo que implica un fuerte efecto arrastre para la inflaci\u00f3n media anual en 2024\u201d.<\/p>\n\n\n\n<p class=\"wp-block-paragraph\">Al mismo tiempo, la OCDE prev\u00e9 que<strong> el pa\u00eds enfrente una recesi\u00f3n peor que la estimada en la proyecci\u00f3n de noviembre, al elevar su pron\u00f3stico del 1,3% al 2,3%.<\/strong><\/p>\n\n\n\n<p class=\"wp-block-paragraph\">En este sentido, en el informe reflej\u00f3 que la Argentina ser\u00e1 el<strong> \u00fanico pa\u00eds del G20 que sufrir\u00e1 una ca\u00edda de la actividad econ\u00f3mica,<\/strong> un panorama similar al exhibido en 2023 cuando fue la naci\u00f3n de peor rendimiento, con un retroceso del PBI de 1%. Estuvo por encima de Arabia Saud\u00ed y Alemania, que tuvieron un descenso del 0,9% y 0,1% respectivamente.<\/p>\n\n\n\n<h2 class=\"wp-block-heading\">Previsi\u00f3n para el 2025<\/h2>\n\n\n\n<p class=\"wp-block-paragraph\">La OCDE plantea que la situaci\u00f3n econ\u00f3mica en la Argentina <strong>mejorar\u00eda en 2025, cuando prev\u00e9 una recuperaci\u00f3n del PBI del 2,7%<\/strong>. La proyecci\u00f3n positiva es un 0,7% m\u00e1s de lo que el organismo hab\u00eda estimado en noviembre.<\/p>\n\n\n\n<p class=\"wp-block-paragraph\">Asimismo tambi\u00e9n pronostican un mejor escenario inflacionario para el a\u00f1o pr\u00f3ximo, con una reducci\u00f3n de la tasa al 64,7%, muy por debajo de lo previsto para el actual calendario pero 17 veces por encima de la media del conjunto de los pa\u00edses que conforman el G20.<\/p>\n","protected":false},"excerpt":{"rendered":"<p>Esto implica un fuerte salto respecto a su pron\u00f3stico anterior de noviembre, que la ubicaba en 157,1%. La Organizaci\u00f3n para la Cooperaci\u00f3n y Desarrollo Econ\u00f3mico (OCDE) empeor\u00f3 notoriamente sus previsiones de inflaci\u00f3n y recesi\u00f3n para la Argentina en 2024. El organismo internacional proyecta que la inflaci\u00f3n trepar\u00e1 al 250,6% durante este a\u00f1o, lo que implica&hellip;<\/p>\n","protected":false},"author":1,"featured_media":128520,"comment_status":"open","ping_status":"open","sticky":false,"template":"","format":"standard","meta":{"footnotes":""},"categories":[9],"tags":[127,2450,22023,1799,17582,13574],"class_list":["post-128519","post","type-post","status-publish","format-standard","has-post-thumbnail","hentry","category-economia","tag-argentina","tag-diario-el-sindical","tag-economia","tag-inflacion","tag-ocde","tag-pbi"],"_links":{"self":[{"href":"https:\/\/www.elsindical.com.ar\/notas\/wp-json\/wp\/v2\/posts\/128519","targetHints":{"allow":["GET"]}}],"collection":[{"href":"https:\/\/www.elsindical.com.ar\/notas\/wp-json\/wp\/v2\/posts"}],"about":[{"href":"https:\/\/www.elsindical.com.ar\/notas\/wp-json\/wp\/v2\/types\/post"}],"author":[{"embeddable":true,"href":"https:\/\/www.elsindical.com.ar\/notas\/wp-json\/wp\/v2\/users\/1"}],"replies":[{"embeddable":true,"href":"https:\/\/www.elsindical.com.ar\/notas\/wp-json\/wp\/v2\/comments?post=128519"}],"version-history":[{"count":1,"href":"https:\/\/www.elsindical.com.ar\/notas\/wp-json\/wp\/v2\/posts\/128519\/revisions"}],"predecessor-version":[{"id":128521,"href":"https:\/\/www.elsindical.com.ar\/notas\/wp-json\/wp\/v2\/posts\/128519\/revisions\/128521"}],"wp:featuredmedia":[{"embeddable":true,"href":"https:\/\/www.elsindical.com.ar\/notas\/wp-json\/wp\/v2\/media\/128520"}],"wp:attachment":[{"href":"https:\/\/www.elsindical.com.ar\/notas\/wp-json\/wp\/v2\/media?parent=128519"}],"wp:term":[{"taxonomy":"category","embeddable":true,"href":"https:\/\/www.elsindical.com.ar\/notas\/wp-json\/wp\/v2\/categories?post=128519"},{"taxonomy":"post_tag","embeddable":true,"href":"https:\/\/www.elsindical.com.ar\/notas\/wp-json\/wp\/v2\/tags?post=128519"}],"curies":[{"name":"wp","href":"https:\/\/api.w.org\/{rel}","templated":true}]}}