{"id":128517,"date":"2024-02-05T10:51:16","date_gmt":"2024-02-05T13:51:16","guid":{"rendered":"https:\/\/www.elsindical.com.ar\/notas\/?p=128517"},"modified":"2024-02-05T10:51:22","modified_gmt":"2024-02-05T13:51:22","slug":"kicillof-cuestiono-el-sistema-arbitrario-de-coparticipacion","status":"publish","type":"post","link":"https:\/\/www.elsindical.com.ar\/notas\/kicillof-cuestiono-el-sistema-arbitrario-de-coparticipacion\/","title":{"rendered":"Kicillof cuestion\u00f3 el sistema \u201carbitrario\u201d de coparticipaci\u00f3n"},"content":{"rendered":"\n<figure class=\"wp-block-image size-large\"><a href=\"https:\/\/www.elsindical.com.ar\/notas\/var\/www\/html\/notas\/wp-content\/uploads\/2020\/01\/Axel-Kicillof-conferencia.jpg\"><img loading=\"lazy\" decoding=\"async\" width=\"1024\" height=\"637\" src=\"https:\/\/www.elsindical.com.ar\/notas\/var\/www\/html\/notas\/wp-content\/uploads\/2020\/01\/Axel-Kicillof-conferencia-1024x637.jpg\" alt=\"\" class=\"wp-image-92595\" srcset=\"https:\/\/www.elsindical.com.ar\/notas\/var\/www\/html\/notas\/wp-content\/uploads\/2020\/01\/Axel-Kicillof-conferencia-1024x637.jpg 1024w, https:\/\/www.elsindical.com.ar\/notas\/var\/www\/html\/notas\/wp-content\/uploads\/2020\/01\/Axel-Kicillof-conferencia-300x187.jpg 300w, https:\/\/www.elsindical.com.ar\/notas\/var\/www\/html\/notas\/wp-content\/uploads\/2020\/01\/Axel-Kicillof-conferencia-768x478.jpg 768w, https:\/\/www.elsindical.com.ar\/notas\/var\/www\/html\/notas\/wp-content\/uploads\/2020\/01\/Axel-Kicillof-conferencia-482x300.jpg 482w, https:\/\/www.elsindical.com.ar\/notas\/var\/www\/html\/notas\/wp-content\/uploads\/2020\/01\/Axel-Kicillof-conferencia.jpg 1050w\" sizes=\"auto, (max-width: 1024px) 100vw, 1024px\" \/><\/a><\/figure>\n\n\n\n<p>El gobernador bonaerense comparti\u00f3 una columna de opini\u00f3n que escribi\u00f3 junto al ministro de Econom\u00eda provincial sobre la actual ley coparticipativa, a la que la calific\u00f3 como \u00abuna de las principales asignaturas pendientes de nuestro federalismo\u00bb.<\/p>\n\n\n\n<p>El gobernador bonaerense, Axel Kicillof, consider\u00f3 el domingo pasado <strong>como \u201carbitrario\u201d al sistema de coparticipaci\u00f3n de impuestos a las provincias, evalu\u00f3 que es \u201cinviable\u201d y pidi\u00f3 por un Estado nacional que cumpla con \u201clas normas vigentes\u201d para no \u201cfundir a los argentinos\u201d.<\/strong><\/p>\n\n\n\n<p>As\u00ed lo manifest\u00f3 Kicillof en una publicaci\u00f3n en su cuenta de la red social X, donde se\u00f1al\u00f3:&nbsp;<strong>\u201cLa provincia de Buenos Aires no es inviable, como muchas veces han intentado instalar en estos a\u00f1os. Lo que resulta inviable es este sistema arbitrario de coparticipaci\u00f3n de impuestos\u201d.<\/strong><\/p>\n\n\n\n<p><strong>\u201cLas provincias necesitan de un Estado Nacional que reconozca los acuerdos federales y las normas vigentes. Pero sobre todo que las cumpla. Porque ajustar a las provincias no es atacar a \u2018la casta\u2019, es fundir a los argentinos\u201d<\/strong>, continu\u00f3 el gobernador.<\/p>\n\n\n\n<p>Kicillof comparti\u00f3 una columna de opini\u00f3n que escribi\u00f3 junto al ministro de Econom\u00eda de la provincia de Buenos Aires, Pablo Lopez, publicada en Infobae sobre la actual Ley de Coparticipaci\u00f3n, en la que la calific\u00f3 como \u201cuna de las principales asignaturas pendientes de nuestro federalismo\u201d.<\/p>\n\n\n\n<p>El texto resalta que&nbsp;<strong>el art\u00edculo 75 de la Constituci\u00f3n Nacional determina que la distribuci\u00f3n de recursos entre la Naci\u00f3n y las provincias \u201cse efectuar\u00e1 en relaci\u00f3n directa a las competencias, servicios y funciones de cada una de ellas contemplando criterios objetivos de reparto; ser\u00e1 equitativa, solidaria&nbsp;<\/strong>y dar\u00e1 prioridad al logro de un grado equivalente de desarrollo, calidad de vida e igualdad de oportunidades en todo el territorio nacional.\u201d<\/p>\n\n\n\n<p>El art\u00edculo sostiene que la Ley de Coparticipaci\u00f3n vigente \u201ces anterior a la sanci\u00f3n de la Constituci\u00f3n de 1994 y no cumple con este mandato. Dicha Ley fue sancionada en 1987 con car\u00e1cter provisorio, estableci\u00e9ndose coeficientes de distribuci\u00f3n producto de una negociaci\u00f3n pol\u00edtica, a diferencia de la ley sancionada en 1974, que utilizaba criterios objetivos de reparto\u201d, evaluaron los funcionarios.<\/p>\n\n\n\n<p><strong>\u201cLa ley actual de coparticipaci\u00f3n, cuya discusi\u00f3n y reforma es una de las principales asignaturas pendientes de nuestro federalismo y nuestra democracia, perjudica ostensiblemente a la Provincia de Buenos Aires. As\u00ed, desde hace d\u00e9cadas, nuestra provincia viene siendo discriminada y castigada en el reparto de recursos\u201d,<\/strong>&nbsp;aseveraron Kicillof y Lopez.<\/p>\n\n\n\n<p>Al respecto, sostuvieron que \u201cno es de extra\u00f1ar que en la provincia falten rutas, falten escuelas, falten hospitales, falte seguridad. S<strong>e trata de funciones que, seg\u00fan nuestra Constituci\u00f3n, las provincias tienen que atender con sus recursos, tanto de recaudaci\u00f3n propia, como los que provienen de la coparticipaci\u00f3n y los restantes que tambi\u00e9n transfiere el Gobierno Nacional<\/strong>\u201c.<\/p>\n\n\n\n<p>\u201cLa provincia de Buenos Aires no es inviable, como muchas veces han intentado instalar en estos a\u00f1os. Lo que resulta inviable es este sistema arbitrario de coparticipaci\u00f3n de impuestos\u201d, subrayaron.<\/p>\n\n\n\n<p>\u201c<strong>Las provincias necesitan de un Estado Nacional que reconozca los acuerdos federales y las normas vigentes. Que las reconozca y, sobre todo, que las cumpla. Porque ajustar a las provincias no es atacar a \u201cla casta\u201d, es fundir a los argentinos<\/strong>\u201c, concluyeron.<\/p>\n","protected":false},"excerpt":{"rendered":"<p>El gobernador bonaerense comparti\u00f3 una columna de opini\u00f3n que escribi\u00f3 junto al ministro de Econom\u00eda provincial sobre la actual ley coparticipativa, a la que la calific\u00f3 como \u00abuna de las principales asignaturas pendientes de nuestro federalismo\u00bb. El gobernador bonaerense, Axel Kicillof, consider\u00f3 el domingo pasado como \u201carbitrario\u201d al sistema de coparticipaci\u00f3n de impuestos a las&hellip;<\/p>\n","protected":false},"author":1,"featured_media":92595,"comment_status":"open","ping_status":"open","sticky":false,"template":"","format":"standard","meta":{"footnotes":""},"categories":[13],"tags":[13798,33568,2450,22023,761],"class_list":["post-128517","post","type-post","status-publish","format-standard","has-post-thumbnail","hentry","category-politica","tag-axel-kicillof","tag-coparticipacion","tag-diario-el-sindical","tag-economia","tag-gobierno-nacional"],"_links":{"self":[{"href":"https:\/\/www.elsindical.com.ar\/notas\/wp-json\/wp\/v2\/posts\/128517","targetHints":{"allow":["GET"]}}],"collection":[{"href":"https:\/\/www.elsindical.com.ar\/notas\/wp-json\/wp\/v2\/posts"}],"about":[{"href":"https:\/\/www.elsindical.com.ar\/notas\/wp-json\/wp\/v2\/types\/post"}],"author":[{"embeddable":true,"href":"https:\/\/www.elsindical.com.ar\/notas\/wp-json\/wp\/v2\/users\/1"}],"replies":[{"embeddable":true,"href":"https:\/\/www.elsindical.com.ar\/notas\/wp-json\/wp\/v2\/comments?post=128517"}],"version-history":[{"count":1,"href":"https:\/\/www.elsindical.com.ar\/notas\/wp-json\/wp\/v2\/posts\/128517\/revisions"}],"predecessor-version":[{"id":128518,"href":"https:\/\/www.elsindical.com.ar\/notas\/wp-json\/wp\/v2\/posts\/128517\/revisions\/128518"}],"wp:featuredmedia":[{"embeddable":true,"href":"https:\/\/www.elsindical.com.ar\/notas\/wp-json\/wp\/v2\/media\/92595"}],"wp:attachment":[{"href":"https:\/\/www.elsindical.com.ar\/notas\/wp-json\/wp\/v2\/media?parent=128517"}],"wp:term":[{"taxonomy":"category","embeddable":true,"href":"https:\/\/www.elsindical.com.ar\/notas\/wp-json\/wp\/v2\/categories?post=128517"},{"taxonomy":"post_tag","embeddable":true,"href":"https:\/\/www.elsindical.com.ar\/notas\/wp-json\/wp\/v2\/tags?post=128517"}],"curies":[{"name":"wp","href":"https:\/\/api.w.org\/{rel}","templated":true}]}}