{"id":128514,"date":"2024-02-05T10:47:39","date_gmt":"2024-02-05T13:47:39","guid":{"rendered":"https:\/\/www.elsindical.com.ar\/notas\/?p=128514"},"modified":"2024-02-05T10:47:43","modified_gmt":"2024-02-05T13:47:43","slug":"organizaciones-sociales-se-manifestan-frente-al-ministerio-de-capital-humano","status":"publish","type":"post","link":"https:\/\/www.elsindical.com.ar\/notas\/organizaciones-sociales-se-manifestan-frente-al-ministerio-de-capital-humano\/","title":{"rendered":"Organizaciones sociales se manifestan frente al Ministerio de Capital Humano"},"content":{"rendered":"\n<figure class=\"wp-block-image size-large\"><a href=\"https:\/\/www.elsindical.com.ar\/notas\/var\/www\/html\/notas\/wp-content\/uploads\/2024\/02\/organizaciones-sociales-frente-a-Capital-Humano.jpg\"><img loading=\"lazy\" decoding=\"async\" width=\"1024\" height=\"576\" src=\"https:\/\/www.elsindical.com.ar\/notas\/var\/www\/html\/notas\/wp-content\/uploads\/2024\/02\/organizaciones-sociales-frente-a-Capital-Humano-1024x576.jpg\" alt=\"\" class=\"wp-image-128515\" srcset=\"https:\/\/www.elsindical.com.ar\/notas\/var\/www\/html\/notas\/wp-content\/uploads\/2024\/02\/organizaciones-sociales-frente-a-Capital-Humano-1024x576.jpg 1024w, https:\/\/www.elsindical.com.ar\/notas\/var\/www\/html\/notas\/wp-content\/uploads\/2024\/02\/organizaciones-sociales-frente-a-Capital-Humano-300x169.jpg 300w, https:\/\/www.elsindical.com.ar\/notas\/var\/www\/html\/notas\/wp-content\/uploads\/2024\/02\/organizaciones-sociales-frente-a-Capital-Humano-768x432.jpg 768w, https:\/\/www.elsindical.com.ar\/notas\/var\/www\/html\/notas\/wp-content\/uploads\/2024\/02\/organizaciones-sociales-frente-a-Capital-Humano-500x281.jpg 500w, https:\/\/www.elsindical.com.ar\/notas\/var\/www\/html\/notas\/wp-content\/uploads\/2024\/02\/organizaciones-sociales-frente-a-Capital-Humano-460x260.jpg 460w, https:\/\/www.elsindical.com.ar\/notas\/var\/www\/html\/notas\/wp-content\/uploads\/2024\/02\/organizaciones-sociales-frente-a-Capital-Humano.jpg 1200w\" sizes=\"auto, (max-width: 1024px) 100vw, 1024px\" \/><\/a><\/figure>\n\n\n\n<p>Distintas organizaciones vuelven a reclamar, tal como se realiz\u00f3 la semana pasada, una respuesta a la emergencia alimentaria agravada ante \u00abla crisis econ\u00f3mica\u00bb, con una concentraci\u00f3n frente a la sede de esa cartera, a partir de las 09:00.<\/p>\n\n\n\n<p>Integrantes de organizaciones sociales iniciaron en la ma\u00f1ana de este lunes&nbsp;<strong>la denominada \u201cfila de la pobreza\u201d en las inmediaciones al Ministerio de Capital Humano<\/strong>, luego de que la titular de la cartera anunciara la semana pasada que recibir\u00eda \u201c<strong>una por una a la gente que tiene hambre<\/strong>\u201d para as\u00ed evitar intermediarios en la entrega de asistencia.<\/p>\n\n\n\n<p>En la concentraci\u00f3n, que se desarrollaba en la esquina de Juncal y Carlos Pellegrini, las personas reclamaban tambi\u00e9n a las autoridades de Capital Humano<strong>&nbsp;una respuesta ante la \u201cemergencia alimentaria\u201d.<\/strong><\/p>\n\n\n\n<p><strong>La protesta se realiza en simult\u00e1neo en delegaciones de la Secretaria de Ni\u00f1ez y Familia<\/strong>&nbsp;de todo el pa\u00eds, inform\u00f3 la Uni\u00f3n de Trabajadores y Trabajadoras de la Econom\u00eda Popular (UTEP) a trav\u00e9s de un comunicado.<\/p>\n\n\n\n<p>La convocatoria busca que \u201ccada persona pueda ingresar al ministerio a los fines de obtener respuesta a la emergencia alimentaria agravada por la crisis econ\u00f3mica\u201d, indic\u00f3 la organizaci\u00f3n.<\/p>\n\n\n\n<p>La acci\u00f3n se realizaba en respuesta a las declaraciones de Pettovello, quien hab\u00eda afirmado el jueves pasado que atender\u00e1 \u201cuna por una\u201d a \u201cla gente que tiene hambre\u201d, al haber mantenido en esa oportunidad un intercambio con integrantes de las organizaciones sociales.<\/p>\n","protected":false},"excerpt":{"rendered":"<p>Distintas organizaciones vuelven a reclamar, tal como se realiz\u00f3 la semana pasada, una respuesta a la emergencia alimentaria agravada ante \u00abla crisis econ\u00f3mica\u00bb, con una concentraci\u00f3n frente a la sede de esa cartera, a partir de las 09:00. Integrantes de organizaciones sociales iniciaron en la ma\u00f1ana de este lunes&nbsp;la denominada \u201cfila de la pobreza\u201d en&hellip;<\/p>\n","protected":false},"author":1,"featured_media":128515,"comment_status":"open","ping_status":"open","sticky":false,"template":"","format":"standard","meta":{"footnotes":""},"categories":[25],"tags":[1118,2450,42202,15540,12733,41810],"class_list":["post-128514","post","type-post","status-publish","format-standard","has-post-thumbnail","hentry","category-sociedad","tag-alimentos","tag-diario-el-sindical","tag-ministerio-de-capital-humano","tag-necesidades","tag-organizaciones-sociales","tag-sandra-pettovello"],"_links":{"self":[{"href":"https:\/\/www.elsindical.com.ar\/notas\/wp-json\/wp\/v2\/posts\/128514","targetHints":{"allow":["GET"]}}],"collection":[{"href":"https:\/\/www.elsindical.com.ar\/notas\/wp-json\/wp\/v2\/posts"}],"about":[{"href":"https:\/\/www.elsindical.com.ar\/notas\/wp-json\/wp\/v2\/types\/post"}],"author":[{"embeddable":true,"href":"https:\/\/www.elsindical.com.ar\/notas\/wp-json\/wp\/v2\/users\/1"}],"replies":[{"embeddable":true,"href":"https:\/\/www.elsindical.com.ar\/notas\/wp-json\/wp\/v2\/comments?post=128514"}],"version-history":[{"count":1,"href":"https:\/\/www.elsindical.com.ar\/notas\/wp-json\/wp\/v2\/posts\/128514\/revisions"}],"predecessor-version":[{"id":128516,"href":"https:\/\/www.elsindical.com.ar\/notas\/wp-json\/wp\/v2\/posts\/128514\/revisions\/128516"}],"wp:featuredmedia":[{"embeddable":true,"href":"https:\/\/www.elsindical.com.ar\/notas\/wp-json\/wp\/v2\/media\/128515"}],"wp:attachment":[{"href":"https:\/\/www.elsindical.com.ar\/notas\/wp-json\/wp\/v2\/media?parent=128514"}],"wp:term":[{"taxonomy":"category","embeddable":true,"href":"https:\/\/www.elsindical.com.ar\/notas\/wp-json\/wp\/v2\/categories?post=128514"},{"taxonomy":"post_tag","embeddable":true,"href":"https:\/\/www.elsindical.com.ar\/notas\/wp-json\/wp\/v2\/tags?post=128514"}],"curies":[{"name":"wp","href":"https:\/\/api.w.org\/{rel}","templated":true}]}}