{"id":128428,"date":"2024-02-01T02:12:11","date_gmt":"2024-02-01T05:12:11","guid":{"rendered":"https:\/\/www.elsindical.com.ar\/notas\/?p=128428"},"modified":"2024-02-01T02:16:12","modified_gmt":"2024-02-01T05:16:12","slug":"la-primera-cancion-del-rock-argentino-contra-el-presidente-javier-milei","status":"publish","type":"post","link":"https:\/\/www.elsindical.com.ar\/notas\/la-primera-cancion-del-rock-argentino-contra-el-presidente-javier-milei\/","title":{"rendered":"La primera canci\u00f3n del rock argentino contra el presidente Javier Milei"},"content":{"rendered":"<div class=\"wp-block-image\">\n<figure class=\"aligncenter size-full\"><a href=\"https:\/\/www.elsindical.com.ar\/notas\/var\/www\/html\/notas\/wp-content\/uploads\/2024\/02\/Milei-se-cae.jpg\"><img loading=\"lazy\" decoding=\"async\" width=\"700\" height=\"705\" src=\"https:\/\/www.elsindical.com.ar\/notas\/var\/www\/html\/notas\/wp-content\/uploads\/2024\/02\/Milei-se-cae.jpg\" alt=\"\" class=\"wp-image-128429\" srcset=\"https:\/\/www.elsindical.com.ar\/notas\/var\/www\/html\/notas\/wp-content\/uploads\/2024\/02\/Milei-se-cae.jpg 700w, https:\/\/www.elsindical.com.ar\/notas\/var\/www\/html\/notas\/wp-content\/uploads\/2024\/02\/Milei-se-cae-298x300.jpg 298w, https:\/\/www.elsindical.com.ar\/notas\/var\/www\/html\/notas\/wp-content\/uploads\/2024\/02\/Milei-se-cae-150x150.jpg 150w, https:\/\/www.elsindical.com.ar\/notas\/var\/www\/html\/notas\/wp-content\/uploads\/2024\/02\/Milei-se-cae-50x50.jpg 50w\" sizes=\"auto, (max-width: 700px) 100vw, 700px\" \/><\/a><\/figure>\n<\/div>\n\n\n<p class=\"wp-block-paragraph\">Milei se cae, una canci\u00f3n de Las Manos de Filippi, que se estrenar\u00e1 el 1 de febrero a las 19:00 hs.<\/p>\n\n\n\n<p class=\"wp-block-paragraph\"><strong>Milei se cae, el tema que abri\u00f3 el show de casi dos horas de que Las manos de Filippi, <\/strong>la banda liderada por El Cabra, el s\u00e1bado 20 de enero del grupo que se caracteriza, desde hace casi tres d\u00e9cadas, por tener un perfil combativo y adherir a las fuerzas de izquierda, ser\u00e1 presentado oficialmente.<\/p>\n\n\n\n<p class=\"wp-block-paragraph\">Hay un adelanto de 16 segundos en Youtube del tema que saldr\u00e1 publicado el primer d\u00eda de febrero, puntualmente a las 7 PM. La letra dice: <strong>\u201cCon DNU, con protocolo y las tres fuerzas para poder gobernar. La locura avanza\/Si se la deja gobernar con sus alianzas\u2026\u201d.<\/strong><\/p>\n\n\n\n<p class=\"wp-block-paragraph\">Las canciones de Las manos de Filippi se caracterizan por <strong>contener mensajes en contra del capitalismo, el Fondo Monetario Internacional y el poder pol\u00edtico de turn<\/strong>o, as\u00ed como tambi\u00e9n una mirada cr\u00edtica hacia la sociedad, por lo general haciendo uso de la denuncia, la iron\u00eda, la parodia y el humor.<\/p>\n\n\n\n<p class=\"wp-block-paragraph\">En el caso de <strong>El Cabra es conocida su militancia en el Partido Obrero y su defensa de la clase trabajadora<\/strong>. Entre sus temas m\u00e1s difundidos se pueden mencionar Sr. Cobranza, que se hizo famoso por la versi\u00f3n de La Bersuit; Los m\u00e9todos piqueteros, El himno del Cucumelo o Presos de tu sociedad<\/p>\n\n\n\n<figure class=\"wp-block-embed is-type-video is-provider-youtube wp-block-embed-youtube wp-embed-aspect-16-9 wp-has-aspect-ratio\"><div class=\"wp-block-embed__wrapper\">\n<iframe loading=\"lazy\" title=\"Milei se cae adelanto\" width=\"700\" height=\"394\" src=\"https:\/\/www.youtube.com\/embed\/O49dFWAas20?feature=oembed\" frameborder=\"0\" allow=\"accelerometer; autoplay; clipboard-write; encrypted-media; gyroscope; picture-in-picture; web-share\" allowfullscreen><\/iframe>\n<\/div><\/figure>\n","protected":false},"excerpt":{"rendered":"<p>Milei se cae, una canci\u00f3n de Las Manos de Filippi, que se estrenar\u00e1 el 1 de febrero a las 19:00 hs. Milei se cae, el tema que abri\u00f3 el show de casi dos horas de que Las manos de Filippi, la banda liderada por El Cabra, el s\u00e1bado 20 de enero del grupo que se&hellip;<\/p>\n","protected":false},"author":1,"featured_media":128429,"comment_status":"open","ping_status":"open","sticky":false,"template":"","format":"standard","meta":{"footnotes":""},"categories":[15],"tags":[2450,2187,42165,28812,19908,42163,6176,42164],"class_list":["post-128428","post","type-post","status-publish","format-standard","has-post-thumbnail","hentry","category-espectaculos","tag-diario-el-sindical","tag-dnu","tag-el-cabra","tag-javier-milei","tag-las-manos-de-filipi","tag-milei-se-cae","tag-partido-obrero","tag-rock-argentino"],"_links":{"self":[{"href":"https:\/\/www.elsindical.com.ar\/notas\/wp-json\/wp\/v2\/posts\/128428","targetHints":{"allow":["GET"]}}],"collection":[{"href":"https:\/\/www.elsindical.com.ar\/notas\/wp-json\/wp\/v2\/posts"}],"about":[{"href":"https:\/\/www.elsindical.com.ar\/notas\/wp-json\/wp\/v2\/types\/post"}],"author":[{"embeddable":true,"href":"https:\/\/www.elsindical.com.ar\/notas\/wp-json\/wp\/v2\/users\/1"}],"replies":[{"embeddable":true,"href":"https:\/\/www.elsindical.com.ar\/notas\/wp-json\/wp\/v2\/comments?post=128428"}],"version-history":[{"count":2,"href":"https:\/\/www.elsindical.com.ar\/notas\/wp-json\/wp\/v2\/posts\/128428\/revisions"}],"predecessor-version":[{"id":128431,"href":"https:\/\/www.elsindical.com.ar\/notas\/wp-json\/wp\/v2\/posts\/128428\/revisions\/128431"}],"wp:featuredmedia":[{"embeddable":true,"href":"https:\/\/www.elsindical.com.ar\/notas\/wp-json\/wp\/v2\/media\/128429"}],"wp:attachment":[{"href":"https:\/\/www.elsindical.com.ar\/notas\/wp-json\/wp\/v2\/media?parent=128428"}],"wp:term":[{"taxonomy":"category","embeddable":true,"href":"https:\/\/www.elsindical.com.ar\/notas\/wp-json\/wp\/v2\/categories?post=128428"},{"taxonomy":"post_tag","embeddable":true,"href":"https:\/\/www.elsindical.com.ar\/notas\/wp-json\/wp\/v2\/tags?post=128428"}],"curies":[{"name":"wp","href":"https:\/\/api.w.org\/{rel}","templated":true}]}}