{"id":128381,"date":"2024-01-30T16:25:07","date_gmt":"2024-01-30T19:25:07","guid":{"rendered":"https:\/\/www.elsindical.com.ar\/notas\/?p=128381"},"modified":"2024-01-30T16:25:37","modified_gmt":"2024-01-30T19:25:37","slug":"la-justicia-resolvio-que-el-dnu-de-milei-es-inconstitucional-en-materia-laboral","status":"publish","type":"post","link":"https:\/\/www.elsindical.com.ar\/notas\/la-justicia-resolvio-que-el-dnu-de-milei-es-inconstitucional-en-materia-laboral\/","title":{"rendered":"La Justicia resolvi\u00f3 que el DNU de Milei es inconstitucional en materia laboral"},"content":{"rendered":"<div class=\"wp-block-image\">\n<figure class=\"aligncenter size-full\"><a href=\"https:\/\/www.elsindical.com.ar\/notas\/var\/www\/html\/notas\/wp-content\/uploads\/2024\/01\/DNU-Milei.jpg\"><img loading=\"lazy\" decoding=\"async\" width=\"679\" height=\"381\" src=\"https:\/\/www.elsindical.com.ar\/notas\/var\/www\/html\/notas\/wp-content\/uploads\/2024\/01\/DNU-Milei.jpg\" alt=\"\" class=\"wp-image-127844\" srcset=\"https:\/\/www.elsindical.com.ar\/notas\/var\/www\/html\/notas\/wp-content\/uploads\/2024\/01\/DNU-Milei.jpg 679w, https:\/\/www.elsindical.com.ar\/notas\/var\/www\/html\/notas\/wp-content\/uploads\/2024\/01\/DNU-Milei-300x168.jpg 300w, https:\/\/www.elsindical.com.ar\/notas\/var\/www\/html\/notas\/wp-content\/uploads\/2024\/01\/DNU-Milei-500x281.jpg 500w\" sizes=\"auto, (max-width: 679px) 100vw, 679px\" \/><\/a><\/figure>\n<\/div>\n\n\n<p class=\"wp-block-paragraph\">La Justicia hizo lugar al amparo presentado por la CGT contra el Decreto de Necesidad y Urgencia 70\/2023 que hab\u00eda sido promulgado por el gobierno nacional.<\/p>\n\n\n\n<p class=\"wp-block-paragraph\">La C\u00e1mara Nacional del Trabajo admiti\u00f3 este martes el amparo presentado por la CGT contra el Decreto de Necesidad y Urgencia (DNU) 70\/2023 promulgado por Gobierno nacional y\u00a0<strong>anul\u00f3 todo el cap\u00edtulo laboral de esa normativa<\/strong>, seg\u00fan informaron fuentes judiciales.<\/p>\n\n\n\n<p class=\"wp-block-paragraph\">El tribunal de apelaciones resolvi\u00f3&nbsp;<strong>\u201cmodificar la sentencia apelada, haciendo lugar a la acci\u00f3n de amparo iniciada por la Confederaci\u00f3n General del Trabajo (CGT) contra el Estado Nacional\u201d&nbsp;<\/strong>y \u201cdeclarar la invalidez constitucional del T\u00edtulo IV\u201d del DNU de Javier Milei.<\/p>\n\n\n\n<p class=\"wp-block-paragraph\">El fallo lleva la firma de los jueces que integran la sala de feria de la C\u00e1mara del Trabajo Manuel Diez Selva, H\u00e9ctor Guisado y Mario Fera, quienes<strong>&nbsp;reconocieron a la CGT la \u201clegitimaci\u00f3n activa\u201d para cuestionar todos los art\u00edculos de la reforma<\/strong>&nbsp;laboral incluida en el DNU y <strong>no solo aquellos que hac\u00edan a derechos colectivos, como hab\u00eda ocurrido en primera instancia.<\/strong><\/p>\n\n\n\n<p class=\"wp-block-paragraph\">Los jueces fueron tajantes al se\u00f1alar que aquello que el Gobierno busc\u00f3 hacer a trav\u00e9s de un Decreto de Necesidad y Urgencia, al menos en t\u00e9rminos de reforma de las leyes laborales,&nbsp;<strong>debi\u00f3 haberse realizado por la v\u00eda legislativa.<\/strong><\/p>\n\n\n\n<p class=\"wp-block-paragraph\">\u201cNo se registraba impedimento para la reuni\u00f3n de las c\u00e1maras del Congreso, e incluso el 27 de diciembre de 2023, es decir, con anterioridad a la fecha de entrada en vigencia del DNU 70\/2023, el \u00f3rgano legislativo se encontraba convocado, en funciones, y con facultades para examinar el contenido de las reformas propiciadas en dicho DNU\u201d, afirmaron los jueces en el fallo de 15 p\u00e1ginas.<\/p>\n\n\n\n<p class=\"wp-block-paragraph\">\u201cEl principio que organiza el funcionamiento del estatuto del Poder del Estado es, precisamente, la divisi\u00f3n de funciones y el control rec\u00edproco, esquema que no ha sido modificado por la reforma constitucional de 1994. As\u00ed,&nbsp;<strong>el Congreso Nacional tiene la funci\u00f3n legislativa, el Poder Ejecutivo dispone del reglamento, y el Poder Judicial dicta sentencias<\/strong>, con la eminente atribuci\u00f3n de ejercer el control de constitucionalidad de las normas jur\u00eddicas\u201d, remarcaron.<\/p>\n\n\n\n<p class=\"wp-block-paragraph\"><strong>En primera instancia, la jueza que intervino hab\u00eda declarado la nulidad de 6 art\u00edculos del cap\u00edtulo laboral&nbsp;<\/strong>pero hab\u00eda dejado vigentes los dem\u00e1s a la espera de que se alg\u00fan trabajador eventualmente afectado por su aplicaci\u00f3n pudiera presentarse ante la justicia.<\/p>\n\n\n\n<p class=\"wp-block-paragraph\">T\u00e9lam adelant\u00f3 este fin de semana que el tema hab\u00eda pasado a estudio del tribunal de apelaciones del fuero del trabajo a ra\u00edz de las presentaciones de la CGT y el Gobierno: mientras los representantes gremiales buscaban la nulidad del cap\u00edtulo completo, el Estado Nacional pretend\u00eda revertir el fallo de primera instancia y que todo quedara vigente.<\/p>\n","protected":false},"excerpt":{"rendered":"<p>La Justicia hizo lugar al amparo presentado por la CGT contra el Decreto de Necesidad y Urgencia 70\/2023 que hab\u00eda sido promulgado por el gobierno nacional. La C\u00e1mara Nacional del Trabajo admiti\u00f3 este martes el amparo presentado por la CGT contra el Decreto de Necesidad y Urgencia (DNU) 70\/2023 promulgado por Gobierno nacional y\u00a0anul\u00f3 todo&hellip;<\/p>\n","protected":false},"author":1,"featured_media":127844,"comment_status":"open","ping_status":"open","sticky":false,"template":"","format":"standard","meta":{"footnotes":""},"categories":[20],"tags":[19920,910,2450,41970,21118,42140,10248],"class_list":["post-128381","post","type-post","status-publish","format-standard","has-post-thumbnail","hentry","category-judiciales","tag-camara-nacional-del-trabajo","tag-cgt","tag-diario-el-sindical","tag-dnu-milei","tag-inconstitucional","tag-juez-manuel-diez-selva","tag-juez-mario-fera"],"_links":{"self":[{"href":"https:\/\/www.elsindical.com.ar\/notas\/wp-json\/wp\/v2\/posts\/128381","targetHints":{"allow":["GET"]}}],"collection":[{"href":"https:\/\/www.elsindical.com.ar\/notas\/wp-json\/wp\/v2\/posts"}],"about":[{"href":"https:\/\/www.elsindical.com.ar\/notas\/wp-json\/wp\/v2\/types\/post"}],"author":[{"embeddable":true,"href":"https:\/\/www.elsindical.com.ar\/notas\/wp-json\/wp\/v2\/users\/1"}],"replies":[{"embeddable":true,"href":"https:\/\/www.elsindical.com.ar\/notas\/wp-json\/wp\/v2\/comments?post=128381"}],"version-history":[{"count":1,"href":"https:\/\/www.elsindical.com.ar\/notas\/wp-json\/wp\/v2\/posts\/128381\/revisions"}],"predecessor-version":[{"id":128382,"href":"https:\/\/www.elsindical.com.ar\/notas\/wp-json\/wp\/v2\/posts\/128381\/revisions\/128382"}],"wp:featuredmedia":[{"embeddable":true,"href":"https:\/\/www.elsindical.com.ar\/notas\/wp-json\/wp\/v2\/media\/127844"}],"wp:attachment":[{"href":"https:\/\/www.elsindical.com.ar\/notas\/wp-json\/wp\/v2\/media?parent=128381"}],"wp:term":[{"taxonomy":"category","embeddable":true,"href":"https:\/\/www.elsindical.com.ar\/notas\/wp-json\/wp\/v2\/categories?post=128381"},{"taxonomy":"post_tag","embeddable":true,"href":"https:\/\/www.elsindical.com.ar\/notas\/wp-json\/wp\/v2\/tags?post=128381"}],"curies":[{"name":"wp","href":"https:\/\/api.w.org\/{rel}","templated":true}]}}