{"id":128329,"date":"2024-01-28T20:55:50","date_gmt":"2024-01-28T23:55:50","guid":{"rendered":"https:\/\/www.elsindical.com.ar\/notas\/?p=128329"},"modified":"2024-01-28T20:55:56","modified_gmt":"2024-01-28T23:55:56","slug":"milei-interviene-los-registros-del-automotor-de-todo-el-pais-y-el-conurbano","status":"publish","type":"post","link":"https:\/\/www.elsindical.com.ar\/notas\/milei-interviene-los-registros-del-automotor-de-todo-el-pais-y-el-conurbano\/","title":{"rendered":"Milei interviene los registros del automotor de todo el pa\u00eds y el Conurbano"},"content":{"rendered":"<div class=\"wp-block-image\">\n<figure class=\"aligncenter size-large\"><a href=\"https:\/\/www.elsindical.com.ar\/notas\/var\/www\/html\/notas\/wp-content\/uploads\/2024\/01\/registros-del-automotor.jpeg\"><img loading=\"lazy\" decoding=\"async\" width=\"1024\" height=\"683\" src=\"https:\/\/www.elsindical.com.ar\/notas\/var\/www\/html\/notas\/wp-content\/uploads\/2024\/01\/registros-del-automotor-1024x683.jpeg\" alt=\"\" class=\"wp-image-128330\" srcset=\"https:\/\/www.elsindical.com.ar\/notas\/var\/www\/html\/notas\/wp-content\/uploads\/2024\/01\/registros-del-automotor-1024x683.jpeg 1024w, https:\/\/www.elsindical.com.ar\/notas\/var\/www\/html\/notas\/wp-content\/uploads\/2024\/01\/registros-del-automotor-300x200.jpeg 300w, https:\/\/www.elsindical.com.ar\/notas\/var\/www\/html\/notas\/wp-content\/uploads\/2024\/01\/registros-del-automotor-768x512.jpeg 768w, https:\/\/www.elsindical.com.ar\/notas\/var\/www\/html\/notas\/wp-content\/uploads\/2024\/01\/registros-del-automotor-450x300.jpeg 450w, https:\/\/www.elsindical.com.ar\/notas\/var\/www\/html\/notas\/wp-content\/uploads\/2024\/01\/registros-del-automotor.jpeg 1280w\" sizes=\"auto, (max-width: 1024px) 100vw, 1024px\" \/><\/a><\/figure>\n<\/div>\n\n\n<p>El gobierno puso en marcha el proceso por el cual los registros deber\u00e1n pasar un filtro para saber si siguen en manos de sus titulares.<\/p>\n\n\n\n<p>El gobierno de Javier Milei confirm\u00f3 lo que adelant\u00f3 el vocero presidencial, Manuel Adorni, respecto al sistema de Registros de la Propiedad Automotor y puso en marcha un plan de intervenci\u00f3n que, por ahora, se limita a unas <strong>cien dependencias de ese tipo en el pa\u00eds que estar\u00e1 a cargo del viceministro de Justicia, Sebasti\u00e1n Amerio.<\/strong><\/p>\n\n\n\n<p>Horas despu\u00e9s, el Ejecutivo comunic\u00f3 que efectivamente Adorni hablaba de la intervenci\u00f3n formal de registros, pero limitada a un centenar de ellos. la mayor\u00eda en la Provincia de Buenos Aires, <strong>que ahora tendr\u00e1n que pasar el filtro para saber si siguen en manos de sus titulares actuales o cambian<\/strong>.<\/p>\n\n\n\n<p>El proceso se inici\u00f3 con una nota dirigida al secretario de Justicia y firmada por Carlos Medina, subsecretario de Asuntos Registrales del Ministerio de Justicia, ya que los registros dependen de la Direcci\u00f3n Nacional del Registro Automotor (DNRA), <strong>parte de la estructura que ahora maneja Mariano C\u00faneo Libarona.<\/strong><\/p>\n\n\n\n<h2 class=\"wp-block-heading\">Uno por uno los Registros que se intervendr\u00e1n en el Conurbano<\/h2>\n\n\n\n<ul class=\"wp-block-list\">\n<li>01318 BERAZATEGUI N\u00ba 5<\/li>\n\n\n\n<li>01029 ESTEBAN ECHEVERRIA N\u00ba 1<\/li>\n\n\n\n<li>01223 EZEIZA N\u00ba 1<\/li>\n\n\n\n<li>01295 EZEIZA N\u00ba 2<\/li>\n\n\n\n<li>01305 HURLINGHAM N\u00ba 3<\/li>\n\n\n\n<li>01303 ITUZAINGO N\u00ba 4<\/li>\n\n\n\n<li>01271 JOSE C. PAZ N\u00ba 2<\/li>\n\n\n\n<li>01316 JOSE C. PAZ N\u00ba 3<\/li>\n\n\n\n<li>01153 LA MATANZA N\u00ba 05<\/li>\n\n\n\n<li>01319 LA MATANZA N\u00ba 15<\/li>\n\n\n\n<li>01307 LANUS N\u00ba 10<\/li>\n\n\n\n<li>01135 LANUS N\u00ba 4<\/li>\n\n\n\n<li>01175 LANUS N\u00ba 5<\/li>\n\n\n\n<li>01233 LANUS N\u00ba 7<\/li>\n\n\n\n<li>01147 LOMAS DE ZAMORA N\u00ba 3<\/li>\n\n\n\n<li>01237 LOMAS DE ZAMORA N\u00ba 7<\/li>\n\n\n\n<li>01314 LUJAN N\u00ba 3<\/li>\n\n\n\n<li>01204 MALVINAS ARGENTINAS N\u00ba 2<\/li>\n\n\n\n<li>01062 MERLO N\u00ba 1<\/li>\n\n\n\n<li>01218 MORON N\u00ba 04<\/li>\n\n\n\n<li>01069 OLIVOS N\u00ba 01<\/li>\n\n\n\n<li>01118 QUILMES N\u00ba 2<\/li>\n\n\n\n<li>01145 QUILMES N\u00ba 4<\/li>\n\n\n\n<li>01252 QUILMES N\u00ba 5 (EX 9)<\/li>\n\n\n\n<li>01165 SAN FERNANDO N\u00ba 2<\/li>\n\n\n\n<li>01225 SAN MARTIN N\u00ba 7<\/li>\n\n\n\n<li>01300 SAN MARTIN N\u00ba 9<\/li>\n\n\n\n<li>01238 TIGRE N\u00ba 4<\/li>\n<\/ul>\n","protected":false},"excerpt":{"rendered":"<p>El gobierno puso en marcha el proceso por el cual los registros deber\u00e1n pasar un filtro para saber si siguen en manos de sus titulares. El gobierno de Javier Milei confirm\u00f3 lo que adelant\u00f3 el vocero presidencial, Manuel Adorni, respecto al sistema de Registros de la Propiedad Automotor y puso en marcha un plan de&hellip;<\/p>\n","protected":false},"author":1,"featured_media":128330,"comment_status":"open","ping_status":"open","sticky":false,"template":"","format":"standard","meta":{"footnotes":""},"categories":[13],"tags":[5274,2450,158,28812,41770,41316],"class_list":["post-128329","post","type-post","status-publish","format-standard","has-post-thumbnail","hentry","category-politica","tag-conurbano","tag-diario-el-sindical","tag-intervencion","tag-javier-milei","tag-manuel-adorni","tag-registro-automotor"],"_links":{"self":[{"href":"https:\/\/www.elsindical.com.ar\/notas\/wp-json\/wp\/v2\/posts\/128329","targetHints":{"allow":["GET"]}}],"collection":[{"href":"https:\/\/www.elsindical.com.ar\/notas\/wp-json\/wp\/v2\/posts"}],"about":[{"href":"https:\/\/www.elsindical.com.ar\/notas\/wp-json\/wp\/v2\/types\/post"}],"author":[{"embeddable":true,"href":"https:\/\/www.elsindical.com.ar\/notas\/wp-json\/wp\/v2\/users\/1"}],"replies":[{"embeddable":true,"href":"https:\/\/www.elsindical.com.ar\/notas\/wp-json\/wp\/v2\/comments?post=128329"}],"version-history":[{"count":1,"href":"https:\/\/www.elsindical.com.ar\/notas\/wp-json\/wp\/v2\/posts\/128329\/revisions"}],"predecessor-version":[{"id":128331,"href":"https:\/\/www.elsindical.com.ar\/notas\/wp-json\/wp\/v2\/posts\/128329\/revisions\/128331"}],"wp:featuredmedia":[{"embeddable":true,"href":"https:\/\/www.elsindical.com.ar\/notas\/wp-json\/wp\/v2\/media\/128330"}],"wp:attachment":[{"href":"https:\/\/www.elsindical.com.ar\/notas\/wp-json\/wp\/v2\/media?parent=128329"}],"wp:term":[{"taxonomy":"category","embeddable":true,"href":"https:\/\/www.elsindical.com.ar\/notas\/wp-json\/wp\/v2\/categories?post=128329"},{"taxonomy":"post_tag","embeddable":true,"href":"https:\/\/www.elsindical.com.ar\/notas\/wp-json\/wp\/v2\/tags?post=128329"}],"curies":[{"name":"wp","href":"https:\/\/api.w.org\/{rel}","templated":true}]}}