{"id":128325,"date":"2024-01-28T20:20:24","date_gmt":"2024-01-28T23:20:24","guid":{"rendered":"https:\/\/www.elsindical.com.ar\/notas\/?p=128325"},"modified":"2024-01-28T20:26:09","modified_gmt":"2024-01-28T23:26:09","slug":"lanus-la-inseguridad-en-el-municipio-se-hablo-durante-el-programa","status":"publish","type":"post","link":"https:\/\/www.elsindical.com.ar\/notas\/lanus-la-inseguridad-en-el-municipio-se-hablo-durante-el-programa\/","title":{"rendered":"Lan\u00fas: La inseguridad en el municipio se habl\u00f3 durante el programa"},"content":{"rendered":"<div class=\"wp-block-image\">\n<figure class=\"aligncenter size-full\"><a href=\"https:\/\/www.elsindical.com.ar\/notas\/var\/www\/html\/notas\/wp-content\/uploads\/2024\/01\/Mirtha-sobre-inseguridad-PBA.jpg\"><img loading=\"lazy\" decoding=\"async\" width=\"700\" height=\"397\" src=\"https:\/\/www.elsindical.com.ar\/notas\/var\/www\/html\/notas\/wp-content\/uploads\/2024\/01\/Mirtha-sobre-inseguridad-PBA.jpg\" alt=\"\" class=\"wp-image-128326\" srcset=\"https:\/\/www.elsindical.com.ar\/notas\/var\/www\/html\/notas\/wp-content\/uploads\/2024\/01\/Mirtha-sobre-inseguridad-PBA.jpg 700w, https:\/\/www.elsindical.com.ar\/notas\/var\/www\/html\/notas\/wp-content\/uploads\/2024\/01\/Mirtha-sobre-inseguridad-PBA-300x170.jpg 300w, https:\/\/www.elsindical.com.ar\/notas\/var\/www\/html\/notas\/wp-content\/uploads\/2024\/01\/Mirtha-sobre-inseguridad-PBA-500x284.jpg 500w, https:\/\/www.elsindical.com.ar\/notas\/var\/www\/html\/notas\/wp-content\/uploads\/2024\/01\/Mirtha-sobre-inseguridad-PBA-220x126.jpg 220w, https:\/\/www.elsindical.com.ar\/notas\/var\/www\/html\/notas\/wp-content\/uploads\/2024\/01\/Mirtha-sobre-inseguridad-PBA-460x260.jpg 460w\" sizes=\"auto, (max-width: 700px) 100vw, 700px\" \/><\/a><\/figure>\n<\/div>\n\n\n<p>La diva de los almuerzos cont\u00f3 que cuatro ladrones entraron a la casa de su empleado Lan\u00fas por el techo y lo ataron de pies y manos.<\/p>\n\n\n\n<p>Mirtha Legrand denunci\u00f3 en su programa de televisi\u00f3n que <strong>su chofer sufri\u00f3 un violento asalto en su casa de Lan\u00fas. <\/strong>La diva cont\u00f3 que cuatro ladrones entraron a la vivienda por el techo y lo ataron de pies y manos.<\/p>\n\n\n\n<p>\u201cA mi chofer le robaron anteayer. <strong>Vive en Lan\u00fas y le entraron cuatro ladrones por el techo<\/strong>\u201c, dijo Legrand en La Noche de Mirtha que se emite por canal 13. \u201cVos sos el chofer de Mirtha, deb\u00e9s tener d\u00f3lares\u2026 pobre no ten\u00eda\u201d, agreg\u00f3 con una risa nerviosa.<\/p>\n\n\n\n<p>La conductora explic\u00f3 que los ladrones se llevaron el auto del amigo remisero de su chofer, pero no pudieron llevarse el suyo porque estaba en malas condiciones.<strong> \u201cPero igual, lo ataron de pies y manos\u2026 no lo golpearon. La polic\u00eda no hizo nada<\/strong>\u201c, cerr\u00f3 la madre de Marcela Tinayre.<\/p>\n\n\n\n<p>La denuncia de <strong>Mirtha Legrand se suma a la preocupaci\u00f3n por la inseguridad <\/strong>que se vive en Argentina. En los \u00faltimos meses, se han registrado varios casos de asaltos violentos, incluso en barrios residenciales de la capital.<\/p>\n\n\n\n<p>La diva aprovech\u00f3 su programa para pedir a las autoridades deLan\u00fas que tomen medidas para combatir la delincuencia. <strong>\u201cEsto es terrible. No se puede vivir as\u00ed\u201d, dijo Legrand<\/strong><\/p>\n\n\n\n<figure class=\"wp-block-embed is-type-video is-provider-youtube wp-block-embed-youtube wp-embed-aspect-16-9 wp-has-aspect-ratio\"><div class=\"wp-block-embed__wrapper\">\n<iframe loading=\"lazy\" title=\"La inseguridad en PBA un tema que lleg\u00f3 a la mesa de Mirtha Legrand\" width=\"700\" height=\"394\" src=\"https:\/\/www.youtube.com\/embed\/qer0pi_mnp4?feature=oembed\" frameborder=\"0\" allow=\"accelerometer; autoplay; clipboard-write; encrypted-media; gyroscope; picture-in-picture; web-share\" allowfullscreen><\/iframe>\n<\/div><\/figure>\n","protected":false},"excerpt":{"rendered":"<p>La diva de los almuerzos cont\u00f3 que cuatro ladrones entraron a la casa de su empleado Lan\u00fas por el techo y lo ataron de pies y manos. Mirtha Legrand denunci\u00f3 en su programa de televisi\u00f3n que su chofer sufri\u00f3 un violento asalto en su casa de Lan\u00fas. La diva cont\u00f3 que cuatro ladrones entraron a&hellip;<\/p>\n","protected":false},"author":1,"featured_media":128326,"comment_status":"open","ping_status":"open","sticky":false,"template":"","format":"standard","meta":{"footnotes":""},"categories":[25],"tags":[4209,13798,2450,984,209,5292,1174],"class_list":["post-128325","post","type-post","status-publish","format-standard","has-post-thumbnail","hentry","category-sociedad","tag-asesinatos","tag-axel-kicillof","tag-diario-el-sindical","tag-inseguridad","tag-lanus","tag-mirtha-legrand","tag-robos"],"_links":{"self":[{"href":"https:\/\/www.elsindical.com.ar\/notas\/wp-json\/wp\/v2\/posts\/128325","targetHints":{"allow":["GET"]}}],"collection":[{"href":"https:\/\/www.elsindical.com.ar\/notas\/wp-json\/wp\/v2\/posts"}],"about":[{"href":"https:\/\/www.elsindical.com.ar\/notas\/wp-json\/wp\/v2\/types\/post"}],"author":[{"embeddable":true,"href":"https:\/\/www.elsindical.com.ar\/notas\/wp-json\/wp\/v2\/users\/1"}],"replies":[{"embeddable":true,"href":"https:\/\/www.elsindical.com.ar\/notas\/wp-json\/wp\/v2\/comments?post=128325"}],"version-history":[{"count":2,"href":"https:\/\/www.elsindical.com.ar\/notas\/wp-json\/wp\/v2\/posts\/128325\/revisions"}],"predecessor-version":[{"id":128328,"href":"https:\/\/www.elsindical.com.ar\/notas\/wp-json\/wp\/v2\/posts\/128325\/revisions\/128328"}],"wp:featuredmedia":[{"embeddable":true,"href":"https:\/\/www.elsindical.com.ar\/notas\/wp-json\/wp\/v2\/media\/128326"}],"wp:attachment":[{"href":"https:\/\/www.elsindical.com.ar\/notas\/wp-json\/wp\/v2\/media?parent=128325"}],"wp:term":[{"taxonomy":"category","embeddable":true,"href":"https:\/\/www.elsindical.com.ar\/notas\/wp-json\/wp\/v2\/categories?post=128325"},{"taxonomy":"post_tag","embeddable":true,"href":"https:\/\/www.elsindical.com.ar\/notas\/wp-json\/wp\/v2\/tags?post=128325"}],"curies":[{"name":"wp","href":"https:\/\/api.w.org\/{rel}","templated":true}]}}