{"id":128322,"date":"2024-01-28T15:15:34","date_gmt":"2024-01-28T18:15:34","guid":{"rendered":"https:\/\/www.elsindical.com.ar\/notas\/?p=128322"},"modified":"2024-01-28T15:15:39","modified_gmt":"2024-01-28T18:15:39","slug":"llega-una-semana-de-agobiante-calor","status":"publish","type":"post","link":"https:\/\/www.elsindical.com.ar\/notas\/llega-una-semana-de-agobiante-calor\/","title":{"rendered":"Llega una semana de agobiante calor"},"content":{"rendered":"<div class=\"wp-block-image\">\n<figure class=\"aligncenter size-full\"><a href=\"https:\/\/www.elsindical.com.ar\/notas\/var\/www\/html\/notas\/wp-content\/uploads\/2024\/01\/puto-calor.jpeg\"><img loading=\"lazy\" decoding=\"async\" width=\"720\" height=\"480\" src=\"https:\/\/www.elsindical.com.ar\/notas\/var\/www\/html\/notas\/wp-content\/uploads\/2024\/01\/puto-calor.jpeg\" alt=\"\" class=\"wp-image-128323\" srcset=\"https:\/\/www.elsindical.com.ar\/notas\/var\/www\/html\/notas\/wp-content\/uploads\/2024\/01\/puto-calor.jpeg 720w, https:\/\/www.elsindical.com.ar\/notas\/var\/www\/html\/notas\/wp-content\/uploads\/2024\/01\/puto-calor-300x200.jpeg 300w, https:\/\/www.elsindical.com.ar\/notas\/var\/www\/html\/notas\/wp-content\/uploads\/2024\/01\/puto-calor-450x300.jpeg 450w\" sizes=\"auto, (max-width: 720px) 100vw, 720px\" \/><\/a><\/figure>\n<\/div>\n\n\n<p>Anunciaron jornadas con altas temperaturas y con algunas advertencias de salud.<\/p>\n\n\n\n<p>Una semana con una importante ola de calor y en principio sin lluvias se espera en el conurbano, inform\u00f3 el Servicio Meteorol\u00f3gico Nacional (SMN) que adelant\u00f3 que <strong>las temperaturas m\u00e1ximas superar\u00e1n holgadamente los 30 grados e incluso rozar\u00e1n los 40<\/strong>, por lo que se recomienda una buena hidrataci\u00f3n, sobre todo adultos mayores y ni\u00f1os, y no exponerse al sol entre las 11 y las 17:00.<\/p>\n\n\n\n<p>Las marcas t\u00e9rmicas ser\u00e1n tan altas que <strong>el d\u00eda m\u00e1s fresco de toda la semana ser\u00e1 este domingo con 22 grados de m\u00ednima y 30 de m\u00e1xima<\/strong>, mientras que entre el jueves y viernes los term\u00f3metros estar\u00e1n a pleno e ir\u00e1n, en principio, de los 25 a los 36 grados.<\/p>\n\n\n\n<p>Por lo tanto, ser\u00e1n jornadas <strong>para extender hasta tarde la recreaci\u00f3n en lugares frescos <\/strong>y en piletas.<\/p>\n\n\n\n<p>Para este domingo se espera cielo parcialmente nublado y vientos del noreste rotando al este, con una temperatura m\u00ednima de 22 grados y una m\u00e1xima de 30.<\/p>\n\n\n\n<p>El <strong>lunes <\/strong>se prev\u00e9 cielo algo a parcialmente nublado, vientos del norte cambiando al este y las marcas t\u00e9rmicas ir\u00e1n de los <strong>23 a los 33 grados<\/strong>.<\/p>\n\n\n\n<p>El <strong>martes <\/strong>se anuncia cielo algo a parcialmente nublado, vientos del norte rotando al noreste y los term\u00f3metros se ubicar\u00e1n entre los <strong>23 y los 34 grados.<\/strong><\/p>\n\n\n\n<p>Ya el <strong>mi\u00e9rcoles <\/strong>se espera cielo parcialmente nublado y vientos del noroeste cambiando al oeste, con una temperatura m\u00ednima de<strong> 24 grados y una m\u00e1xima de 35.<\/strong><\/p>\n\n\n\n<p>El <strong>jueves <\/strong>se prev\u00e9 cielo parcial a mayormente nublado, vientos del oeste rotando al este y las marcas t\u00e9rmicas ir\u00e1n de los <strong>25 a los 36 grados<\/strong>.<\/p>\n\n\n\n<p>El <strong>viernes <\/strong>tendr\u00e1 similares condiciones clim\u00e1ticas: cielo mayormente nublado, vientos del este y los term\u00f3metros se ubicar\u00e1n entre los <strong>25 y 36 grados.<\/strong><\/p>\n\n\n\n<p>Ya el <strong>s\u00e1bado <\/strong>se espera cielo mayor a parcialmente nublado y vientos del noreste, con una temperatura m\u00ednima de <strong>26 grados y una m\u00e1xima de 34.<\/strong><\/p>\n","protected":false},"excerpt":{"rendered":"<p>Anunciaron jornadas con altas temperaturas y con algunas advertencias de salud. Una semana con una importante ola de calor y en principio sin lluvias se espera en el conurbano, inform\u00f3 el Servicio Meteorol\u00f3gico Nacional (SMN) que adelant\u00f3 que las temperaturas m\u00e1ximas superar\u00e1n holgadamente los 30 grados e incluso rozar\u00e1n los 40, por lo que se&hellip;<\/p>\n","protected":false},"author":1,"featured_media":128323,"comment_status":"open","ping_status":"open","sticky":false,"template":"","format":"standard","meta":{"footnotes":""},"categories":[25],"tags":[2126,2450,14712,22031,17798,17799],"class_list":["post-128322","post","type-post","status-publish","format-standard","has-post-thumbnail","hentry","category-sociedad","tag-alerta","tag-diario-el-sindical","tag-ola-de-calor","tag-salud","tag-smn","tag-temperaturas"],"_links":{"self":[{"href":"https:\/\/www.elsindical.com.ar\/notas\/wp-json\/wp\/v2\/posts\/128322","targetHints":{"allow":["GET"]}}],"collection":[{"href":"https:\/\/www.elsindical.com.ar\/notas\/wp-json\/wp\/v2\/posts"}],"about":[{"href":"https:\/\/www.elsindical.com.ar\/notas\/wp-json\/wp\/v2\/types\/post"}],"author":[{"embeddable":true,"href":"https:\/\/www.elsindical.com.ar\/notas\/wp-json\/wp\/v2\/users\/1"}],"replies":[{"embeddable":true,"href":"https:\/\/www.elsindical.com.ar\/notas\/wp-json\/wp\/v2\/comments?post=128322"}],"version-history":[{"count":1,"href":"https:\/\/www.elsindical.com.ar\/notas\/wp-json\/wp\/v2\/posts\/128322\/revisions"}],"predecessor-version":[{"id":128324,"href":"https:\/\/www.elsindical.com.ar\/notas\/wp-json\/wp\/v2\/posts\/128322\/revisions\/128324"}],"wp:featuredmedia":[{"embeddable":true,"href":"https:\/\/www.elsindical.com.ar\/notas\/wp-json\/wp\/v2\/media\/128323"}],"wp:attachment":[{"href":"https:\/\/www.elsindical.com.ar\/notas\/wp-json\/wp\/v2\/media?parent=128322"}],"wp:term":[{"taxonomy":"category","embeddable":true,"href":"https:\/\/www.elsindical.com.ar\/notas\/wp-json\/wp\/v2\/categories?post=128322"},{"taxonomy":"post_tag","embeddable":true,"href":"https:\/\/www.elsindical.com.ar\/notas\/wp-json\/wp\/v2\/tags?post=128322"}],"curies":[{"name":"wp","href":"https:\/\/api.w.org\/{rel}","templated":true}]}}