{"id":128248,"date":"2024-01-26T00:16:06","date_gmt":"2024-01-26T03:16:06","guid":{"rendered":"https:\/\/www.elsindical.com.ar\/notas\/?p=128248"},"modified":"2024-01-26T00:16:11","modified_gmt":"2024-01-26T03:16:11","slug":"el-gobierno-pone-un-exjerarca-de-osde-a-controlar-a-las-obras-sociales-y-prepagas","status":"publish","type":"post","link":"https:\/\/www.elsindical.com.ar\/notas\/el-gobierno-pone-un-exjerarca-de-osde-a-controlar-a-las-obras-sociales-y-prepagas\/","title":{"rendered":"El Gobierno pone un exjerarca de OSDE a controlar a las obras sociales y prepagas"},"content":{"rendered":"<div class=\"wp-block-image\">\n<figure class=\"aligncenter size-full\"><a href=\"https:\/\/www.elsindical.com.ar\/notas\/var\/www\/html\/notas\/wp-content\/uploads\/2024\/01\/Gabriel-Oriolo.jpg\"><img loading=\"lazy\" decoding=\"async\" width=\"600\" height=\"351\" src=\"https:\/\/www.elsindical.com.ar\/notas\/var\/www\/html\/notas\/wp-content\/uploads\/2024\/01\/Gabriel-Oriolo.jpg\" alt=\"\" class=\"wp-image-128249\" srcset=\"https:\/\/www.elsindical.com.ar\/notas\/var\/www\/html\/notas\/wp-content\/uploads\/2024\/01\/Gabriel-Oriolo.jpg 600w, https:\/\/www.elsindical.com.ar\/notas\/var\/www\/html\/notas\/wp-content\/uploads\/2024\/01\/Gabriel-Oriolo-300x176.jpg 300w, https:\/\/www.elsindical.com.ar\/notas\/var\/www\/html\/notas\/wp-content\/uploads\/2024\/01\/Gabriel-Oriolo-500x293.jpg 500w\" sizes=\"auto, (max-width: 600px) 100vw, 600px\" \/><\/a><\/figure>\n<\/div>\n\n\n<p class=\"wp-block-paragraph\">La administraci\u00f3n Milei removi\u00f3 a la c\u00fapula que design\u00f3 hace apenas un mes al frente de la Superintendencia de Servicios de Salud.<\/p>\n\n\n\n<p class=\"wp-block-paragraph\">El Gobierno del presidente Javier Milei <strong>removi\u00f3 a las autoridades de la Superintendencia de Servicios de Salud<\/strong>, Enrique Rodr\u00edguez Chiantore y Nicol\u00e1s Striglio, quienes duraron apenas poco m\u00e1s de un mes en sus cargos.<\/p>\n\n\n\n<p class=\"wp-block-paragraph\">En su lugar, el Ejecutivo design\u00f3 a <strong>Gabriel Oriolo y Claudio Stivelman<\/strong>. El primero de ellos cuenta con extensa carrera en el sector previsional y de seguros, as\u00ed como se desempe\u00f1\u00f3 hasta noviembre de 2023 como gerente <strong>de Procesos y Operaciones de OSDE<\/strong>; mientras que el segundo es un m\u00e9dico que ocup\u00f3 tareas de seguridad social y manejo de obras sociales, entre las que se incluyen el <strong>Instituto de Obra Social de las Fuerzas Armadas.<\/strong><\/p>\n\n\n\n<p class=\"wp-block-paragraph\">El cambio se dio pocas horas despu\u00e9s del paro general de la CGT y, seg\u00fan trascendi\u00f3, f<strong>ue una decisi\u00f3n tomada directamente por el presidente Javier Milei y el jefe de Gabinete, Nicol\u00e1s Posse<\/strong>, sin siquiera el conocimiento de los ministros de Salud, Mario Russo; y de Capital Humano, Sandra Pettovello; ni del secretario de Trabajo, Omar Yas\u00edn.<\/p>\n\n\n\n<p class=\"wp-block-paragraph\">En los considerandos no se especifica el motivo del desplazamiento de las autoridades, y se se\u00f1ala \u00fanicamente que <strong>\u201cresulta necesario disponer el cese\u201d <\/strong>de Chiantore y de Striglio.<\/p>\n\n\n\n<p class=\"wp-block-paragraph\">Consultado por estos movimientos, el vocero Manuel Adorni sostuvo que \u201cel Presidente busca <strong>que trabajen los mejores en cada \u00e1rea; cuando considera que una persona tiene que ser removida<\/strong> por alguna persona m\u00e1s capacitada eso va a ocurrir\u201d.<\/p>\n\n\n\n<p class=\"wp-block-paragraph\">\u201cOcurri\u00f3 en este caso y va a seguir ocurriendo en un mont\u00f3n de casos m\u00e1s. No hay que sorprenderse por eso. <strong>Buscamos a los mejores en cada una de las posiciones<\/strong>\u201d, intento explicar el portavoz.<\/p>\n\n\n\n<p class=\"wp-block-paragraph\">Adem\u00e1s, aclar\u00f3 que \u201cno hay ning\u00fan tipo de venganza en reacci\u00f3n al paro, lejos estar de ser as\u00ed, ni en este caso ni en ning\u00fan otro. No se sorprendan si eso sigue ocurriendo en el Gabinete nacional\u201d.<\/p>\n","protected":false},"excerpt":{"rendered":"<p>La administraci\u00f3n Milei removi\u00f3 a la c\u00fapula que design\u00f3 hace apenas un mes al frente de la Superintendencia de Servicios de Salud. El Gobierno del presidente Javier Milei removi\u00f3 a las autoridades de la Superintendencia de Servicios de Salud, Enrique Rodr\u00edguez Chiantore y Nicol\u00e1s Striglio, quienes duraron apenas poco m\u00e1s de un mes en sus&hellip;<\/p>\n","protected":false},"author":1,"featured_media":128249,"comment_status":"open","ping_status":"open","sticky":false,"template":"","format":"standard","meta":{"footnotes":""},"categories":[13],"tags":[42094,2450,42093,28812,947,3070,4530,5749],"class_list":["post-128248","post","type-post","status-publish","format-standard","has-post-thumbnail","hentry","category-politica","tag-claudio-stivelman","tag-diario-el-sindical","tag-gabriel-oriolo","tag-javier-milei","tag-obras-sociales","tag-osde","tag-prepagas","tag-superintendencia-de-servicios-de-salud"],"_links":{"self":[{"href":"https:\/\/www.elsindical.com.ar\/notas\/wp-json\/wp\/v2\/posts\/128248","targetHints":{"allow":["GET"]}}],"collection":[{"href":"https:\/\/www.elsindical.com.ar\/notas\/wp-json\/wp\/v2\/posts"}],"about":[{"href":"https:\/\/www.elsindical.com.ar\/notas\/wp-json\/wp\/v2\/types\/post"}],"author":[{"embeddable":true,"href":"https:\/\/www.elsindical.com.ar\/notas\/wp-json\/wp\/v2\/users\/1"}],"replies":[{"embeddable":true,"href":"https:\/\/www.elsindical.com.ar\/notas\/wp-json\/wp\/v2\/comments?post=128248"}],"version-history":[{"count":1,"href":"https:\/\/www.elsindical.com.ar\/notas\/wp-json\/wp\/v2\/posts\/128248\/revisions"}],"predecessor-version":[{"id":128250,"href":"https:\/\/www.elsindical.com.ar\/notas\/wp-json\/wp\/v2\/posts\/128248\/revisions\/128250"}],"wp:featuredmedia":[{"embeddable":true,"href":"https:\/\/www.elsindical.com.ar\/notas\/wp-json\/wp\/v2\/media\/128249"}],"wp:attachment":[{"href":"https:\/\/www.elsindical.com.ar\/notas\/wp-json\/wp\/v2\/media?parent=128248"}],"wp:term":[{"taxonomy":"category","embeddable":true,"href":"https:\/\/www.elsindical.com.ar\/notas\/wp-json\/wp\/v2\/categories?post=128248"},{"taxonomy":"post_tag","embeddable":true,"href":"https:\/\/www.elsindical.com.ar\/notas\/wp-json\/wp\/v2\/tags?post=128248"}],"curies":[{"name":"wp","href":"https:\/\/api.w.org\/{rel}","templated":true}]}}