{"id":128245,"date":"2024-01-26T00:10:32","date_gmt":"2024-01-26T03:10:32","guid":{"rendered":"https:\/\/www.elsindical.com.ar\/notas\/?p=128245"},"modified":"2024-01-26T00:10:37","modified_gmt":"2024-01-26T03:10:37","slug":"javier-milei-echo-al-ministro-de-infraestructura-guillermo-ferraro","status":"publish","type":"post","link":"https:\/\/www.elsindical.com.ar\/notas\/javier-milei-echo-al-ministro-de-infraestructura-guillermo-ferraro\/","title":{"rendered":"Javier Milei ech\u00f3 al ministro de Infraestructura, Guillermo Ferraro"},"content":{"rendered":"<div class=\"wp-block-image\">\n<figure class=\"aligncenter size-full\"><a href=\"https:\/\/www.elsindical.com.ar\/notas\/var\/www\/html\/notas\/wp-content\/uploads\/2024\/01\/Guillermo-Ferraro.jpg\"><img loading=\"lazy\" decoding=\"async\" width=\"600\" height=\"417\" src=\"https:\/\/www.elsindical.com.ar\/notas\/var\/www\/html\/notas\/wp-content\/uploads\/2024\/01\/Guillermo-Ferraro.jpg\" alt=\"\" class=\"wp-image-128246\" srcset=\"https:\/\/www.elsindical.com.ar\/notas\/var\/www\/html\/notas\/wp-content\/uploads\/2024\/01\/Guillermo-Ferraro.jpg 600w, https:\/\/www.elsindical.com.ar\/notas\/var\/www\/html\/notas\/wp-content\/uploads\/2024\/01\/Guillermo-Ferraro-300x209.jpg 300w, https:\/\/www.elsindical.com.ar\/notas\/var\/www\/html\/notas\/wp-content\/uploads\/2024\/01\/Guillermo-Ferraro-432x300.jpg 432w\" sizes=\"auto, (max-width: 600px) 100vw, 600px\" \/><\/a><\/figure>\n<\/div>\n\n\n<p>Acusan a Ferraro de filtrar la frase del presidente contra los gobernadores por las trabas a la Ley \u00d3mnibus: \u201cLos voy a dejar sin un peso\u201d.<\/p>\n\n\n\n<p>El ministro de Infraestructura, Guillermo Ferraro, <strong>fue apartado de su cargo este jueves por el Presidente Javier Milei molesto por diversas filtraciones de informaci\u00f3n<\/strong> que el funcionario habr\u00eda brindado a la prensa sin autorizaci\u00f3n sobre las reuniones de Gabinete.<\/p>\n\n\n\n<p>Al igual que en el caso de los funcionarios de la Superintedencia de Salud, <strong>el ahora exministro no recibi\u00f3 comunicaci\u00f3n oficial y se enter\u00f3 de su cese por los medios.<\/strong><\/p>\n\n\n\n<p>El jefe de Gabinete, Nicol\u00e1s Posse, provoc\u00f3 rispideces al interior del equipo de Gobierno cuando ubic\u00f3 a <strong>Mauricio Gonz\u00e1lez Botto a cargo de la Secretar\u00eda de Empresas y Sociedades del Estado<\/strong>, un sector creado por la cartera de Infraestructura que depend\u00eda de Ferraro.<\/p>\n\n\n\n<p>Luego de la reuni\u00f3n de gabinete de este jueves, trascendi\u00f3 que el Presidente se habr\u00eda mostrado muy enojado con el proceder de los gobernadores a quienes dirigi\u00f3 una fuerte amenaza. <strong>\u201cLos voy a dejar sin un peso\u201d, dijo el mandatario durante el encuentro.<\/strong><\/p>\n\n\n\n<p>El ministro recientemente desvinculado hab\u00eda iniciado planes de inversi\u00f3n privada para la obra p\u00fablica en reuniones con <strong>c\u00e1maras empresariales y sindicatos<\/strong>. Tambi\u00e9n ten\u00eda a su cargo el \u00e1rea de transporte que lo obligaba a tener <strong>di\u00e1logo permanente con los gobernadores<\/strong>.<\/p>\n\n\n\n<p>Ferraro fue elegido por Milei como el ministro de Infraestructura a partir del 10 de diciembre. Es contador p\u00fablico y hasta hoy estuvo a cargo del ministerio que tiene <strong>cinco secretar\u00edas, entre las que se encuentran Energ\u00eda, Transporte, Obras P\u00fablicas y Vivienda, Comunicaciones y Conectividad, y Miner\u00eda<\/strong>.<\/p>\n\n\n\n<h2 class=\"wp-block-heading\">Guillermo Ferraro, el primer ministro en dejar el gobierno de Javier Milei<\/h2>\n\n\n\n<p>El ahora exministro de Infraestructura ya hab\u00eda cumplido funciones p\u00fablicas en el pasado. Fue <strong>Subsecretario de Industria de la Naci\u00f3n entre 2002 y 2003<\/strong>, y luego de la crisis de 2001 trabaj\u00f3 en el banco regional Bisel, que luego fuera vendido a la banca privada nacional.<\/p>\n\n\n\n<p>Licenciado en administraci\u00f3n de empresas de la UBA <strong>fue presidente del CEAMSE durante el periodo 1997-2001, <\/strong>se desempe\u00f1\u00f3 como Subsecretario de Inform\u00e1tica y Telecomunicaciones de la Provincia de Buenos Aires, fue jefe de asesores de Antonio Cafiero en el Senado y tambi\u00e9n particip\u00f3 de la Convenci\u00f3n Constituyente.<\/p>\n\n\n\n<p>El <strong>doctor en Ciencias Econ\u00f3micas trabaj\u00f3 los \u00faltimos 14 a\u00f1os como director de la empresa KPMG Argentina<\/strong>, una firma global que provee servicios de Auditor\u00eda, Impuestos y Asesor\u00eda. Desde ese rol, estuvo a cargo de la industria de Infraestructura y Gobierno.<\/p>\n\n\n\n<p>Entre los proyectos que realiz\u00f3 con la empresa aparecen el <strong>T\u00fanel Ferroviario Aconcagua (2011-2015), la central Hidroel\u00e9ctrica de Chihuido (2015-2018), el puerto de cargas de Ushuaia <\/strong>(2016-2017), el ramal ferroviario y estudios de factibilidad de Vaca Muerta (2016) y las PPP para corredores viales (2017-2019).<\/p>\n\n\n\n<p>Ferraro, docente de carreras de grado y de doctorado en la Universidad de Buenos Aires, <strong>tambi\u00e9n fue el primer presidente del Ente Movilizador de la Iniciativa Privada<\/strong>, instituci\u00f3n desde donde desarroll\u00f3 la Zona Franca de La Plata entre 1990 y 1991.<\/p>\n","protected":false},"excerpt":{"rendered":"<p>Acusan a Ferraro de filtrar la frase del presidente contra los gobernadores por las trabas a la Ley \u00d3mnibus: \u201cLos voy a dejar sin un peso\u201d. El ministro de Infraestructura, Guillermo Ferraro, fue apartado de su cargo este jueves por el Presidente Javier Milei molesto por diversas filtraciones de informaci\u00f3n que el funcionario habr\u00eda brindado&hellip;<\/p>\n","protected":false},"author":1,"featured_media":128246,"comment_status":"open","ping_status":"open","sticky":false,"template":"","format":"standard","meta":{"footnotes":""},"categories":[13],"tags":[2450,761,42091,28812,42092],"class_list":["post-128245","post","type-post","status-publish","format-standard","has-post-thumbnail","hentry","category-politica","tag-diario-el-sindical","tag-gobierno-nacional","tag-guillermo-ferraro","tag-javier-milei","tag-ministro-de-infraestructura"],"_links":{"self":[{"href":"https:\/\/www.elsindical.com.ar\/notas\/wp-json\/wp\/v2\/posts\/128245","targetHints":{"allow":["GET"]}}],"collection":[{"href":"https:\/\/www.elsindical.com.ar\/notas\/wp-json\/wp\/v2\/posts"}],"about":[{"href":"https:\/\/www.elsindical.com.ar\/notas\/wp-json\/wp\/v2\/types\/post"}],"author":[{"embeddable":true,"href":"https:\/\/www.elsindical.com.ar\/notas\/wp-json\/wp\/v2\/users\/1"}],"replies":[{"embeddable":true,"href":"https:\/\/www.elsindical.com.ar\/notas\/wp-json\/wp\/v2\/comments?post=128245"}],"version-history":[{"count":1,"href":"https:\/\/www.elsindical.com.ar\/notas\/wp-json\/wp\/v2\/posts\/128245\/revisions"}],"predecessor-version":[{"id":128247,"href":"https:\/\/www.elsindical.com.ar\/notas\/wp-json\/wp\/v2\/posts\/128245\/revisions\/128247"}],"wp:featuredmedia":[{"embeddable":true,"href":"https:\/\/www.elsindical.com.ar\/notas\/wp-json\/wp\/v2\/media\/128246"}],"wp:attachment":[{"href":"https:\/\/www.elsindical.com.ar\/notas\/wp-json\/wp\/v2\/media?parent=128245"}],"wp:term":[{"taxonomy":"category","embeddable":true,"href":"https:\/\/www.elsindical.com.ar\/notas\/wp-json\/wp\/v2\/categories?post=128245"},{"taxonomy":"post_tag","embeddable":true,"href":"https:\/\/www.elsindical.com.ar\/notas\/wp-json\/wp\/v2\/tags?post=128245"}],"curies":[{"name":"wp","href":"https:\/\/api.w.org\/{rel}","templated":true}]}}