{"id":128240,"date":"2024-01-25T17:47:30","date_gmt":"2024-01-25T20:47:30","guid":{"rendered":"https:\/\/www.elsindical.com.ar\/notas\/?p=128240"},"modified":"2024-01-25T17:47:36","modified_gmt":"2024-01-25T20:47:36","slug":"los-extranos-movimientos-policiales-en-el-protocolo-bullrich","status":"publish","type":"post","link":"https:\/\/www.elsindical.com.ar\/notas\/los-extranos-movimientos-policiales-en-el-protocolo-bullrich\/","title":{"rendered":"Los extra\u00f1os movimientos policiales en el protocolo Bullrich"},"content":{"rendered":"<div class=\"wp-block-image\">\n<figure class=\"aligncenter size-full\"><a href=\"https:\/\/www.elsindical.com.ar\/notas\/var\/www\/html\/notas\/wp-content\/uploads\/2024\/01\/movimientos-policiales-PFA.jpg\"><img loading=\"lazy\" decoding=\"async\" width=\"700\" height=\"693\" src=\"https:\/\/www.elsindical.com.ar\/notas\/var\/www\/html\/notas\/wp-content\/uploads\/2024\/01\/movimientos-policiales-PFA.jpg\" alt=\"\" class=\"wp-image-128241\" srcset=\"https:\/\/www.elsindical.com.ar\/notas\/var\/www\/html\/notas\/wp-content\/uploads\/2024\/01\/movimientos-policiales-PFA.jpg 700w, https:\/\/www.elsindical.com.ar\/notas\/var\/www\/html\/notas\/wp-content\/uploads\/2024\/01\/movimientos-policiales-PFA-300x297.jpg 300w, https:\/\/www.elsindical.com.ar\/notas\/var\/www\/html\/notas\/wp-content\/uploads\/2024\/01\/movimientos-policiales-PFA-150x150.jpg 150w, https:\/\/www.elsindical.com.ar\/notas\/var\/www\/html\/notas\/wp-content\/uploads\/2024\/01\/movimientos-policiales-PFA-303x300.jpg 303w, https:\/\/www.elsindical.com.ar\/notas\/var\/www\/html\/notas\/wp-content\/uploads\/2024\/01\/movimientos-policiales-PFA-50x50.jpg 50w\" sizes=\"auto, (max-width: 700px) 100vw, 700px\" \/><\/a><\/figure>\n<\/div>\n\n\n<p>   Hay que reconocerle a Patricia Bullrich que adem\u00e1s de inventar cobros ilegales por gastos de operativos de las fuerzas de seguridad, sumando al Servicio Penitenciario Federal, una instituci\u00f3n que es m\u00e1s parte del problema que de la soluci\u00f3n en el r\u00e9gimen carcelario argentino.<\/p>\n\n\n\n<p>Ahora se vio con motivo de la marcha y protesta del 24E, a efectivos de la polic\u00eda realizar unos curiosos movimientos, ser\u00e1 que Flavio Mendoza instruye a los nuevos efectivos de la PFA?<\/p>\n\n\n\n<figure class=\"wp-block-embed is-type-video is-provider-youtube wp-block-embed-youtube wp-embed-aspect-16-9 wp-has-aspect-ratio\"><div class=\"wp-block-embed__wrapper\">\n<iframe loading=\"lazy\" title=\"Los movimientos policiales del protocolo Bullrich\" width=\"700\" height=\"394\" src=\"https:\/\/www.youtube.com\/embed\/nH3cF7n28-s?feature=oembed\" frameborder=\"0\" allow=\"accelerometer; autoplay; clipboard-write; encrypted-media; gyroscope; picture-in-picture; web-share\" allowfullscreen><\/iframe>\n<\/div><\/figure>\n","protected":false},"excerpt":{"rendered":"<p>Hay que reconocerle a Patricia Bullrich que adem\u00e1s de inventar cobros ilegales por gastos de operativos de las fuerzas de seguridad, sumando al Servicio Penitenciario Federal, una instituci\u00f3n que es m\u00e1s parte del problema que de la soluci\u00f3n en el r\u00e9gimen carcelario argentino. Ahora se vio con motivo de la marcha y protesta del 24E,&hellip;<\/p>\n","protected":false},"author":1,"featured_media":128241,"comment_status":"open","ping_status":"open","sticky":false,"template":"","format":"standard","meta":{"footnotes":""},"categories":[22,25],"tags":[1481,2450,4084,42090,35112,1455,42050,698,17844],"class_list":["post-128240","post","type-post","status-publish","format-standard","has-post-thumbnail","hentry","category-policiales","category-sociedad","tag-congreso-de-la-nacion","tag-diario-el-sindical","tag-fuerzas-de-seguridad","tag-movimientos-policiales","tag-news","tag-noticias","tag-paro-24e","tag-pfa","tag-protocolo"],"_links":{"self":[{"href":"https:\/\/www.elsindical.com.ar\/notas\/wp-json\/wp\/v2\/posts\/128240","targetHints":{"allow":["GET"]}}],"collection":[{"href":"https:\/\/www.elsindical.com.ar\/notas\/wp-json\/wp\/v2\/posts"}],"about":[{"href":"https:\/\/www.elsindical.com.ar\/notas\/wp-json\/wp\/v2\/types\/post"}],"author":[{"embeddable":true,"href":"https:\/\/www.elsindical.com.ar\/notas\/wp-json\/wp\/v2\/users\/1"}],"replies":[{"embeddable":true,"href":"https:\/\/www.elsindical.com.ar\/notas\/wp-json\/wp\/v2\/comments?post=128240"}],"version-history":[{"count":1,"href":"https:\/\/www.elsindical.com.ar\/notas\/wp-json\/wp\/v2\/posts\/128240\/revisions"}],"predecessor-version":[{"id":128242,"href":"https:\/\/www.elsindical.com.ar\/notas\/wp-json\/wp\/v2\/posts\/128240\/revisions\/128242"}],"wp:featuredmedia":[{"embeddable":true,"href":"https:\/\/www.elsindical.com.ar\/notas\/wp-json\/wp\/v2\/media\/128241"}],"wp:attachment":[{"href":"https:\/\/www.elsindical.com.ar\/notas\/wp-json\/wp\/v2\/media?parent=128240"}],"wp:term":[{"taxonomy":"category","embeddable":true,"href":"https:\/\/www.elsindical.com.ar\/notas\/wp-json\/wp\/v2\/categories?post=128240"},{"taxonomy":"post_tag","embeddable":true,"href":"https:\/\/www.elsindical.com.ar\/notas\/wp-json\/wp\/v2\/tags?post=128240"}],"curies":[{"name":"wp","href":"https:\/\/api.w.org\/{rel}","templated":true}]}}