{"id":128209,"date":"2024-01-25T11:46:52","date_gmt":"2024-01-25T14:46:52","guid":{"rendered":"https:\/\/www.elsindical.com.ar\/notas\/?p=128209"},"modified":"2024-01-25T11:46:56","modified_gmt":"2024-01-25T14:46:56","slug":"la-justicia-federal-suspendio-la-audiencia-publica-por-los-aumentos-de-transporte-en-el-amba","status":"publish","type":"post","link":"https:\/\/www.elsindical.com.ar\/notas\/la-justicia-federal-suspendio-la-audiencia-publica-por-los-aumentos-de-transporte-en-el-amba\/","title":{"rendered":"La Justicia Federal suspendi\u00f3 la audiencia p\u00fablica por los aumentos de transporte en el AMBA"},"content":{"rendered":"<div class=\"wp-block-image\">\n<figure class=\"aligncenter size-full is-resized\"><a href=\"https:\/\/www.elsindical.com.ar\/notas\/var\/www\/html\/notas\/wp-content\/uploads\/2017\/06\/recarga-SUBE.jpg\"><img loading=\"lazy\" decoding=\"async\" width=\"600\" height=\"338\" src=\"https:\/\/www.elsindical.com.ar\/notas\/var\/www\/html\/notas\/wp-content\/uploads\/2017\/06\/recarga-SUBE.jpg\" alt=\"\" class=\"wp-image-69465\" style=\"width:674px;height:auto\" srcset=\"https:\/\/www.elsindical.com.ar\/notas\/var\/www\/html\/notas\/wp-content\/uploads\/2017\/06\/recarga-SUBE.jpg 600w, https:\/\/www.elsindical.com.ar\/notas\/var\/www\/html\/notas\/wp-content\/uploads\/2017\/06\/recarga-SUBE-300x169.jpg 300w, https:\/\/www.elsindical.com.ar\/notas\/var\/www\/html\/notas\/wp-content\/uploads\/2017\/06\/recarga-SUBE-500x282.jpg 500w\" sizes=\"auto, (max-width: 600px) 100vw, 600px\" \/><\/a><\/figure>\n<\/div>\n\n\n<p class=\"wp-block-paragraph\">El juez Ernesto Kreplak admiti\u00f3 el recurso de amparo presentado por el intendente de Esteban Echeverr\u00eda, Fernando Gray, que cuestionaba el sistema dispuesto por Gobierno, que consist\u00eda en que los ciudadanos dejen comentarios en una p\u00e1gina web.<\/p>\n\n\n\n<p class=\"wp-block-paragraph\">La Justicia Federal\u00a0<strong>suspendi\u00f3 la convocatoria a la audiencia p\u00fablica<\/strong>\u00a0realizada por la Secretar\u00eda de Transporte del Ministerio de Infraestructura de la Naci\u00f3n con el fin de tratar los aumentos en el cuadro tarifario de trenes y colectivos, por no haberse garantizado el adecuado procedimiento de participaci\u00f3n ciudadana requerido por ley.<\/p>\n\n\n\n<p class=\"wp-block-paragraph\">El fallo fue dictado por el juez Ernesto Kreplak, a cargo interinamente del juzgado en lo civil, comercial y contencioso administrativo de Lomas de Zamora.<\/p>\n\n\n\n<p class=\"wp-block-paragraph\">El Juzgado Federal en lo Civil, Comercial y Contencioso Administrativo N\u00b0 3 de Lomas de Zamora admiti\u00f3 el recurso de amparo presentado por el intendente de Esteban Echeverr\u00eda, Fernando Gray, que cuestionaba el sistema dispuesto por Gobierno, que consist\u00eda en que los ciudadanos dejen comentarios en una p\u00e1gina web.<\/p>\n\n\n\n<p class=\"wp-block-paragraph\">En la resoluci\u00f3n, a la que tuvo acceso T\u00e9lam, se plante\u00f3:&nbsp;<strong>\u201cNo resulta atinente realizar la consulta p\u00fablica mediante un sistema al que no todos los usuarios tienen acceso y que a su vez, contiene fallas tecnol\u00f3gicas, impidiendo el cumplimiento de su finalidad, de modo que los ciudadanos que deseen participar puedan dar su opini\u00f3n\u201d<\/strong>.<\/p>\n\n\n\n<p class=\"wp-block-paragraph\">La Resoluci\u00f3n 1\/2024 de la Secretar\u00eda de Transporte, publicada el viernes 19 de enero, hab\u00eda establecido un plazo de tres d\u00edas h\u00e1biles administrativos para que las personas interesadas presenten sus opiniones y propuestas a trav\u00e9s del sitio web del organismo.<\/p>\n\n\n\n<p class=\"wp-block-paragraph\">\u201cEs ins\u00f3lito que hayan convertido la audiencia p\u00fablica del aumento de transporte en un formulario web en el que realizas un comentario de hasta 5.000 caracteres y finaliza la participaci\u00f3n. De esta manera, <strong>anulan cualquier instancia de intercambio y debate, y convierten la audiencia en un posteo de redes. No se puede encarar un proceso que afectar\u00e1 el ingreso de millones de familias a espaldas de la ciudadan\u00eda<\/strong>\u201c, expres\u00f3 Gray en el documento presentado ante la justicia el pasado martes.<\/p>\n\n\n\n<p class=\"wp-block-paragraph\">\u201cEstoy muy preocupado por el esquema tarifario que propone el gobierno nacional<strong>. Aumenta el costo de los boletos de colectivos en un 251% y de trenes del 169% al 247%,<\/strong> seg\u00fan la l\u00ednea\u201d, agreg\u00f3 el jefe comunal bonaerense.<\/p>\n\n\n\n<p class=\"wp-block-paragraph\">\u201cCada ma\u00f1ana, miles de vecinas y vecinos de nuestro distrito se trasladan a sus trabajos y en muchos casos toman dos y tres transportes p\u00fablicos. Estos aumentos, junto a los anunciados de luz y gas, s\u00f3lo les dificultar\u00e1n m\u00e1s la vida a las trabajadoras y los trabajadores\u201d, subray\u00f3.<\/p>\n\n\n\n<p class=\"wp-block-paragraph\">El recurso judicial presentado por Gray tambi\u00e9n enfatizaba en la&nbsp;<strong>falta de informaci\u00f3n p\u00fablica adecuada<\/strong>&nbsp;y la ausencia de tiempo necesario para evaluar el nuevo cuadro tarifario y efectuar un an\u00e1lisis previo pormenorizado de los antecedentes de las tarifas, lo que afecta el ejercicio pleno del derecho de participaci\u00f3n y defensa de las usuarias y los usuarios.<\/p>\n\n\n\n<p class=\"wp-block-paragraph\">El viernes pasado, la Secretar\u00eda de Transporte dispuso <strong>la apertura de la instancia de participaci\u00f3n ciudadana para los aumentos de tarifas en el \u00c1rea Metropolitana de Buenos Aires (AMBA) por reducciones de subsidios, en el que se propone un incremento que llevar\u00e1 a $ 270 el boleto m\u00ednimo de colectivo y a $ 130 en el caso del tren, a partir del 1 de febrero pr\u00f3ximo.<\/strong><\/p>\n\n\n\n<p class=\"wp-block-paragraph\">De esta forma, el nuevo cuadro tarifario prev\u00e9 aumentos de 251% y 169% para el boleto m\u00ednimo de colectivo y el pasaje de tren, respectivamente.<\/p>\n","protected":false},"excerpt":{"rendered":"<p>El juez Ernesto Kreplak admiti\u00f3 el recurso de amparo presentado por el intendente de Esteban Echeverr\u00eda, Fernando Gray, que cuestionaba el sistema dispuesto por Gobierno, que consist\u00eda en que los ciudadanos dejen comentarios en una p\u00e1gina web. La Justicia Federal\u00a0suspendi\u00f3 la convocatoria a la audiencia p\u00fablica\u00a0realizada por la Secretar\u00eda de Transporte del Ministerio de Infraestructura&hellip;<\/p>\n","protected":false},"author":1,"featured_media":69465,"comment_status":"open","ping_status":"open","sticky":false,"template":"","format":"standard","meta":{"footnotes":""},"categories":[20],"tags":[3468,847,8343,2450,9430,29660],"class_list":["post-128209","post","type-post","status-publish","format-standard","has-post-thumbnail","hentry","category-judiciales","tag-amba","tag-amparo","tag-audiencia-publica","tag-diario-el-sindical","tag-fernando-gray","tag-juez-federal-ernesto-kreplak"],"_links":{"self":[{"href":"https:\/\/www.elsindical.com.ar\/notas\/wp-json\/wp\/v2\/posts\/128209","targetHints":{"allow":["GET"]}}],"collection":[{"href":"https:\/\/www.elsindical.com.ar\/notas\/wp-json\/wp\/v2\/posts"}],"about":[{"href":"https:\/\/www.elsindical.com.ar\/notas\/wp-json\/wp\/v2\/types\/post"}],"author":[{"embeddable":true,"href":"https:\/\/www.elsindical.com.ar\/notas\/wp-json\/wp\/v2\/users\/1"}],"replies":[{"embeddable":true,"href":"https:\/\/www.elsindical.com.ar\/notas\/wp-json\/wp\/v2\/comments?post=128209"}],"version-history":[{"count":1,"href":"https:\/\/www.elsindical.com.ar\/notas\/wp-json\/wp\/v2\/posts\/128209\/revisions"}],"predecessor-version":[{"id":128210,"href":"https:\/\/www.elsindical.com.ar\/notas\/wp-json\/wp\/v2\/posts\/128209\/revisions\/128210"}],"wp:featuredmedia":[{"embeddable":true,"href":"https:\/\/www.elsindical.com.ar\/notas\/wp-json\/wp\/v2\/media\/69465"}],"wp:attachment":[{"href":"https:\/\/www.elsindical.com.ar\/notas\/wp-json\/wp\/v2\/media?parent=128209"}],"wp:term":[{"taxonomy":"category","embeddable":true,"href":"https:\/\/www.elsindical.com.ar\/notas\/wp-json\/wp\/v2\/categories?post=128209"},{"taxonomy":"post_tag","embeddable":true,"href":"https:\/\/www.elsindical.com.ar\/notas\/wp-json\/wp\/v2\/tags?post=128209"}],"curies":[{"name":"wp","href":"https:\/\/api.w.org\/{rel}","templated":true}]}}