{"id":128187,"date":"2024-01-24T02:08:38","date_gmt":"2024-01-24T05:08:38","guid":{"rendered":"https:\/\/www.elsindical.com.ar\/notas\/?p=128187"},"modified":"2024-01-24T02:41:46","modified_gmt":"2024-01-24T05:41:46","slug":"la-cantante-mon-laferte-respondio-a-los-ataques-por-su-videoclip","status":"publish","type":"post","link":"https:\/\/www.elsindical.com.ar\/notas\/la-cantante-mon-laferte-respondio-a-los-ataques-por-su-videoclip\/","title":{"rendered":"La cantante Mon Laferte respondi\u00f3 a los ataques por su videoclip"},"content":{"rendered":"<div class=\"wp-block-image\">\n<figure class=\"aligncenter size-full\"><a href=\"https:\/\/www.elsindical.com.ar\/notas\/var\/www\/html\/notas\/wp-content\/uploads\/2024\/01\/pornocracia.jpeg\"><img loading=\"lazy\" decoding=\"async\" width=\"750\" height=\"529\" src=\"https:\/\/www.elsindical.com.ar\/notas\/var\/www\/html\/notas\/wp-content\/uploads\/2024\/01\/pornocracia.jpeg\" alt=\"\" class=\"wp-image-128188\" srcset=\"https:\/\/www.elsindical.com.ar\/notas\/var\/www\/html\/notas\/wp-content\/uploads\/2024\/01\/pornocracia.jpeg 750w, https:\/\/www.elsindical.com.ar\/notas\/var\/www\/html\/notas\/wp-content\/uploads\/2024\/01\/pornocracia-300x212.jpeg 300w, https:\/\/www.elsindical.com.ar\/notas\/var\/www\/html\/notas\/wp-content\/uploads\/2024\/01\/pornocracia-425x300.jpeg 425w\" sizes=\"auto, (max-width: 750px) 100vw, 750px\" \/><\/a><\/figure>\n<\/div>\n\n\n<p>La compositora y m\u00fasica chilena lanz\u00f3 en 2023 un disco \u201cAutopo\u00edetica\u201d que incluye una canci\u00f3n llamada \u201cPornocracia\u201d donde se la ve tirada dentro de una enorme concha marina y un hombre le est\u00e1 practicando sexo oral. <\/p>\n\n\n\n<p>Ante esta imagen, donde solo se pueden ver los rasgos y gestos de placer de los protagonistas (sin ning\u00fan tipo de desnudo), el ataque \u201cmoral\u201d fue constante generando que muchos se horrorizan de lo que vieron. <\/p>\n\n\n\n<p>Mon respondi\u00f3 no solo que su m\u00fasica nunca fue para ni\u00f1xs sino que agreg\u00f3: \u201cHe estado meditando esta ma\u00f1ana\u2026 <\/p>\n\n\n\n<p>Se dice que (el videoclip) es como violento, obsceno. Y quiero decir que en mi cabeza no es as\u00ed, no lo veo de esa manera. Lo veo de una manera divertida, humor\u00edstica. <\/p>\n\n\n\n<p>Hay mucha gente que lo vio de otra manera y est\u00e1 bien que existan ambos puntos de vista\u2026 El arte tiene esa funci\u00f3n, que es reflejar lo que somos como sociedad\u201d.<\/p>\n\n\n\n<p>Se espantan del placer. Atacan a una mujer por su arte, esos mismos que tambi\u00e9n rechazan la ESI y lanzan mensajes de odio en las redes sociales con aires \u201cpuritanos\u201d.<\/p>\n\n\n\n<figure class=\"wp-block-embed is-type-video is-provider-youtube wp-block-embed-youtube wp-embed-aspect-16-9 wp-has-aspect-ratio\"><div class=\"wp-block-embed__wrapper\">\n<iframe loading=\"lazy\" title=\"Mon Laferte respondi\u00f3 a las crticas por su video Pornoceacia\" width=\"700\" height=\"394\" src=\"https:\/\/www.youtube.com\/embed\/7Q7vTxnWCVg?feature=oembed\" frameborder=\"0\" allow=\"accelerometer; autoplay; clipboard-write; encrypted-media; gyroscope; picture-in-picture; web-share\" allowfullscreen><\/iframe>\n<\/div><\/figure>\n","protected":false},"excerpt":{"rendered":"<p>La compositora y m\u00fasica chilena lanz\u00f3 en 2023 un disco \u201cAutopo\u00edetica\u201d que incluye una canci\u00f3n llamada \u201cPornocracia\u201d donde se la ve tirada dentro de una enorme concha marina y un hombre le est\u00e1 practicando sexo oral. Ante esta imagen, donde solo se pueden ver los rasgos y gestos de placer de los protagonistas (sin ning\u00fan&hellip;<\/p>\n","protected":false},"author":1,"featured_media":128188,"comment_status":"open","ping_status":"open","sticky":false,"template":"","format":"standard","meta":{"footnotes":""},"categories":[15],"tags":[42073,481,2450,31825,42074,2445,32110],"class_list":["post-128187","post","type-post","status-publish","format-standard","has-post-thumbnail","hentry","category-espectaculos","tag-autopoietica","tag-cantante","tag-diario-el-sindical","tag-mon-laferte","tag-pornocracia","tag-sexo-oral","tag-videoclip"],"_links":{"self":[{"href":"https:\/\/www.elsindical.com.ar\/notas\/wp-json\/wp\/v2\/posts\/128187","targetHints":{"allow":["GET"]}}],"collection":[{"href":"https:\/\/www.elsindical.com.ar\/notas\/wp-json\/wp\/v2\/posts"}],"about":[{"href":"https:\/\/www.elsindical.com.ar\/notas\/wp-json\/wp\/v2\/types\/post"}],"author":[{"embeddable":true,"href":"https:\/\/www.elsindical.com.ar\/notas\/wp-json\/wp\/v2\/users\/1"}],"replies":[{"embeddable":true,"href":"https:\/\/www.elsindical.com.ar\/notas\/wp-json\/wp\/v2\/comments?post=128187"}],"version-history":[{"count":2,"href":"https:\/\/www.elsindical.com.ar\/notas\/wp-json\/wp\/v2\/posts\/128187\/revisions"}],"predecessor-version":[{"id":128190,"href":"https:\/\/www.elsindical.com.ar\/notas\/wp-json\/wp\/v2\/posts\/128187\/revisions\/128190"}],"wp:featuredmedia":[{"embeddable":true,"href":"https:\/\/www.elsindical.com.ar\/notas\/wp-json\/wp\/v2\/media\/128188"}],"wp:attachment":[{"href":"https:\/\/www.elsindical.com.ar\/notas\/wp-json\/wp\/v2\/media?parent=128187"}],"wp:term":[{"taxonomy":"category","embeddable":true,"href":"https:\/\/www.elsindical.com.ar\/notas\/wp-json\/wp\/v2\/categories?post=128187"},{"taxonomy":"post_tag","embeddable":true,"href":"https:\/\/www.elsindical.com.ar\/notas\/wp-json\/wp\/v2\/tags?post=128187"}],"curies":[{"name":"wp","href":"https:\/\/api.w.org\/{rel}","templated":true}]}}