{"id":128171,"date":"2024-01-23T12:49:35","date_gmt":"2024-01-23T15:49:35","guid":{"rendered":"https:\/\/www.elsindical.com.ar\/notas\/?p=128171"},"modified":"2024-01-23T12:49:41","modified_gmt":"2024-01-23T15:49:41","slug":"anmat-prohibio-la-venta-y-consumo-de-un-aceite-de-oliva-que-marca-es-y-cuales-son-las-causas","status":"publish","type":"post","link":"https:\/\/www.elsindical.com.ar\/notas\/anmat-prohibio-la-venta-y-consumo-de-un-aceite-de-oliva-que-marca-es-y-cuales-son-las-causas\/","title":{"rendered":"ANMAT prohibi\u00f3 la venta y consumo de un aceite de oliva: qu\u00e9 marca es y cu\u00e1les son las causas"},"content":{"rendered":"<div class=\"wp-block-image\">\n<figure class=\"aligncenter size-large is-resized\"><a href=\"https:\/\/www.elsindical.com.ar\/notas\/var\/www\/html\/notas\/wp-content\/uploads\/2024\/01\/aceite-La-Anita.jpg\"><img loading=\"lazy\" decoding=\"async\" width=\"1024\" height=\"1024\" src=\"https:\/\/www.elsindical.com.ar\/notas\/var\/www\/html\/notas\/wp-content\/uploads\/2024\/01\/aceite-La-Anita-1024x1024.jpg\" alt=\"\" class=\"wp-image-128172\" style=\"width:604px;height:auto\" srcset=\"https:\/\/www.elsindical.com.ar\/notas\/var\/www\/html\/notas\/wp-content\/uploads\/2024\/01\/aceite-La-Anita-1024x1024.jpg 1024w, https:\/\/www.elsindical.com.ar\/notas\/var\/www\/html\/notas\/wp-content\/uploads\/2024\/01\/aceite-La-Anita-300x300.jpg 300w, https:\/\/www.elsindical.com.ar\/notas\/var\/www\/html\/notas\/wp-content\/uploads\/2024\/01\/aceite-La-Anita-150x150.jpg 150w, https:\/\/www.elsindical.com.ar\/notas\/var\/www\/html\/notas\/wp-content\/uploads\/2024\/01\/aceite-La-Anita-768x768.jpg 768w, https:\/\/www.elsindical.com.ar\/notas\/var\/www\/html\/notas\/wp-content\/uploads\/2024\/01\/aceite-La-Anita-50x50.jpg 50w, https:\/\/www.elsindical.com.ar\/notas\/var\/www\/html\/notas\/wp-content\/uploads\/2024\/01\/aceite-La-Anita.jpg 1280w\" sizes=\"auto, (max-width: 1024px) 100vw, 1024px\" \/><\/a><\/figure>\n<\/div>\n\n\n<p>La Administraci\u00f3n Nacional de Medicamentos, Alimentos y Tecnolog\u00eda M\u00e9dica comunic\u00f3 la prohibici\u00f3n de una marca de aceite de oliva a trav\u00e9s de una resoluci\u00f3n en el Bolet\u00edn Oficial.<\/p>\n\n\n\n<p>La <strong>Administraci\u00f3n Nacional de Medicamentos, Alimentos y Tecnolog\u00eda M\u00e9dica<\/strong> (<strong>ANMAT<\/strong>) procedi\u00f3 con <strong>la prohibici\u00f3n de la venta y consumo de una marca de aceite de oliva <\/strong>tras considerarla como ilegal. La resoluci\u00f3n se conoci\u00f3 en las primeras horas del martes, a trav\u00e9s del Bolet\u00edn Oficial.<\/p>\n\n\n\n<p>Este 23 de enero de 2024, la Disposici\u00f3n 680\/2024 dentro del Bolet\u00edn Oficial indic\u00f3 que <strong>la marca en cuesti\u00f3n es \u00abFinca La Anita\u00bb<\/strong>, mientras que el producto es <strong>el aceite de oliva Blend Extra Virgen<\/strong>. Adem\u00e1s, se conocieron algunos detalles de la investigaci\u00f3n que decant\u00f3 en la resoluci\u00f3n.<\/p>\n\n\n\n<p>Tras una denuncia, se comenz\u00f3 con la b\u00fasqueda de informaci\u00f3n acerca del producto, donde se lleg\u00f3 a la conclusi\u00f3n de que no cumpl\u00eda con la normativa alimentaria vigente. De esta manera, la ANMAT avanz\u00f3 con la prohibici\u00f3n de \u00ab<strong>la elaboraci\u00f3n, fraccionamiento y comercializaci\u00f3n en todo el territorio nacional<\/strong> y en las plataformas de venta en l\u00ednea del producto\u00bb.<\/p>\n\n\n\n<p>Adem\u00e1s, brindaron detalles acerca de los motivos que llevaron a quitar del mercado el aceite de oliva en cuesti\u00f3n. \u201c<strong>Por carecer de registros sanitarios de establecimiento y producto<\/strong>, y por estar falsamente rotulado al exhibir en su r\u00f3tulo n\u00fameros de RNE y RNPA dados de baja y pertenecientes a otra empresa, resultando ser en consecuencia un producto ilegal\u201d, detallaron.<\/p>\n\n\n\n<h2 class=\"wp-block-heading\">Qu\u00e9 es ANMAT<\/h2>\n\n\n\n<p>Seg\u00fan el sitio oficial del Estado argentino, la Administraci\u00f3n Nacional de Medicamentos, Alimentos y Tecnolog\u00eda M\u00e9dica es <strong>un organismo descentralizado<\/strong> que se encuentra dentro del \u00e1mbito del Ministerio de Salud de la Naci\u00f3n. Es aut\u00e1rquico, con jurisdicci\u00f3n en todo el territorio de la Naci\u00f3n.<\/p>\n\n\n\n<p>Entre sus distintas funciones, aparecen <strong>el \u00abcontrol y fiscalizaci\u00f3n sobre la sanidad y calidad de los alimentos<\/strong> acondicionados\u00bb con las distintas clases incluidas, como colorantes, ingredientes, aditivos y edulcorantes, entre otros.<\/p>\n","protected":false},"excerpt":{"rendered":"<p>La Administraci\u00f3n Nacional de Medicamentos, Alimentos y Tecnolog\u00eda M\u00e9dica comunic\u00f3 la prohibici\u00f3n de una marca de aceite de oliva a trav\u00e9s de una resoluci\u00f3n en el Bolet\u00edn Oficial. La Administraci\u00f3n Nacional de Medicamentos, Alimentos y Tecnolog\u00eda M\u00e9dica (ANMAT) procedi\u00f3 con la prohibici\u00f3n de la venta y consumo de una marca de aceite de oliva tras&hellip;<\/p>\n","protected":false},"author":1,"featured_media":128172,"comment_status":"open","ping_status":"open","sticky":false,"template":"","format":"standard","meta":{"footnotes":""},"categories":[23],"tags":[29108,1394,42071,2450,42070],"class_list":["post-128171","post","type-post","status-publish","format-standard","has-post-thumbnail","hentry","category-salud","tag-aceite-de-oliva","tag-anmat","tag-blend-extra-virgen","tag-diario-el-sindical","tag-finca-la-anita"],"_links":{"self":[{"href":"https:\/\/www.elsindical.com.ar\/notas\/wp-json\/wp\/v2\/posts\/128171","targetHints":{"allow":["GET"]}}],"collection":[{"href":"https:\/\/www.elsindical.com.ar\/notas\/wp-json\/wp\/v2\/posts"}],"about":[{"href":"https:\/\/www.elsindical.com.ar\/notas\/wp-json\/wp\/v2\/types\/post"}],"author":[{"embeddable":true,"href":"https:\/\/www.elsindical.com.ar\/notas\/wp-json\/wp\/v2\/users\/1"}],"replies":[{"embeddable":true,"href":"https:\/\/www.elsindical.com.ar\/notas\/wp-json\/wp\/v2\/comments?post=128171"}],"version-history":[{"count":1,"href":"https:\/\/www.elsindical.com.ar\/notas\/wp-json\/wp\/v2\/posts\/128171\/revisions"}],"predecessor-version":[{"id":128173,"href":"https:\/\/www.elsindical.com.ar\/notas\/wp-json\/wp\/v2\/posts\/128171\/revisions\/128173"}],"wp:featuredmedia":[{"embeddable":true,"href":"https:\/\/www.elsindical.com.ar\/notas\/wp-json\/wp\/v2\/media\/128172"}],"wp:attachment":[{"href":"https:\/\/www.elsindical.com.ar\/notas\/wp-json\/wp\/v2\/media?parent=128171"}],"wp:term":[{"taxonomy":"category","embeddable":true,"href":"https:\/\/www.elsindical.com.ar\/notas\/wp-json\/wp\/v2\/categories?post=128171"},{"taxonomy":"post_tag","embeddable":true,"href":"https:\/\/www.elsindical.com.ar\/notas\/wp-json\/wp\/v2\/tags?post=128171"}],"curies":[{"name":"wp","href":"https:\/\/api.w.org\/{rel}","templated":true}]}}