{"id":128166,"date":"2024-01-23T12:05:44","date_gmt":"2024-01-23T15:05:44","guid":{"rendered":"https:\/\/www.elsindical.com.ar\/notas\/?p=128166"},"modified":"2024-01-23T12:05:49","modified_gmt":"2024-01-23T15:05:49","slug":"lomas-de-zamora-familiares-y-allegados-reclamaran-justicia-por-umma","status":"publish","type":"post","link":"https:\/\/www.elsindical.com.ar\/notas\/lomas-de-zamora-familiares-y-allegados-reclamaran-justicia-por-umma\/","title":{"rendered":"Lomas de Zamora: Familiares y allegados reclamar\u00e1n justicia por Umma"},"content":{"rendered":"<div class=\"wp-block-image\">\n<figure class=\"aligncenter size-large\"><a href=\"https:\/\/www.elsindical.com.ar\/notas\/var\/www\/html\/notas\/wp-content\/uploads\/2024\/01\/Umma.jpg\"><img loading=\"lazy\" decoding=\"async\" width=\"793\" height=\"1024\" src=\"https:\/\/www.elsindical.com.ar\/notas\/var\/www\/html\/notas\/wp-content\/uploads\/2024\/01\/Umma-793x1024.jpg\" alt=\"\" class=\"wp-image-128167\" srcset=\"https:\/\/www.elsindical.com.ar\/notas\/var\/www\/html\/notas\/wp-content\/uploads\/2024\/01\/Umma-793x1024.jpg 793w, https:\/\/www.elsindical.com.ar\/notas\/var\/www\/html\/notas\/wp-content\/uploads\/2024\/01\/Umma-232x300.jpg 232w, https:\/\/www.elsindical.com.ar\/notas\/var\/www\/html\/notas\/wp-content\/uploads\/2024\/01\/Umma-768x991.jpg 768w, https:\/\/www.elsindical.com.ar\/notas\/var\/www\/html\/notas\/wp-content\/uploads\/2024\/01\/Umma.jpg 945w\" sizes=\"auto, (max-width: 793px) 100vw, 793px\" \/><\/a><\/figure>\n<\/div>\n\n\n<p class=\"wp-block-paragraph\">   Familiares y allegados convocan para las 19:00 horas de este martes frente a la casa donde sucedi\u00f3 el hecho criminal, en la calle <strong>P\u00edo Baroja y Mart\u00edn Rodr\u00edguez<\/strong>, en la localidad de <strong>Villa Centenario <\/strong>en el partido de Lomas de Zamora. <\/p>\n\n\n\n<p class=\"wp-block-paragraph\">Pedir\u00e1n justicia por la peque\u00f1a Umma<\/p>\n\n\n\n<p class=\"wp-block-paragraph\"><strong>Los restos de Umma estaban siendo velados esta ma\u00f1ana en la cocher\u00eda Banfield<\/strong>, situada en la calle Zapiola 98. A las 15,30, se llevar\u00e1n al cementerio de Lomas de Zamora para su \u00faltimo adi\u00f3s. La noticia conmovi\u00f3 a la comunidad local y a toda la Provincia. En ese contexto, <strong>decenas de vecinos se acercaron para expresar sus condolencias<\/strong> y brindar apoyo a los padres de la peque\u00f1a en este dif\u00edcil momento.<\/p>\n\n\n\n<p class=\"wp-block-paragraph\">El testimonio de otros residentes refleja la creciente preocupaci\u00f3n por la seguridad en Villa Centenario. <strong>Alfredo, vecino de la cuadra, expres\u00f3: \u00abYo sufr\u00ed hechos de inseguridad al igual que muchos conocidos. <\/strong>Es cada vez peor la inseguridad. A todas horas, a la ma\u00f1ana, a la tarde y a la noche.\u00bb<\/p>\n\n\n\n<p class=\"wp-block-paragraph\"><strong>Hern\u00e1n, otro vecino<\/strong>, comparti\u00f3 su frustraci\u00f3n ante la situaci\u00f3n actual: \u00ab<strong>La verdad es un desastre lo que estamos viviendo. Una bronca terrible<\/strong>. Hace 50 a\u00f1os vivo ac\u00e1 y est\u00e1 cada vez peor. (&#8230;) La preocupaci\u00f3n es constante, las 24 horas ten\u00e9s que estar con los ojos en la espalda.\u00bb<\/p>\n\n\n\n<p class=\"wp-block-paragraph\">Los vecinos, adem\u00e1s de expresar su pesar, aprovecharon para reclamar justicia y seguridad. Desde la vereda de la sala velatoria, <strong>uno de los vecinos enfatiz\u00f3<\/strong>: \u00ab<strong>Queremos pedir justicia. Que caigan todos presos o que los maten<\/strong>. Otra cosa no se puede pedir.\u00bb Las voces de los vecinos de Umma resuenan fuerte en medio de la tristeza por la p\u00e9rdida de la chiquita, protagonista involuntaria de un caso estremecedor.&nbsp;<\/p>\n","protected":false},"excerpt":{"rendered":"<p>Familiares y allegados convocan para las 19:00 horas de este martes frente a la casa donde sucedi\u00f3 el hecho criminal, en la calle P\u00edo Baroja y Mart\u00edn Rodr\u00edguez, en la localidad de Villa Centenario en el partido de Lomas de Zamora. Pedir\u00e1n justicia por la peque\u00f1a Umma Los restos de Umma estaban siendo velados esta&hellip;<\/p>\n","protected":false},"author":1,"featured_media":128167,"comment_status":"open","ping_status":"open","sticky":false,"template":"","format":"standard","meta":{"footnotes":""},"categories":[25],"tags":[37565,5439,154,2450,984,16396,25222,42065,5548],"class_list":["post-128166","post","type-post","status-publish","format-standard","has-post-thumbnail","hentry","category-sociedad","tag-lomas-de-zamora-2","tag-banfield","tag-buenos-aires","tag-diario-el-sindical","tag-inseguridad","tag-pba","tag-pedido-de-justicia","tag-umma","tag-villa-centenario"],"_links":{"self":[{"href":"https:\/\/www.elsindical.com.ar\/notas\/wp-json\/wp\/v2\/posts\/128166","targetHints":{"allow":["GET"]}}],"collection":[{"href":"https:\/\/www.elsindical.com.ar\/notas\/wp-json\/wp\/v2\/posts"}],"about":[{"href":"https:\/\/www.elsindical.com.ar\/notas\/wp-json\/wp\/v2\/types\/post"}],"author":[{"embeddable":true,"href":"https:\/\/www.elsindical.com.ar\/notas\/wp-json\/wp\/v2\/users\/1"}],"replies":[{"embeddable":true,"href":"https:\/\/www.elsindical.com.ar\/notas\/wp-json\/wp\/v2\/comments?post=128166"}],"version-history":[{"count":1,"href":"https:\/\/www.elsindical.com.ar\/notas\/wp-json\/wp\/v2\/posts\/128166\/revisions"}],"predecessor-version":[{"id":128168,"href":"https:\/\/www.elsindical.com.ar\/notas\/wp-json\/wp\/v2\/posts\/128166\/revisions\/128168"}],"wp:featuredmedia":[{"embeddable":true,"href":"https:\/\/www.elsindical.com.ar\/notas\/wp-json\/wp\/v2\/media\/128167"}],"wp:attachment":[{"href":"https:\/\/www.elsindical.com.ar\/notas\/wp-json\/wp\/v2\/media?parent=128166"}],"wp:term":[{"taxonomy":"category","embeddable":true,"href":"https:\/\/www.elsindical.com.ar\/notas\/wp-json\/wp\/v2\/categories?post=128166"},{"taxonomy":"post_tag","embeddable":true,"href":"https:\/\/www.elsindical.com.ar\/notas\/wp-json\/wp\/v2\/tags?post=128166"}],"curies":[{"name":"wp","href":"https:\/\/api.w.org\/{rel}","templated":true}]}}